{"id":26493,"date":"2025-12-21T13:39:13","date_gmt":"2025-12-21T16:39:13","guid":{"rendered":"https:\/\/www.jornaldaconstrucaocivil.com.br\/?p=26493"},"modified":"2025-12-21T13:39:13","modified_gmt":"2025-12-21T16:39:13","slug":"messe-muenchen-do-brasil-lanca-feira-itinerante-com-foco-em-demonstracao-ao-vivo-de-equipamentos","status":"publish","type":"post","link":"https:\/\/construcaocivil.siriusmarketingedesign.com.br\/?p=26493","title":{"rendered":"Messe Muenchen do Brasil lan\u00e7a feira itinerante, com foco em demonstra\u00e7\u00e3o ao vivo de equipamentos"},"content":{"rendered":"<p style=\"text-align: justify;\"><i>Primeira edi\u00e7\u00e3o da ARENA M&amp;T ser\u00e1 promovida em outubro de 2026, no Centro Multieventos, no munic\u00edpio de Fazenda Rio Grande, Paran\u00e1<\/i><\/p>\n<div>\n<p style=\"text-align: justify;\">Com foco em demonstra\u00e7\u00e3o ao vivo de equipamentos, a Messe Muenchen do Brasil est\u00e1 lan\u00e7ando a\u00a0<strong>ARENA M&amp;T<\/strong>, um evento itinerante e ao ar livre que levar\u00e1 para diferentes regi\u00f5es do pa\u00eds os equipamentos mais modernos e as principais solu\u00e7\u00f5es em componentes e servi\u00e7os para atender os setores de constru\u00e7\u00e3o, minera\u00e7\u00e3o, loca\u00e7\u00e3o, infraestrutura, agroneg\u00f3cio, florestal e obras urbanas, apresentando o dia a dia e os desafios da opera\u00e7\u00e3o com equipamentos, al\u00e9m dos benef\u00edcios, tecnologias e inova\u00e7\u00f5es de m\u00e1quinas para constru\u00e7\u00e3o e minera\u00e7\u00e3o, concreto e asfalto, e eleva\u00e7\u00e3o de cargas e pessoas. A primeira edi\u00e7\u00e3o da\u00a0<strong>ARENA M&amp;T<\/strong>\u00a0est\u00e1 marcada para acontecer entre os dias 21 e 23 de outubro de 2026, no Centro Multieventos, no munic\u00edpio paranaense Fazenda Rio Grande. O evento \u00e9 uma expans\u00e3o\u00a0<strong>da M&amp;T Expo \u2013 part of bauma NETWORK, principal feira de m\u00e1quinas e equipamentos para constru\u00e7\u00e3o e minera\u00e7\u00e3o da Am\u00e9rica Latina<\/strong>, que completou 30 anos em 2025.<\/p>\n<p style=\"text-align: justify;\"><em>\u201cCom as boas perspectivas para as obras de infraestrutura e do setor imobili\u00e1rio, bem como o constante crescimento dos segmentos de minera\u00e7\u00e3o, loca\u00e7\u00e3o, agroneg\u00f3cio e florestal, a demanda por m\u00e1quinas segue aquecida. Por isso, a ARENA M&amp;T\u00a0 oferece uma oportunidade \u00edmpar para que esses mercados possam conhecer de perto as diferentes fam\u00edlias de equipamentos, compreendendo sua tecnologia e produtividade, a fim de selecionarem a m\u00e1quina mais adequada \u00e0s suas necessidades\u201d<\/em>, explica\u00a0<strong>Rolf Pickert<\/strong>, CEO da Messe Muenchen do Brasil, promotora da feira, que tem o apoio institucional da Associa\u00e7\u00e3o Brasileira da Tecnologia e Gest\u00e3o de Equipamentos (<strong>Sobratema<\/strong>) e apoio da\u00a0<strong>Prefeitura de Fazenda Rio Grande<\/strong>\u00a0e co-realiza\u00e7\u00e3o da Companhia de Desenvolvimento de Fazenda Rio Grande (<strong>CODEF<\/strong>).<\/p>\n<p style=\"text-align: justify;\">O estado do Paran\u00e1 foi a regi\u00e3o escolhida para a primeira edi\u00e7\u00e3o pelos fortes investimentos em infraestrutura: mais de 25% de todo o investimento p\u00fablico do Paran\u00e1 em 2024 foi destinado \u00e0s rodovias, refor\u00e7ando a log\u00edstica e a integra\u00e7\u00e3o regional. Al\u00e9m disso, o estado \u00e9 respons\u00e1vel por 11,2% da produ\u00e7\u00e3o nacional de cimento, consolidando-se como um dos principais polos industriais do pa\u00eds, e neste ano, a produ\u00e7\u00e3o mineral bateu recorde e alcan\u00e7ou R$ 2,65 bilh\u00f5es.<\/p>\n<p style=\"text-align: justify;\">Em tr\u00eas dias, o p\u00fablico visitante poder\u00e1 acompanhar, por meio de arenas tem\u00e1ticas, as demonstra\u00e7\u00f5es reais de equipamentos em opera\u00e7\u00e3o, com destaque para o desempenho, vantagens competitivas e inova\u00e7\u00e3o. Cada arena ser\u00e1 destinada para um segmento. Em equipamentos para constru\u00e7\u00e3o e minera\u00e7\u00e3o estar\u00e3o m\u00e1quinas para movimenta\u00e7\u00e3o, compacta\u00e7\u00e3o,\u00a0terraplenagem, funda\u00e7\u00e3o, perfura\u00e7\u00e3o, britagem, demoli\u00e7\u00e3o entre outros.\u00a0No setor de concreto e asfalto, ser\u00e3o apresentados equipamentos para produ\u00e7\u00e3o, transporte e bombeamento como\u00a0centrais de concreto, usinas de asfalto, bombas, britadores, peneiras,\u00a0correias transportadoras, espargimento, compacta\u00e7\u00e3o de asfalto,\u00a0pavimenta\u00e7\u00e3o de rodovias, fresagem e reciclagem de pavimentos. A terceira arena ficar\u00e1 para as m\u00e1quinas de eleva\u00e7\u00e3o de cargas e pessoas.<strong>\u00a0<\/strong><\/p>\n<p style=\"text-align: justify;\">A ARENA M&amp;T ter\u00e1 ainda uma \u00e1rea destinada para o setor de componentes e servi\u00e7os e contar\u00e1 tamb\u00e9m com a exposi\u00e7\u00e3o de m\u00e1quinas seminovas, o que representa uma oportunidade para dealers e locadores ampliarem neg\u00f3cios e presen\u00e7a regional.<\/p>\n<p style=\"text-align: justify;\">Em termos de p\u00fablico, a expectativa \u00e9 receber construtoras, mineradoras, concession\u00e1rias, locadores e operadores de m\u00e1quinas, engenheiros, t\u00e9cnicos e profissionais respons\u00e1veis pelo planejamento, execu\u00e7\u00e3o e supervis\u00e3o de projetos de constru\u00e7\u00e3o, minera\u00e7\u00e3o e infraestrutura, representantes de ag\u00eancias reguladoras e \u00f3rg\u00e3os governamentais, e profissionais do agro, florestal, silvicultura e agroflorestal.<\/p>\n<p style=\"text-align: justify;\"><em>\u201cCada edi\u00e7\u00e3o da ARENA M&amp;T ser\u00e1 realizada em uma regi\u00e3o diferente, em anos que n\u00e3o ocorrerem a M&amp;T Expo \u2013 part of bauma NETWORK , com o objetivo de levar novidades a esses locais, que s\u00e3o polos econ\u00f4micos de crescimento, recebem investimentos significativos e para promover novas oportunidades de\u00a0ampliar conex\u00f5es, neg\u00f3cios e experi\u00eancias pr\u00e1ticas\u201d<\/em>, finaliza Pickert.<\/p>\n<p style=\"text-align: justify;\">Saiba mais sobre a ARENA M&amp;T:\u00a0<a href=\"https:\/\/arenamt.com.br\/\" target=\"_blank\" rel=\"noopener noreferrer\">arenamt.com.br<\/a><\/p>\n<p style=\"text-align: justify;\">\n<p style=\"text-align: justify;\"><strong>Servi\u00e7o<\/strong><\/p>\n<p style=\"text-align: justify;\"><strong>Data:<\/strong>\u00a021 a 23 de outubro de 2026<\/p>\n<p style=\"text-align: justify;\"><strong>Hor\u00e1rio:<\/strong>\u00a08h \u00e0s 18h<\/p>\n<p style=\"text-align: justify;\"><strong>Local:<\/strong>\u00a0Centro Multieventos, Fazenda Rio Grande, Paran\u00e1<\/p>\n<p style=\"text-align: justify;\"><strong>Informa\u00e7\u00f5es:\u00a0<\/strong><a href=\"https:\/\/arenamt.com.br\/\" target=\"_blank\" rel=\"noopener noreferrer\">arenamt.com.br<\/a><\/p>\n<\/div>\n","protected":false},"excerpt":{"rendered":"<p>Primeira edi\u00e7\u00e3o da ARENA M&amp;T ser\u00e1 promovida em outubro de 2026, no Centro Multieventos, no munic\u00edpio de Fazenda Rio Grande, Paran\u00e1 Com foco em demonstra\u00e7\u00e3o ao vivo de equipamentos, a Messe Muenchen do Brasil est\u00e1 lan\u00e7ando a\u00a0ARENA M&amp;T, um evento itinerante e ao ar livre que levar\u00e1 para diferentes regi\u00f5es do pa\u00eds os equipamentos mais [&hellip;]<\/p>\n","protected":false},"author":1,"featured_media":26494,"comment_status":"open","ping_status":"open","sticky":false,"template":"","format":"standard","meta":{"_uag_custom_page_level_css":"","footnotes":""},"categories":[32],"tags":[27991,2821,27990,7680,8638,8757],"class_list":["post-26493","post","type-post","status-publish","format-standard","has-post-thumbnail","hentry","category-maquinas-e-equipamentos","tag-arena-mt","tag-construcao","tag-fazenda-rio-grande","tag-mineracao","tag-parana","tag-pecas-e-servicos"],"blocksy_meta":[],"spectra_blocks_featured_image_url":{"thumbnail":{"url":"https:\/\/construcaocivil.siriusmarketingedesign.com.br\/wp-content\/uploads\/2025\/12\/IMG_20220418_1257142-150x150.jpg","width":150,"height":150},"medium":{"url":"https:\/\/construcaocivil.siriusmarketingedesign.com.br\/wp-content\/uploads\/2025\/12\/IMG_20220418_1257142-300x242.jpg","width":300,"height":242},"medium_large":{"url":"https:\/\/construcaocivil.siriusmarketingedesign.com.br\/wp-content\/uploads\/2025\/12\/IMG_20220418_1257142-768x621.jpg","width":768,"height":621},"large":{"url":"https:\/\/construcaocivil.siriusmarketingedesign.com.br\/wp-content\/uploads\/2025\/12\/IMG_20220418_1257142-1024x827.jpg","width":1024,"height":827},"full":{"url":"https:\/\/construcaocivil.siriusmarketingedesign.com.br\/wp-content\/uploads\/2025\/12\/IMG_20220418_1257142-scaled.jpg","width":2560,"height":2069}},"spectra_blocks_author_info":{"display_name":"Jornal da Constru\u00e7\u00e3o Civil","avatar_url":"https:\/\/secure.gravatar.com\/avatar\/973c9774fd44ddaceb026973c4962faa70fc512bc4c9da68e8ebb40fecee6540?s=96&d=mm&r=g","author_link":"https:\/\/construcaocivil.siriusmarketingedesign.com.br\/?author=1","description":"Desde de 2013, levando muitas informa\u00e7\u00f5es, lan\u00e7amentos e produtos de qualidade para toda cadeia produtiva da constru\u00e7\u00e3o. O Futuro da constru\u00e7\u00e3o passa por aqui,"},"uagb_featured_image_src":{"full":["https:\/\/construcaocivil.siriusmarketingedesign.com.br\/wp-content\/uploads\/2025\/12\/IMG_20220418_1257142-scaled.jpg",2560,2069,false],"thumbnail":["https:\/\/construcaocivil.siriusmarketingedesign.com.br\/wp-content\/uploads\/2025\/12\/IMG_20220418_1257142-150x150.jpg",150,150,true],"medium":["https:\/\/construcaocivil.siriusmarketingedesign.com.br\/wp-content\/uploads\/2025\/12\/IMG_20220418_1257142-300x242.jpg",300,242,true],"medium_large":["https:\/\/construcaocivil.siriusmarketingedesign.com.br\/wp-content\/uploads\/2025\/12\/IMG_20220418_1257142-768x621.jpg",768,621,true],"large":["https:\/\/construcaocivil.siriusmarketingedesign.com.br\/wp-content\/uploads\/2025\/12\/IMG_20220418_1257142-1024x827.jpg",1024,827,true],"1536x1536":["https:\/\/construcaocivil.siriusmarketingedesign.com.br\/wp-content\/uploads\/2025\/12\/IMG_20220418_1257142-1536x1241.jpg",1536,1241,true],"2048x2048":["https:\/\/construcaocivil.siriusmarketingedesign.com.br\/wp-content\/uploads\/2025\/12\/IMG_20220418_1257142-2048x1655.jpg",2048,1655,true]},"uagb_author_info":{"display_name":"Jornal da Constru\u00e7\u00e3o Civil","author_link":"https:\/\/construcaocivil.siriusmarketingedesign.com.br\/?author=1"},"uagb_comment_info":0,"uagb_excerpt":"Primeira edi\u00e7\u00e3o da ARENA M&amp;T ser\u00e1 promovida em outubro de 2026, no Centro Multieventos, no munic\u00edpio de Fazenda Rio Grande, Paran\u00e1 Com foco em demonstra\u00e7\u00e3o ao vivo de equipamentos, a Messe Muenchen do Brasil est\u00e1 lan\u00e7ando a\u00a0ARENA M&amp;T, um evento itinerante e ao ar livre que levar\u00e1 para diferentes regi\u00f5es do pa\u00eds os equipamentos mais&hellip;","_links":{"self":[{"href":"https:\/\/construcaocivil.siriusmarketingedesign.com.br\/index.php?rest_route=\/wp\/v2\/posts\/26493","targetHints":{"allow":["GET"]}}],"collection":[{"href":"https:\/\/construcaocivil.siriusmarketingedesign.com.br\/index.php?rest_route=\/wp\/v2\/posts"}],"about":[{"href":"https:\/\/construcaocivil.siriusmarketingedesign.com.br\/index.php?rest_route=\/wp\/v2\/types\/post"}],"author":[{"embeddable":true,"href":"https:\/\/construcaocivil.siriusmarketingedesign.com.br\/index.php?rest_route=\/wp\/v2\/users\/1"}],"replies":[{"embeddable":true,"href":"https:\/\/construcaocivil.siriusmarketingedesign.com.br\/index.php?rest_route=%2Fwp%2Fv2%2Fcomments&post=26493"}],"version-history":[{"count":0,"href":"https:\/\/construcaocivil.siriusmarketingedesign.com.br\/index.php?rest_route=\/wp\/v2\/posts\/26493\/revisions"}],"wp:featuredmedia":[{"embeddable":true,"href":"https:\/\/construcaocivil.siriusmarketingedesign.com.br\/index.php?rest_route=\/wp\/v2\/media\/26494"}],"wp:attachment":[{"href":"https:\/\/construcaocivil.siriusmarketingedesign.com.br\/index.php?rest_route=%2Fwp%2Fv2%2Fmedia&parent=26493"}],"wp:term":[{"taxonomy":"category","embeddable":true,"href":"https:\/\/construcaocivil.siriusmarketingedesign.com.br\/index.php?rest_route=%2Fwp%2Fv2%2Fcategories&post=26493"},{"taxonomy":"post_tag","embeddable":true,"href":"https:\/\/construcaocivil.siriusmarketingedesign.com.br\/index.php?rest_route=%2Fwp%2Fv2%2Ftags&post=26493"}],"curies":[{"name":"wp","href":"https:\/\/api.w.org\/{rel}","templated":true}]}}