{"id":265,"date":"2015-10-29T02:55:23","date_gmt":"2015-10-29T02:55:23","guid":{"rendered":"http:\/\/www.jornaldaconstrucaocivil.com.br\/?p=265"},"modified":"2015-10-29T02:55:23","modified_gmt":"2015-10-29T02:55:23","slug":"sinduscon-sp-fase-3-do-mcmv-pode-ser-propulsora-da-retomada-da-construcao","status":"publish","type":"post","link":"https:\/\/construcaocivil.siriusmarketingedesign.com.br\/?p=265","title":{"rendered":"SindusCon-SP: Fase 3 do MCMV pode ser propulsora da retomada da constru\u00e7\u00e3o"},"content":{"rendered":"<p><strong><span style=\"color: #000000;\"><em>Faixas 2 e 3 devem ter in\u00edcio em at\u00e9 30 dias. Faixas 1 e 1,5 somente em 2016<\/em><\/span><\/strong><\/p>\n<p><span style=\"color: #000000;\"><strong><br \/>\n<\/strong>O Conselho Curador do Fundo de Garantia por Tempo de Servi\u00e7o (FGTS) aprovou ontem (27) a eleva\u00e7\u00e3o do limite de pre\u00e7os para im\u00f3veis das faixas 2 e 3 que podem ser comprados dentro dos crit\u00e9rios da fase 3 do programa Minha Casa, Minha Vida.<\/span><\/p>\n<p><span style=\"color: #000000;\">Para as regi\u00f5es metropolitanas de S\u00e3o Paulo, Rio de Janeiro e Distrito Federal, o pre\u00e7o m\u00e1ximo dos im\u00f3veis do programa foi ajustado de R$ 190 mil para R$ 225 mil. Os valores n\u00e3o eram atualizados desde 2012.<\/span><\/p>\n<p><span style=\"color: #000000;\">Para o vice-presidente de Habita\u00e7\u00e3o Popular do SindusCon-SP, Ronaldo Cury, a decis\u00e3o poder\u00e1 ser propulsora da retomada da atividade na constru\u00e7\u00e3o. <em>\u201cN\u00e3o foi atendido tudo que o setor necessitava, mas reconhecemos o esfor\u00e7o da parte deles\u201d<\/em>, afirma.<\/span><\/p>\n<p>A entrada em vigor das faixas 2 e 3 do MCMV 3 s\u00e3o esperadas para ter in\u00edcio em at\u00e9 30 dias. J\u00e1 as faixas 1 e 1,5 apenas para o in\u00edcio de 2016. <em>\u201cH\u00e1 um compromisso moral do governo em tentar agilizar o m\u00e1ximo poss\u00edvel\u201d<\/em>, finaliza.<\/p>\n<p><span style=\"color: #000000;\"><strong>Regi\u00f5es metropolitanas<\/strong><\/span><\/p>\n<p><span style=\"color: #000000;\">Nas regi\u00f5es metropolitanas do Centro-Oeste, Norte e Nordeste, o valor m\u00e1ximo passou a ser de R$ 180 mil. Para as regi\u00f5es metropolitanas dos estados do Sul, al\u00e9m de Minas Gerais e do Esp\u00edrito Santo, o limite passou para R$ 200 mil.<\/span><\/p>\n<p>Para os munic\u00edpios abaixo de 20 mil habitantes, o teto passa a ser de R$ 90 mil.<\/p>\n<p><span style=\"color: #000000;\"><strong>Sobre o SindusCon-SP<\/strong><\/span><\/p>\n<p><span style=\"color: #000000;\">O Sindicato da Ind\u00fastria da Constru\u00e7\u00e3o Civil do Estado de S\u00e3o Paulo (SindusCon-SP) \u00e9 a maior associa\u00e7\u00e3o de empresas do setor na Am\u00e9rica Latina. Congrega e representa 650 construtoras associadas e 15 mil filiadas em todo o estado. A constru\u00e7\u00e3o paulista representa 34% da constru\u00e7\u00e3o brasileira, que por sua vez equivale a 5,5% do Produto Interno Bruto do Brasil.<\/span><\/p>\n<p><span style=\"color: #993300;\">Fonte: assessoria de Imprensa &#8211; Sinduscon-SP<\/span><\/p>\n<p>&nbsp;<\/p>\n<p>&nbsp;<\/p>\n","protected":false},"excerpt":{"rendered":"<p>Faixas 2 e 3 devem ter in\u00edcio em at\u00e9 30 dias. Faixas 1 e 1,5 somente em 2016 O Conselho Curador do Fundo de Garantia por Tempo de Servi\u00e7o (FGTS) aprovou ontem (27) a eleva\u00e7\u00e3o do limite de pre\u00e7os para im\u00f3veis das faixas 2 e 3 que podem ser comprados dentro dos crit\u00e9rios da fase [&hellip;]<\/p>\n","protected":false},"author":1,"featured_media":0,"comment_status":"open","ping_status":"open","sticky":false,"template":"","format":"quote","meta":{"_uag_custom_page_level_css":"","footnotes":""},"categories":[31],"tags":[4834,7692,11168],"class_list":["post-265","post","type-post","status-publish","format-quote","hentry","category-infraestrutura","tag-faixas-2-e-3","tag-minha-casa-minha-vida","tag-sinduscon-sp","post_format-post-format-quote"],"blocksy_meta":[],"spectra_blocks_featured_image_url":null,"spectra_blocks_author_info":{"display_name":"Jornal da Constru\u00e7\u00e3o Civil","avatar_url":"https:\/\/secure.gravatar.com\/avatar\/973c9774fd44ddaceb026973c4962faa70fc512bc4c9da68e8ebb40fecee6540?s=96&d=mm&r=g","author_link":"https:\/\/construcaocivil.siriusmarketingedesign.com.br\/?author=1","description":"Desde de 2013, levando muitas informa\u00e7\u00f5es, lan\u00e7amentos e produtos de qualidade para toda cadeia produtiva da constru\u00e7\u00e3o. O Futuro da constru\u00e7\u00e3o passa por aqui,"},"uagb_featured_image_src":{"full":false,"thumbnail":false,"medium":false,"medium_large":false,"large":false,"1536x1536":false,"2048x2048":false},"uagb_author_info":{"display_name":"Jornal da Constru\u00e7\u00e3o Civil","author_link":"https:\/\/construcaocivil.siriusmarketingedesign.com.br\/?author=1"},"uagb_comment_info":0,"uagb_excerpt":"Faixas 2 e 3 devem ter in\u00edcio em at\u00e9 30 dias. Faixas 1 e 1,5 somente em 2016 O Conselho Curador do Fundo de Garantia por Tempo de Servi\u00e7o (FGTS) aprovou ontem (27) a eleva\u00e7\u00e3o do limite de pre\u00e7os para im\u00f3veis das faixas 2 e 3 que podem ser comprados dentro dos crit\u00e9rios da fase&hellip;","_links":{"self":[{"href":"https:\/\/construcaocivil.siriusmarketingedesign.com.br\/index.php?rest_route=\/wp\/v2\/posts\/265","targetHints":{"allow":["GET"]}}],"collection":[{"href":"https:\/\/construcaocivil.siriusmarketingedesign.com.br\/index.php?rest_route=\/wp\/v2\/posts"}],"about":[{"href":"https:\/\/construcaocivil.siriusmarketingedesign.com.br\/index.php?rest_route=\/wp\/v2\/types\/post"}],"author":[{"embeddable":true,"href":"https:\/\/construcaocivil.siriusmarketingedesign.com.br\/index.php?rest_route=\/wp\/v2\/users\/1"}],"replies":[{"embeddable":true,"href":"https:\/\/construcaocivil.siriusmarketingedesign.com.br\/index.php?rest_route=%2Fwp%2Fv2%2Fcomments&post=265"}],"version-history":[{"count":0,"href":"https:\/\/construcaocivil.siriusmarketingedesign.com.br\/index.php?rest_route=\/wp\/v2\/posts\/265\/revisions"}],"wp:attachment":[{"href":"https:\/\/construcaocivil.siriusmarketingedesign.com.br\/index.php?rest_route=%2Fwp%2Fv2%2Fmedia&parent=265"}],"wp:term":[{"taxonomy":"category","embeddable":true,"href":"https:\/\/construcaocivil.siriusmarketingedesign.com.br\/index.php?rest_route=%2Fwp%2Fv2%2Fcategories&post=265"},{"taxonomy":"post_tag","embeddable":true,"href":"https:\/\/construcaocivil.siriusmarketingedesign.com.br\/index.php?rest_route=%2Fwp%2Fv2%2Ftags&post=265"}],"curies":[{"name":"wp","href":"https:\/\/api.w.org\/{rel}","templated":true}]}}