{"id":26523,"date":"2025-12-26T00:39:02","date_gmt":"2025-12-26T03:39:02","guid":{"rendered":"https:\/\/www.jornaldaconstrucaocivil.com.br\/?p=26523"},"modified":"2025-12-26T00:39:02","modified_gmt":"2025-12-26T03:39:02","slug":"cantor-joao-gomes-reclama-do-pensamento-quadrado-dos-arquitetos-brasileiros-que-recusam-o-projeto-da-sua-casa-de-sertao","status":"publish","type":"post","link":"https:\/\/construcaocivil.siriusmarketingedesign.com.br\/?p=26523","title":{"rendered":"Cantor Jo\u00e3o  Gomes reclama do pensamento QUADRADO dos arquitetos brasileiros que recusam o projeto da sua casa de sert\u00e3o"},"content":{"rendered":"<p><em>Por Paulo Lacerda<\/em><\/p>\n<p style=\"text-align: justify;\">Dezembro, 2025 &#8211; Apesar do Brasil possuir um grande arquiteto com reconhecimento e referencia mundial, <em>Oscar Niemeyer, projetista e criador de Bras\u00edlia, no pa\u00eds da exuber\u00e2ncia e diversidade cultural, diversas gera\u00e7\u00e3o de designers e arquitetos se recusam\u00a0 a incluir elementos da cultura nacional nos seus projetos arquitet\u00f4nicos no dia a dia ou seja preferem op\u00e7\u00f5es QUADRADAS, sem a ess\u00eancia principal da arquitetura, que \u00e9 CRIAR.\u00a0\u00a0<\/em><\/p>\n<p style=\"text-align: justify;\">Nestes \u00faltimos dias quentes de 2025, o cantor pernambucano Jo\u00e3o\u00a0 Gomes, muito popular e admirado por milh\u00f5es de brasileiros por cantar m\u00fasicas populares e passar um jeito simples e modesto, t\u00edpico de quem \u00e9 natural do Sert\u00e3o Nordestino brasileiro, se envolveu numa discuss\u00e3o arquitet\u00f4nica em decorr\u00eancia da sua necessidade de morar numa nova casa que represente seu desejo, de uma resid\u00eancia <em>r\u00fastico e tradicional do sert\u00e3o chamada<\/em>: <em><strong>\u00a0&#8220;casar\u00e3o de sert\u00e3o&#8221; com alpendre (varanda). <\/strong><\/em><\/p>\n<p style=\"text-align: justify;\">A casa que seria constru\u00edda dentro de um condom\u00ednio de luxo em Pernambuco, padr\u00e3o &#8220;Padr\u00e3o Alphaville&#8221; seguindo modelos de casas toda gourmetizada. De acordo com Jo\u00e3o Gomes, os arquitetos apresentaram propostas modernas, entretanto, ele descreveu como<strong> &#8220;casas quadradas&#8221;<\/strong> ou<strong> &#8220;estilo cl\u00ednica&#8221;,<\/strong> que n\u00e3o tinham a personalidade ou a &#8220;<strong>brasilidade<\/strong>&#8221; que ele procurava.<\/p>\n<p style=\"text-align: justify;\">Em suma, por falta de sintonia uma parte da arquitetura nacional com o Brasil real, o cantor do sert\u00e3o, multimilion\u00e1rio Jo\u00e3o Gomes, ainda n\u00e3o conseguiu sua t\u00e3o sonhada casa\u00a0 raiz.<\/p>\n<p style=\"text-align: justify;\">\n","protected":false},"excerpt":{"rendered":"<p>Por Paulo Lacerda Dezembro, 2025 &#8211; Apesar do Brasil possuir um grande arquiteto com reconhecimento e referencia mundial, Oscar Niemeyer, projetista e criador de Bras\u00edlia, no pa\u00eds da exuber\u00e2ncia e diversidade cultural, diversas gera\u00e7\u00e3o de designers e arquitetos se recusam\u00a0 a incluir elementos da cultura nacional nos seus projetos arquitet\u00f4nicos no dia a dia ou [&hellip;]<\/p>\n","protected":false},"author":1,"featured_media":26524,"comment_status":"open","ping_status":"open","sticky":false,"template":"","format":"standard","meta":{"_uag_custom_page_level_css":"","footnotes":""},"categories":[28],"tags":[28010,28007,28012,28008,28011,28009,8828],"class_list":["post-26523","post","type-post","status-publish","format-standard","has-post-thumbnail","hentry","category-arquitetura","tag-cantor-joao-gomes","tag-casa-do-sertao","tag-casa-e-desejo","tag-casas-quadradas","tag-cultura-brasileira","tag-designer-e-arquitetos","tag-pernambuco"],"blocksy_meta":[],"spectra_blocks_featured_image_url":{"thumbnail":{"url":"https:\/\/construcaocivil.siriusmarketingedesign.com.br\/wp-content\/uploads\/2025\/12\/download-150x150.jpg","width":150,"height":150},"medium":{"url":"https:\/\/construcaocivil.siriusmarketingedesign.com.br\/wp-content\/uploads\/2025\/12\/download.jpg","width":299,"height":168},"medium_large":{"url":"https:\/\/construcaocivil.siriusmarketingedesign.com.br\/wp-content\/uploads\/2025\/12\/download.jpg","width":299,"height":168},"large":{"url":"https:\/\/construcaocivil.siriusmarketingedesign.com.br\/wp-content\/uploads\/2025\/12\/download.jpg","width":299,"height":168},"full":{"url":"https:\/\/construcaocivil.siriusmarketingedesign.com.br\/wp-content\/uploads\/2025\/12\/download.jpg","width":299,"height":168}},"spectra_blocks_author_info":{"display_name":"Jornal da Constru\u00e7\u00e3o Civil","avatar_url":"https:\/\/secure.gravatar.com\/avatar\/973c9774fd44ddaceb026973c4962faa70fc512bc4c9da68e8ebb40fecee6540?s=96&d=mm&r=g","author_link":"https:\/\/construcaocivil.siriusmarketingedesign.com.br\/?author=1","description":"Desde de 2013, levando muitas informa\u00e7\u00f5es, lan\u00e7amentos e produtos de qualidade para toda cadeia produtiva da constru\u00e7\u00e3o. O Futuro da constru\u00e7\u00e3o passa por aqui,"},"uagb_featured_image_src":{"full":["https:\/\/construcaocivil.siriusmarketingedesign.com.br\/wp-content\/uploads\/2025\/12\/download.jpg",299,168,false],"thumbnail":["https:\/\/construcaocivil.siriusmarketingedesign.com.br\/wp-content\/uploads\/2025\/12\/download-150x150.jpg",150,150,true],"medium":["https:\/\/construcaocivil.siriusmarketingedesign.com.br\/wp-content\/uploads\/2025\/12\/download.jpg",299,168,false],"medium_large":["https:\/\/construcaocivil.siriusmarketingedesign.com.br\/wp-content\/uploads\/2025\/12\/download.jpg",299,168,false],"large":["https:\/\/construcaocivil.siriusmarketingedesign.com.br\/wp-content\/uploads\/2025\/12\/download.jpg",299,168,false],"1536x1536":["https:\/\/construcaocivil.siriusmarketingedesign.com.br\/wp-content\/uploads\/2025\/12\/download.jpg",299,168,false],"2048x2048":["https:\/\/construcaocivil.siriusmarketingedesign.com.br\/wp-content\/uploads\/2025\/12\/download.jpg",299,168,false]},"uagb_author_info":{"display_name":"Jornal da Constru\u00e7\u00e3o Civil","author_link":"https:\/\/construcaocivil.siriusmarketingedesign.com.br\/?author=1"},"uagb_comment_info":0,"uagb_excerpt":"Por Paulo Lacerda Dezembro, 2025 &#8211; Apesar do Brasil possuir um grande arquiteto com reconhecimento e referencia mundial, Oscar Niemeyer, projetista e criador de Bras\u00edlia, no pa\u00eds da exuber\u00e2ncia e diversidade cultural, diversas gera\u00e7\u00e3o de designers e arquitetos se recusam\u00a0 a incluir elementos da cultura nacional nos seus projetos arquitet\u00f4nicos no dia a dia ou&hellip;","_links":{"self":[{"href":"https:\/\/construcaocivil.siriusmarketingedesign.com.br\/index.php?rest_route=\/wp\/v2\/posts\/26523","targetHints":{"allow":["GET"]}}],"collection":[{"href":"https:\/\/construcaocivil.siriusmarketingedesign.com.br\/index.php?rest_route=\/wp\/v2\/posts"}],"about":[{"href":"https:\/\/construcaocivil.siriusmarketingedesign.com.br\/index.php?rest_route=\/wp\/v2\/types\/post"}],"author":[{"embeddable":true,"href":"https:\/\/construcaocivil.siriusmarketingedesign.com.br\/index.php?rest_route=\/wp\/v2\/users\/1"}],"replies":[{"embeddable":true,"href":"https:\/\/construcaocivil.siriusmarketingedesign.com.br\/index.php?rest_route=%2Fwp%2Fv2%2Fcomments&post=26523"}],"version-history":[{"count":0,"href":"https:\/\/construcaocivil.siriusmarketingedesign.com.br\/index.php?rest_route=\/wp\/v2\/posts\/26523\/revisions"}],"wp:featuredmedia":[{"embeddable":true,"href":"https:\/\/construcaocivil.siriusmarketingedesign.com.br\/index.php?rest_route=\/wp\/v2\/media\/26524"}],"wp:attachment":[{"href":"https:\/\/construcaocivil.siriusmarketingedesign.com.br\/index.php?rest_route=%2Fwp%2Fv2%2Fmedia&parent=26523"}],"wp:term":[{"taxonomy":"category","embeddable":true,"href":"https:\/\/construcaocivil.siriusmarketingedesign.com.br\/index.php?rest_route=%2Fwp%2Fv2%2Fcategories&post=26523"},{"taxonomy":"post_tag","embeddable":true,"href":"https:\/\/construcaocivil.siriusmarketingedesign.com.br\/index.php?rest_route=%2Fwp%2Fv2%2Ftags&post=26523"}],"curies":[{"name":"wp","href":"https:\/\/api.w.org\/{rel}","templated":true}]}}