{"id":26533,"date":"2025-12-30T18:28:48","date_gmt":"2025-12-30T21:28:48","guid":{"rendered":"https:\/\/www.jornaldaconstrucaocivil.com.br\/?p=26533"},"modified":"2025-12-30T18:28:48","modified_gmt":"2025-12-30T21:28:48","slug":"fiscalizacao-do-crea-rj-presente-no-reveillon-de-copacabana","status":"publish","type":"post","link":"https:\/\/construcaocivil.siriusmarketingedesign.com.br\/?p=26533","title":{"rendered":"Fiscaliza\u00e7\u00e3o do Crea-RJ presente no R\u00e9veillon de Copacabana"},"content":{"rendered":"<p style=\"text-align: justify;\">Dezembro, 2025- Na contagem regressiva para o R\u00e9veillon da Praia de Copacabana, considerado o maior do planeta pelo Livro de Recordes de 2025, a Fiscaliza\u00e7\u00e3o do CREA-RJ est\u00e1 presente para garantir que as obras e servi\u00e7os sejam feitos por profissionais habilitados.\n<\/p>\n<p style=\"text-align: justify;\">Na segunda-feira (29), os agentes de fiscaliza\u00e7\u00e3o Pedro Paulo Ghenov e Andrea Rabello, e o supervisor de fiscaliza\u00e7\u00e3o Leonardo Bride, acompanhados da inspetora Sabrina Lins, fizeram uma a\u00e7\u00e3o de fiscaliza\u00e7\u00e3o nas obras das estruturas dos shows na Praia de Copacabana.<\/p>\n<p style=\"text-align: justify;\">&#8220;Mais uma vez o CREA-RJ presente nesta que \u00e9 uma das maiores festas de R\u00e9veillon do planeta, aqui para fiscalizar o exerc\u00edcio profissional e garantir que tenham profissionais habilitados como respons\u00e1veis t\u00e9cnicos pelas obras&#8221;, afirma o agente de fiscaliza\u00e7\u00e3o Pedro Paulo Ghenov.<\/p>\n<p style=\"text-align: justify;\">\n<p style=\"text-align: justify;\">Por tr\u00e1s da grandiosa festa, h\u00e1 muita Engenharia. Para se ter uma ideia, o Palco Rio, localizado em frente ao Hotel Copacabana Palace, tem uma estrutura de 25 metros de altura e ocupa uma \u00e1rea de 1.700 metros quadrados, sustentada por 50 mil metros de ferro tubular.<\/p>\n<p style=\"text-align: justify;\">\n<p style=\"text-align: justify;\">&#8220;Aqui neste grande evento \u00e9 onde todos os ramos da Engenharia se encontram. Est\u00e3o presentes a Engenharia Civil, a El\u00e9trica, a Mec\u00e2nica, entre outras. Todas presentes com muita responsabilidade e capacidade t\u00e9cnica&#8221;, analisa a agente de fiscaliza\u00e7\u00e3o Andrea Rabello.<\/p>\n<p style=\"text-align: justify;\">\n<p style=\"text-align: justify;\">Com 700 metros quadrados de pain\u00e9is de LED, o palco receber\u00e1 shows de Gilberto Gil, tendo Ney Matogrosso como convidado especial; Jo\u00e3o Gomes com participa\u00e7\u00e3o de Iza; Alcione e Belo; e Alok, entre outras atra\u00e7\u00f5es.<\/p>\n<p style=\"text-align: justify;\">\n<p style=\"text-align: justify;\">A cenografia \u00e9 inspirada nas cores e formas do pintor holand\u00eas Mondrian, criada por Abel Gomes, vice-presidente de cria\u00e7\u00e3o da SRCOM, empresa respons\u00e1vel pelo R\u00e9veillon no Rio.<\/p>\n<p style=\"text-align: justify;\">\n<p style=\"text-align: justify;\">Ao todo, nos tr\u00eas palcos juntos, ser\u00e3o colocados 1200 refletores, 500 caixas de som e oito pares de torres de luz. Ser\u00e3o usados 32 geradores e 114 cont\u00eaineres para dar suporte log\u00edstico \u00e0 opera\u00e7\u00e3o.<\/p>\n<p style=\"text-align: justify;\">O impacto econ\u00f4mico do R\u00e9veillon estimado para a cidade \u00e9 de R$3,3 bilh\u00f5es, com a gera\u00e7\u00e3o de 50 mil empregos diretos e indiretos.<\/p>\n<p style=\"text-align: justify;\">\n<p style=\"text-align: justify;\">Espet\u00e1culo Pirot\u00e9cnico e Show de Luzes<\/p>\n<p style=\"text-align: justify;\">\n<p style=\"text-align: justify;\">Dezenove balsas ao longo do mar de Copacabana abrigam cerca de 14 toneladas de fogos, que v\u00e3o proporcionar 12 minutos do maior espet\u00e1culo pirot\u00e9cnico j\u00e1 realizado no Rio. O p\u00fablico ver\u00e1 novas dimens\u00f5es visuais, com mais tecnologia, desenhos in\u00e9ditos e um show de luzes com 1200 drones que simboliza a chegada do futuro.<\/p>\n<p style=\"text-align: justify;\">\n<p style=\"text-align: justify;\">&#8220;Do ponto de vista institucional \u00e9 muito importante a presen\u00e7a do CREA-RJ neste grande evento, mostrando que ele est\u00e1 ao lado do profissional, e em prol da sociedade&#8221;, concluiu a inspetora do CREA-RJ, Sabrina Lins.<\/p>\n<p style=\"text-align: justify;\">\n<p style=\"text-align: justify;\"><strong>O R\u00e9veillon de Copacabana em n\u00fameros<\/strong><\/p>\n<p style=\"text-align: justify;\">\n<p style=\"text-align: justify;\">2,5 milh\u00f5es de pessoas \u00e9 o p\u00fablico estimado<\/p>\n<p style=\"text-align: justify;\">3,3 bilh\u00f5es de reais de impacto econ\u00f4mico para a cidade<\/p>\n<p style=\"text-align: justify;\">19 balsas distribu\u00eddas ao longo da orla<\/p>\n<p style=\"text-align: justify;\">14 toneladas de fogos de artif\u00edcio<\/p>\n<p style=\"text-align: justify;\">12 minutos de espet\u00e1culo pirot\u00e9cnico no c\u00e9u<\/p>\n<p style=\"text-align: justify;\">3 palcos musicais<\/p>\n<p style=\"text-align: justify;\">18 shows<\/p>\n<p style=\"text-align: justify;\">20 torres de som<\/p>\n<p style=\"text-align: justify;\">1.200 drones apresentam show de luzes<\/p>\n<p style=\"text-align: justify;\">\n<p style=\"text-align: justify;\"><strong>Programa\u00e7\u00e3o<\/strong><\/p>\n<p style=\"text-align: justify;\">\n<p style=\"text-align: justify;\"><strong>PALCO RIO (Copacabana Palace):<\/strong><\/p>\n<p style=\"text-align: justify;\">18h \u00e0s 3h \u2013 DJ Cady<\/p>\n<p style=\"text-align: justify;\">20h \u2013 Gilberto Gil + Ney Matogrosso (convidado especial)<\/p>\n<p style=\"text-align: justify;\">22h30 \u2013 Belo + Alcione<\/p>\n<p style=\"text-align: justify;\">00h12 \u2013 Jo\u00e3o Gomes + Iza (convidada especial)<\/p>\n<p style=\"text-align: justify;\">01h40 \u2013 Alok<\/p>\n<p style=\"text-align: justify;\">03h30 \u2013 G.R.E.S. Beija Flor\n<\/p>\n<p style=\"text-align: justify;\"><strong>\u2060PALCO SAMBA (Posto 6):<\/strong><\/p>\n<p style=\"text-align: justify;\">18h \u00e0s 3h \u2013 DJ Tamy<\/p>\n<p style=\"text-align: justify;\">20h \u2013 Roberta S\u00e1<\/p>\n<p style=\"text-align: justify;\">22h \u2013 Mart&#8217;n\u00e1lia<\/p>\n<p style=\"text-align: justify;\">00h12 \u2013 Diogo Nogueira<\/p>\n<p style=\"text-align: justify;\">01h40 \u2013 Feyj\u00e3o convida Bloco da Preta<\/p>\n<p style=\"text-align: justify;\">03h30 \u2013 G.R.E.S. Grande Rio\n<\/p>\n<p style=\"text-align: justify;\"><strong>PALCO GOSPEL \u2013 LEME:<\/strong><\/p>\n<p style=\"text-align: justify;\">19h \u00e0s 01h30 \u2013 DJ Marcelo Ara\u00fajo<\/p>\n<p style=\"text-align: justify;\">19h20 \u2013 Midian Lima<\/p>\n<p style=\"text-align: justify;\">20h45 \u2013 Samuel Messias<\/p>\n<p style=\"text-align: justify;\">22h15 \u2013 Thalles Roberto<\/p>\n<p style=\"text-align: justify;\">00h12 \u2013 Grupo Marcados<\/p>\n","protected":false},"excerpt":{"rendered":"<p>Dezembro, 2025- Na contagem regressiva para o R\u00e9veillon da Praia de Copacabana, considerado o maior do planeta pelo Livro de Recordes de 2025, a Fiscaliza\u00e7\u00e3o do CREA-RJ est\u00e1 presente para garantir que as obras e servi\u00e7os sejam feitos por profissionais habilitados. Na segunda-feira (29), os agentes de fiscaliza\u00e7\u00e3o Pedro Paulo Ghenov e Andrea Rabello, e [&hellip;]<\/p>\n","protected":false},"author":1,"featured_media":26534,"comment_status":"open","ping_status":"open","sticky":false,"template":"","format":"standard","meta":{"_uag_custom_page_level_css":"","footnotes":""},"categories":[31],"tags":[3143,28017,28018,10375],"class_list":["post-26533","post","type-post","status-publish","format-standard","has-post-thumbnail","hentry","category-infraestrutura","tag-crea-rj","tag-gilberto-gil","tag-reveillon-de-copacabana","tag-rio-de-janeiro"],"blocksy_meta":[],"spectra_blocks_featured_image_url":{"thumbnail":{"url":"https:\/\/construcaocivil.siriusmarketingedesign.com.br\/wp-content\/uploads\/2025\/12\/COPA-CREA-150x150.jpg","width":150,"height":150},"medium":{"url":"https:\/\/construcaocivil.siriusmarketingedesign.com.br\/wp-content\/uploads\/2025\/12\/COPA-CREA-169x300.jpg","width":169,"height":300},"medium_large":{"url":"https:\/\/construcaocivil.siriusmarketingedesign.com.br\/wp-content\/uploads\/2025\/12\/COPA-CREA.jpg","width":480,"height":853},"large":{"url":"https:\/\/construcaocivil.siriusmarketingedesign.com.br\/wp-content\/uploads\/2025\/12\/COPA-CREA.jpg","width":480,"height":853},"full":{"url":"https:\/\/construcaocivil.siriusmarketingedesign.com.br\/wp-content\/uploads\/2025\/12\/COPA-CREA.jpg","width":480,"height":853}},"spectra_blocks_author_info":{"display_name":"Jornal da Constru\u00e7\u00e3o Civil","avatar_url":"https:\/\/secure.gravatar.com\/avatar\/973c9774fd44ddaceb026973c4962faa70fc512bc4c9da68e8ebb40fecee6540?s=96&d=mm&r=g","author_link":"https:\/\/construcaocivil.siriusmarketingedesign.com.br\/?author=1","description":"Desde de 2013, levando muitas informa\u00e7\u00f5es, lan\u00e7amentos e produtos de qualidade para toda cadeia produtiva da constru\u00e7\u00e3o. O Futuro da constru\u00e7\u00e3o passa por aqui,"},"uagb_featured_image_src":{"full":["https:\/\/construcaocivil.siriusmarketingedesign.com.br\/wp-content\/uploads\/2025\/12\/COPA-CREA.jpg",480,853,false],"thumbnail":["https:\/\/construcaocivil.siriusmarketingedesign.com.br\/wp-content\/uploads\/2025\/12\/COPA-CREA-150x150.jpg",150,150,true],"medium":["https:\/\/construcaocivil.siriusmarketingedesign.com.br\/wp-content\/uploads\/2025\/12\/COPA-CREA-169x300.jpg",169,300,true],"medium_large":["https:\/\/construcaocivil.siriusmarketingedesign.com.br\/wp-content\/uploads\/2025\/12\/COPA-CREA.jpg",480,853,false],"large":["https:\/\/construcaocivil.siriusmarketingedesign.com.br\/wp-content\/uploads\/2025\/12\/COPA-CREA.jpg",480,853,false],"1536x1536":["https:\/\/construcaocivil.siriusmarketingedesign.com.br\/wp-content\/uploads\/2025\/12\/COPA-CREA.jpg",480,853,false],"2048x2048":["https:\/\/construcaocivil.siriusmarketingedesign.com.br\/wp-content\/uploads\/2025\/12\/COPA-CREA.jpg",480,853,false]},"uagb_author_info":{"display_name":"Jornal da Constru\u00e7\u00e3o Civil","author_link":"https:\/\/construcaocivil.siriusmarketingedesign.com.br\/?author=1"},"uagb_comment_info":0,"uagb_excerpt":"Dezembro, 2025- Na contagem regressiva para o R\u00e9veillon da Praia de Copacabana, considerado o maior do planeta pelo Livro de Recordes de 2025, a Fiscaliza\u00e7\u00e3o do CREA-RJ est\u00e1 presente para garantir que as obras e servi\u00e7os sejam feitos por profissionais habilitados. Na segunda-feira (29), os agentes de fiscaliza\u00e7\u00e3o Pedro Paulo Ghenov e Andrea Rabello, e&hellip;","_links":{"self":[{"href":"https:\/\/construcaocivil.siriusmarketingedesign.com.br\/index.php?rest_route=\/wp\/v2\/posts\/26533","targetHints":{"allow":["GET"]}}],"collection":[{"href":"https:\/\/construcaocivil.siriusmarketingedesign.com.br\/index.php?rest_route=\/wp\/v2\/posts"}],"about":[{"href":"https:\/\/construcaocivil.siriusmarketingedesign.com.br\/index.php?rest_route=\/wp\/v2\/types\/post"}],"author":[{"embeddable":true,"href":"https:\/\/construcaocivil.siriusmarketingedesign.com.br\/index.php?rest_route=\/wp\/v2\/users\/1"}],"replies":[{"embeddable":true,"href":"https:\/\/construcaocivil.siriusmarketingedesign.com.br\/index.php?rest_route=%2Fwp%2Fv2%2Fcomments&post=26533"}],"version-history":[{"count":0,"href":"https:\/\/construcaocivil.siriusmarketingedesign.com.br\/index.php?rest_route=\/wp\/v2\/posts\/26533\/revisions"}],"wp:featuredmedia":[{"embeddable":true,"href":"https:\/\/construcaocivil.siriusmarketingedesign.com.br\/index.php?rest_route=\/wp\/v2\/media\/26534"}],"wp:attachment":[{"href":"https:\/\/construcaocivil.siriusmarketingedesign.com.br\/index.php?rest_route=%2Fwp%2Fv2%2Fmedia&parent=26533"}],"wp:term":[{"taxonomy":"category","embeddable":true,"href":"https:\/\/construcaocivil.siriusmarketingedesign.com.br\/index.php?rest_route=%2Fwp%2Fv2%2Fcategories&post=26533"},{"taxonomy":"post_tag","embeddable":true,"href":"https:\/\/construcaocivil.siriusmarketingedesign.com.br\/index.php?rest_route=%2Fwp%2Fv2%2Ftags&post=26533"}],"curies":[{"name":"wp","href":"https:\/\/api.w.org\/{rel}","templated":true}]}}