{"id":2659,"date":"2016-07-18T19:34:58","date_gmt":"2016-07-18T19:34:58","guid":{"rendered":"http:\/\/www.jornaldaconstrucaocivil.com.br\/?p=2659"},"modified":"2016-07-18T19:34:58","modified_gmt":"2016-07-18T19:34:58","slug":"gattai-oferece-produtos-exclusivos-no-bota-fora-dd","status":"publish","type":"post","link":"https:\/\/construcaocivil.siriusmarketingedesign.com.br\/?p=2659","title":{"rendered":"Gattai oferece produtos exclusivos no \u201cBota Fora D&#038;D\u201d"},"content":{"rendered":"<p><span style=\"color: #000080;\"><strong>Nova temporada abre para o p\u00fablico dia 21 de julho<\/strong><\/span><\/p>\n<p><span style=\"color: #000000;\"><span style=\"color: #800080;\">S\u00e3o Paulo, julho de 2016<\/span> \u2013 A Gattai que est\u00e1 no mercado h\u00e1 mais de tr\u00eas d\u00e9cadas, tornou-se refer\u00eancia em Constru\u00e7\u00e3o em A\u00e7o em parceria com os principais arquitetos e decoradores do pa\u00eds, al\u00e9m de participar h\u00e1 13 anos da Casa Cor S\u00e3o Paulo. Com isto, este ano comemora a conquista do primeiro projeto com espa\u00e7o de estrutura met\u00e1lica dentro de um shopping no Brasil. A boutique do a\u00e7o estar\u00e1 presente na temporada do \u201cBota-Fora D&amp;D Shopping\u201d do shopping especializado em decora\u00e7\u00e3o e design que abre as portas dos dias 21\/07 \u00e0 21\/08, para a edi\u00e7\u00e3o deste ano.<\/span><\/p>\n<p><span style=\"color: #000000;\">\u201cFicamos muito felizes em participar, pela segunda vez, deste grande evento do D&amp;D Shopping. Queremos marcar de vez o nome da Gattai no segmento da decora\u00e7\u00e3o e design e oferecer o nosso melhor da boutique do a\u00e7o, para os nossos clientes\u201d, afirma Antonio Gattai, s\u00f3cio-diretor da Gattai Estruturas em A\u00e7o.&#8221;<\/span><\/p>\n<p><span style=\"color: #000000;\">Para o \u201cBota-Fora do D&amp;D Shopping\u201d deste ano, a Gattai apresenta sua linha corten-wood com os bancos &#8220;country&#8221; e &#8220;delta&#8221; que mesclam a beleza do a\u00e7o corten naturacor com a madeira reciclada. Apresentar\u00e1 tamb\u00e9m o cachepot &#8220;diamond&#8221; e a mesa de apoio &#8220;rubi&#8221;, ambas pe\u00e7as com a beleza do a\u00e7o corten naturacor. Al\u00e9m de conhecer o espa\u00e7o, o p\u00fablico que for prestigiar a boutique do a\u00e7o, poder\u00e1 ter at\u00e9 50% de desconto na contrata\u00e7\u00e3o dos projetos em estruturas met\u00e1licas.<\/span><\/p>\n<p><strong><span style=\"color: #000000;\">Servi\u00e7o<\/span><\/strong><br \/>\n<strong><span style=\"color: #993300;\">\u201cBota Fora D&amp;D\u201d<\/span><\/strong><br \/>\n<strong><span style=\"color: #000000;\">Endere\u00e7o: Av. Na\u00e7\u00f5es Unidas, 12555 &#8211; Itaim Bibi \u2013 Mezanino<\/span><\/strong><br \/>\n<strong><span style=\"color: #000000;\">Hor\u00e1rio de Funcionamento: Segunda \u00e0 sexta das 10h \u00e0s 21h<\/span><\/strong><br \/>\n<strong><span style=\"color: #000000;\">S\u00e1bado das 10h \u00e0s 20h <\/span><\/strong><br \/>\n<strong><span style=\"color: #000000;\">Domingos e feriados das 14h \u00e0s 19h<\/span><\/strong><br \/>\n<strong><span style=\"color: #000000;\">Data: 21\/07 a 21\/08<\/span><\/strong><br \/>\n<strong><span style=\"color: #000000;\">Telefone: (11) 5503-6686<\/span><\/strong><\/p>\n<p><strong>Gattai<\/strong><\/p>\n<p><span style=\"color: #000000;\">No mercado h\u00e1 mais de tr\u00eas d\u00e9cadas, a Gattai tornou-se refer\u00eancia em Constru\u00e7\u00e3o em A\u00e7o, atuando com os principais arquitetos e decoradores do pa\u00eds. Com foco em solu\u00e7\u00f5es inovadoras e contempor\u00e2neas, tem conquistado o mercado com obras refinadas, feitas sob medida para clientes exigentes, marcando presen\u00e7a como<span style=\"color: #800080;\"> &#8220;A Boutique do A\u00e7o&#8221;.<\/span><\/span><\/p>\n","protected":false},"excerpt":{"rendered":"<p>Nova temporada abre para o p\u00fablico dia 21 de julho S\u00e3o Paulo, julho de 2016 \u2013 A Gattai que est\u00e1 no mercado h\u00e1 mais de tr\u00eas d\u00e9cadas, tornou-se refer\u00eancia em Constru\u00e7\u00e3o em A\u00e7o em parceria com os principais arquitetos e decoradores do pa\u00eds, al\u00e9m de participar h\u00e1 13 anos da Casa Cor S\u00e3o Paulo. Com [&hellip;]<\/p>\n","protected":false},"author":1,"featured_media":0,"comment_status":"open","ping_status":"open","sticky":false,"template":"","format":"standard","meta":{"_uag_custom_page_level_css":"","footnotes":""},"categories":[33],"tags":[1512,1917,2888,3335,5359,6422,9787,10679],"class_list":["post-2659","post","type-post","status-publish","format-standard","hentry","category-mercado","tag-boutique-do-aco","tag-casa-cor-sao-paulo","tag-construcao-em-aco","tag-dd-shopping","tag-gattai","tag-itaim-bibi","tag-promocao","tag-sao-paulo-sp"],"blocksy_meta":[],"spectra_blocks_featured_image_url":null,"spectra_blocks_author_info":{"display_name":"Jornal da Constru\u00e7\u00e3o Civil","avatar_url":"https:\/\/secure.gravatar.com\/avatar\/973c9774fd44ddaceb026973c4962faa70fc512bc4c9da68e8ebb40fecee6540?s=96&d=mm&r=g","author_link":"https:\/\/construcaocivil.siriusmarketingedesign.com.br\/?author=1","description":"Desde de 2013, levando muitas informa\u00e7\u00f5es, lan\u00e7amentos e produtos de qualidade para toda cadeia produtiva da constru\u00e7\u00e3o. O Futuro da constru\u00e7\u00e3o passa por aqui,"},"uagb_featured_image_src":{"full":false,"thumbnail":false,"medium":false,"medium_large":false,"large":false,"1536x1536":false,"2048x2048":false},"uagb_author_info":{"display_name":"Jornal da Constru\u00e7\u00e3o Civil","author_link":"https:\/\/construcaocivil.siriusmarketingedesign.com.br\/?author=1"},"uagb_comment_info":0,"uagb_excerpt":"Nova temporada abre para o p\u00fablico dia 21 de julho S\u00e3o Paulo, julho de 2016 \u2013 A Gattai que est\u00e1 no mercado h\u00e1 mais de tr\u00eas d\u00e9cadas, tornou-se refer\u00eancia em Constru\u00e7\u00e3o em A\u00e7o em parceria com os principais arquitetos e decoradores do pa\u00eds, al\u00e9m de participar h\u00e1 13 anos da Casa Cor S\u00e3o Paulo. Com&hellip;","_links":{"self":[{"href":"https:\/\/construcaocivil.siriusmarketingedesign.com.br\/index.php?rest_route=\/wp\/v2\/posts\/2659","targetHints":{"allow":["GET"]}}],"collection":[{"href":"https:\/\/construcaocivil.siriusmarketingedesign.com.br\/index.php?rest_route=\/wp\/v2\/posts"}],"about":[{"href":"https:\/\/construcaocivil.siriusmarketingedesign.com.br\/index.php?rest_route=\/wp\/v2\/types\/post"}],"author":[{"embeddable":true,"href":"https:\/\/construcaocivil.siriusmarketingedesign.com.br\/index.php?rest_route=\/wp\/v2\/users\/1"}],"replies":[{"embeddable":true,"href":"https:\/\/construcaocivil.siriusmarketingedesign.com.br\/index.php?rest_route=%2Fwp%2Fv2%2Fcomments&post=2659"}],"version-history":[{"count":0,"href":"https:\/\/construcaocivil.siriusmarketingedesign.com.br\/index.php?rest_route=\/wp\/v2\/posts\/2659\/revisions"}],"wp:attachment":[{"href":"https:\/\/construcaocivil.siriusmarketingedesign.com.br\/index.php?rest_route=%2Fwp%2Fv2%2Fmedia&parent=2659"}],"wp:term":[{"taxonomy":"category","embeddable":true,"href":"https:\/\/construcaocivil.siriusmarketingedesign.com.br\/index.php?rest_route=%2Fwp%2Fv2%2Fcategories&post=2659"},{"taxonomy":"post_tag","embeddable":true,"href":"https:\/\/construcaocivil.siriusmarketingedesign.com.br\/index.php?rest_route=%2Fwp%2Fv2%2Ftags&post=2659"}],"curies":[{"name":"wp","href":"https:\/\/api.w.org\/{rel}","templated":true}]}}