{"id":26598,"date":"2026-01-13T00:36:56","date_gmt":"2026-01-13T03:36:56","guid":{"rendered":"https:\/\/www.jornaldaconstrucaocivil.com.br\/?p=26598"},"modified":"2026-01-14T14:30:50","modified_gmt":"2026-01-14T17:30:50","slug":"kennya-menezes-e-a-nova-diretora-executiva-da-tracbel-veiculos-comerciais","status":"publish","type":"post","link":"https:\/\/construcaocivil.siriusmarketingedesign.com.br\/?p=26598","title":{"rendered":"Kennya Menezes \u00e9 a nova diretora executiva da Tracbel Ve\u00edculos Comerciais"},"content":{"rendered":"<p class=\"v1MsoNormal\" style=\"text-align: justify;\"><b><i>Kennya Menezes \u00e9 a nova diretora executiva da <\/i><\/b><strong><i><a href=\"https:\/\/www.tracbel.com.br\/?utm_source=google&amp;utm_medium=cpc&amp;utm_campaign=SA-Institucional-Conversao-Search&amp;utm_content=659852404019_&amp;utm_term=grupo%20tracbel&amp;utm_source=google&amp;utm_medium=cpc&amp;utm_campaign=1367840381&amp;gad_source=1&amp;gad_campaignid=1367840381&amp;gbraid=0AAAAADAZ0ZjBES1zfyLH-IFxQFNUYWrl9&amp;gclid=CjwKCAiAmp3LBhAkEiwAJM2JUDrA8F7DkwBoSg6zELdINVqcVa7Err_Ud7VEy4FkZYDVN6RKoqMj7xoC2wsQAvD_BwE\">Tracbel<\/a><\/i><\/strong><b><i> Ve\u00edculos Comerciais, a divis\u00e3o do Grupo que administra as concession\u00e1rias e os neg\u00f3cios de caminh\u00f5es e \u00f4nibus Volvo no Norte e Nordeste do Pa\u00eds. A executiva \u00e9 agora respons\u00e1vel por produtos e p\u00f3s-venda e toda a opera\u00e7\u00e3o relacionada aos clientes que adquirem ve\u00edculos e servi\u00e7os da marca. Em sua nova fun\u00e7\u00e3o, ficar\u00e1 baseada em Fortaleza (CE) e se reportar\u00e1 a Gidalto Santos, CEO do Grupo Tracbel.<\/i><\/b><\/p>\n<p class=\"v1MsoNormal\" style=\"text-align: justify;\"><b><i>\u00a0<\/i><\/b><\/p>\n<p class=\"v1MsoNormal\" style=\"text-align: justify;\">\u00c9 a primeira mulher a assumir o mais alto posto na \u00e1rea comercial do Grupo, num cargo que tradicionalmente era ocupado por homens. Sua nomea\u00e7\u00e3o \u00e9 a continuidade do projeto de expans\u00e3o e melhoria cont\u00ednua da empresa, que h\u00e1 dez anos assumiu as concess\u00f5es de ve\u00edculos comerciais Volvo nestas regi\u00f5es.<\/p>\n<p class=\"v1MsoNormal\" style=\"text-align: justify;\">Kennya \u00e9 &#8220;prata da casa&#8221;. Seu primeiro emprego foi h\u00e1 22 anos, na antiga Apavel, a rede que administrava o neg\u00f3cio de caminh\u00f5es e \u00f4nibus no Norte e Nordeste, antes de a <strong><a href=\"https:\/\/www.tracbel.com.br\/?utm_source=google&amp;utm_medium=cpc&amp;utm_campaign=SA-Institucional-Conversao-Search&amp;utm_content=659852404019_&amp;utm_term=grupo%20tracbel&amp;utm_source=google&amp;utm_medium=cpc&amp;utm_campaign=1367840381&amp;gad_source=1&amp;gad_campaignid=1367840381&amp;gbraid=0AAAAADAZ0ZjBES1zfyLH-IFxQFNUYWrl9&amp;gclid=CjwKCAiAmp3LBhAkEiwAJM2JUDrA8F7DkwBoSg6zELdINVqcVa7Err_Ud7VEy4FkZYDVN6RKoqMj7xoC2wsQAvD_BwE\">Tracbel<\/a><\/strong> conquistar esse mercado. Foi na empresa onde construiu sua carreira, formou-se e se desenvolveu profissionalmente.\u00a0A nova diretora \u00e9 um exemplo de compet\u00eancia e sucesso, com um hist\u00f3rico de crescimento na organiza\u00e7\u00e3o, come\u00e7ando na base e ascendendo gradativamente a posi\u00e7\u00f5es de maior responsabilidade.<\/p>\n<p class=\"v1MsoNormal\" style=\"text-align: justify;\">Ela vai liderar as opera\u00e7\u00f5es em 11 casas, localizadas em cidades de cinco estados: Macap\u00e1 (AP), Marituba, Marab\u00e1, Paragominas e Miritituba (PA), Manaus (AM), Itaitinga (CE), Teresina (PI), S\u00e3o Luis, Imperatriz e Balsas (MA). &#8220;Nosso grande desafio \u00e9 manter o crescimento sustent\u00e1vel da Tracbel, contribuindo para aumentar a rentabilidade dos neg\u00f3cios dos nossos clientes com ve\u00edculos avan\u00e7ados, muito seguros e com baixo consumo de combust\u00edvel&#8221;, declara a diretora.<\/p>\n<p class=\"v1MsoNormal\" style=\"text-align: justify;\">Casada, m\u00e3e de dois &#8220;filhos pet&#8221;, Kennya \u00e9 graduada em Ci\u00eancias Cont\u00e1beis pela Faculdade Sete de Setembro e tem MBA em Lideran\u00e7a, Inova\u00e7\u00e3o e Gest\u00e3o 4.0 pela PUC do Rio Grande do Sul. Recentemente, concluiu o PDE (Programa de Desenvolvimento Executivo) da Funda\u00e7\u00e3o Dom Cabral, em Nova Lima (MG)<\/p>\n","protected":false},"excerpt":{"rendered":"<p>Kennya Menezes \u00e9 a nova diretora executiva da Tracbel Ve\u00edculos Comerciais, a divis\u00e3o do Grupo que administra as concession\u00e1rias e os neg\u00f3cios de caminh\u00f5es e \u00f4nibus Volvo no Norte e Nordeste do Pa\u00eds. A executiva \u00e9 agora respons\u00e1vel por produtos e p\u00f3s-venda e toda a opera\u00e7\u00e3o relacionada aos clientes que adquirem ve\u00edculos e servi\u00e7os da [&hellip;]<\/p>\n","protected":false},"author":1,"featured_media":26599,"comment_status":"open","ping_status":"open","sticky":false,"template":"","format":"standard","meta":{"_uag_custom_page_level_css":"","footnotes":""},"categories":[33],"tags":[7232,8757,11864],"class_list":["post-26598","post","type-post","status-publish","format-standard","has-post-thumbnail","hentry","category-mercado","tag-maquinas-pesadas","tag-pecas-e-servicos","tag-tracbel"],"blocksy_meta":[],"spectra_blocks_featured_image_url":{"thumbnail":{"url":"https:\/\/construcaocivil.siriusmarketingedesign.com.br\/wp-content\/uploads\/2026\/01\/Kennya-Menezes-diretora-executiva-Tracbel-Veiculos-Comercias-150x150.jpeg","width":150,"height":150},"medium":{"url":"https:\/\/construcaocivil.siriusmarketingedesign.com.br\/wp-content\/uploads\/2026\/01\/Kennya-Menezes-diretora-executiva-Tracbel-Veiculos-Comercias-300x221.jpeg","width":300,"height":221},"medium_large":{"url":"https:\/\/construcaocivil.siriusmarketingedesign.com.br\/wp-content\/uploads\/2026\/01\/Kennya-Menezes-diretora-executiva-Tracbel-Veiculos-Comercias-768x566.jpeg","width":768,"height":566},"large":{"url":"https:\/\/construcaocivil.siriusmarketingedesign.com.br\/wp-content\/uploads\/2026\/01\/Kennya-Menezes-diretora-executiva-Tracbel-Veiculos-Comercias.jpeg","width":900,"height":663},"full":{"url":"https:\/\/construcaocivil.siriusmarketingedesign.com.br\/wp-content\/uploads\/2026\/01\/Kennya-Menezes-diretora-executiva-Tracbel-Veiculos-Comercias.jpeg","width":900,"height":663}},"spectra_blocks_author_info":{"display_name":"Jornal da Constru\u00e7\u00e3o Civil","avatar_url":"https:\/\/secure.gravatar.com\/avatar\/973c9774fd44ddaceb026973c4962faa70fc512bc4c9da68e8ebb40fecee6540?s=96&d=mm&r=g","author_link":"https:\/\/construcaocivil.siriusmarketingedesign.com.br\/?author=1","description":"Desde de 2013, levando muitas informa\u00e7\u00f5es, lan\u00e7amentos e produtos de qualidade para toda cadeia produtiva da constru\u00e7\u00e3o. O Futuro da constru\u00e7\u00e3o passa por aqui,"},"uagb_featured_image_src":{"full":["https:\/\/construcaocivil.siriusmarketingedesign.com.br\/wp-content\/uploads\/2026\/01\/Kennya-Menezes-diretora-executiva-Tracbel-Veiculos-Comercias.jpeg",900,663,false],"thumbnail":["https:\/\/construcaocivil.siriusmarketingedesign.com.br\/wp-content\/uploads\/2026\/01\/Kennya-Menezes-diretora-executiva-Tracbel-Veiculos-Comercias-150x150.jpeg",150,150,true],"medium":["https:\/\/construcaocivil.siriusmarketingedesign.com.br\/wp-content\/uploads\/2026\/01\/Kennya-Menezes-diretora-executiva-Tracbel-Veiculos-Comercias-300x221.jpeg",300,221,true],"medium_large":["https:\/\/construcaocivil.siriusmarketingedesign.com.br\/wp-content\/uploads\/2026\/01\/Kennya-Menezes-diretora-executiva-Tracbel-Veiculos-Comercias-768x566.jpeg",768,566,true],"large":["https:\/\/construcaocivil.siriusmarketingedesign.com.br\/wp-content\/uploads\/2026\/01\/Kennya-Menezes-diretora-executiva-Tracbel-Veiculos-Comercias.jpeg",900,663,false],"1536x1536":["https:\/\/construcaocivil.siriusmarketingedesign.com.br\/wp-content\/uploads\/2026\/01\/Kennya-Menezes-diretora-executiva-Tracbel-Veiculos-Comercias.jpeg",900,663,false],"2048x2048":["https:\/\/construcaocivil.siriusmarketingedesign.com.br\/wp-content\/uploads\/2026\/01\/Kennya-Menezes-diretora-executiva-Tracbel-Veiculos-Comercias.jpeg",900,663,false]},"uagb_author_info":{"display_name":"Jornal da Constru\u00e7\u00e3o Civil","author_link":"https:\/\/construcaocivil.siriusmarketingedesign.com.br\/?author=1"},"uagb_comment_info":0,"uagb_excerpt":"Kennya Menezes \u00e9 a nova diretora executiva da Tracbel Ve\u00edculos Comerciais, a divis\u00e3o do Grupo que administra as concession\u00e1rias e os neg\u00f3cios de caminh\u00f5es e \u00f4nibus Volvo no Norte e Nordeste do Pa\u00eds. A executiva \u00e9 agora respons\u00e1vel por produtos e p\u00f3s-venda e toda a opera\u00e7\u00e3o relacionada aos clientes que adquirem ve\u00edculos e servi\u00e7os da&hellip;","_links":{"self":[{"href":"https:\/\/construcaocivil.siriusmarketingedesign.com.br\/index.php?rest_route=\/wp\/v2\/posts\/26598","targetHints":{"allow":["GET"]}}],"collection":[{"href":"https:\/\/construcaocivil.siriusmarketingedesign.com.br\/index.php?rest_route=\/wp\/v2\/posts"}],"about":[{"href":"https:\/\/construcaocivil.siriusmarketingedesign.com.br\/index.php?rest_route=\/wp\/v2\/types\/post"}],"author":[{"embeddable":true,"href":"https:\/\/construcaocivil.siriusmarketingedesign.com.br\/index.php?rest_route=\/wp\/v2\/users\/1"}],"replies":[{"embeddable":true,"href":"https:\/\/construcaocivil.siriusmarketingedesign.com.br\/index.php?rest_route=%2Fwp%2Fv2%2Fcomments&post=26598"}],"version-history":[{"count":0,"href":"https:\/\/construcaocivil.siriusmarketingedesign.com.br\/index.php?rest_route=\/wp\/v2\/posts\/26598\/revisions"}],"wp:featuredmedia":[{"embeddable":true,"href":"https:\/\/construcaocivil.siriusmarketingedesign.com.br\/index.php?rest_route=\/wp\/v2\/media\/26599"}],"wp:attachment":[{"href":"https:\/\/construcaocivil.siriusmarketingedesign.com.br\/index.php?rest_route=%2Fwp%2Fv2%2Fmedia&parent=26598"}],"wp:term":[{"taxonomy":"category","embeddable":true,"href":"https:\/\/construcaocivil.siriusmarketingedesign.com.br\/index.php?rest_route=%2Fwp%2Fv2%2Fcategories&post=26598"},{"taxonomy":"post_tag","embeddable":true,"href":"https:\/\/construcaocivil.siriusmarketingedesign.com.br\/index.php?rest_route=%2Fwp%2Fv2%2Ftags&post=26598"}],"curies":[{"name":"wp","href":"https:\/\/api.w.org\/{rel}","templated":true}]}}