{"id":26609,"date":"2026-01-14T00:15:07","date_gmt":"2026-01-14T03:15:07","guid":{"rendered":"https:\/\/www.jornaldaconstrucaocivil.com.br\/?p=26609"},"modified":"2026-01-14T00:15:07","modified_gmt":"2026-01-14T03:15:07","slug":"ecofabrica-da-mangueira-evita-poluicao-de-69-milhoes-de-litros-de-agua-e-distribui-produtos-ecologicos-gratuitos-a-comunidade","status":"publish","type":"post","link":"https:\/\/construcaocivil.siriusmarketingedesign.com.br\/?p=26609","title":{"rendered":"Ecof\u00e1brica da Mangueira evita polui\u00e7\u00e3o de 69 milh\u00f5es de litros de \u00e1gua e distribui produtos ecol\u00f3gicos gratuitos \u00e0 comunidade"},"content":{"rendered":"<p style=\"text-align: justify;\"><strong><em>Empreendedorismo, sustentabilidade e inova\u00e7\u00e3o s\u00e3o as marcas da ecof\u00e1brica comunit\u00e1ria Om\u00ecay\u00ea na comunidade da Mangueira, Zona Norte do Rio<\/em><\/strong><\/p>\n<p style=\"text-align: justify;\">Janeiro, 2026 &#8211; A comunidade da Mangueira, na zona norte do Rio de Janeiro, vive um marco importante na \u00e1rea de sustentabilidade e de inova\u00e7\u00e3o social. Em 2025, o Instituto Singular Ideias Inovadoras implantou a ecof\u00e1brica comunit\u00e1ria Om\u00ecay\u00ea, onde moradores transformam \u00f3leo de cozinha usado em sab\u00e3o e detergente ecol\u00f3gicos, unindo ci\u00eancia, participa\u00e7\u00e3o popular e protagonismo comunit\u00e1rio em um modelo pioneiro de sustentabilidade.<\/p>\n<p style=\"text-align: justify;\">\u201cO projeto Om\u00ecay\u00ea surgiu para enfrentar um dos principais desafios estruturais das comunidades perif\u00e9ricas do Rio de Janeiro:\u00a0o\u00a0<span class=\"il\">saneamento<\/span>\u00a0b\u00e1sico insuficiente. A iniciativa come\u00e7ou na Mangueira e se baseia em uma solu\u00e7\u00e3o integrada e acess\u00edvel. Recolhemos \u00f3leo de cozinha usado, transformando-o em produtos de limpeza sustent\u00e1veis com micro-organismos encapsulados. Esses produtos s\u00e3o distribu\u00eddos gratuitamente \u00e0 popula\u00e7\u00e3o local e, ao serem utilizados, liberam micro-organismos vivos que ajudam a degradar a mat\u00e9ria org\u00e2nica presente no esgoto. O resultado \u00e9 a redu\u00e7\u00e3o de odores e a preven\u00e7\u00e3o de doen\u00e7as de veicula\u00e7\u00e3o h\u00eddrica \u2014 impactando positivamente a sa\u00fade e a qualidade de vida dos moradores da Mangueira\u201d, afirma Gabriel Pizoeiro, diretor do Instituto Singular Ideias.<\/p>\n<p style=\"text-align: justify;\">Os resultados desse processo s\u00e3o expressivos. J\u00e1 foram evitados mais de 80 milh\u00f5es de litros de \u00e1gua polu\u00edda \u2014 o equivalente a aproximadamente 28 piscinas ol\u00edmpicas \u2014 gra\u00e7as \u00e0 reciclagem adequada do \u00f3leo coletado. A ecof\u00e1brica j\u00e1 reaproveitou 3200 litros de \u00f3leo, aplicou 75 mil litros de microrganismos no processo produtivo, que contribu\u00edram para o tratamento de 150 milh\u00f5es de litros de esgoto. Al\u00e9m disso, produziu cerca de toneladas de sab\u00e3o Om\u00ec e 500 litros de detergente, que j\u00e1 trataram 500 mil litros de esgoto, e distribu\u00eddos gratuitamente a cerca de 1.500 fam\u00edlias da Mangueira. A iniciativa tamb\u00e9m gerou 10 empregos diretos, todos ocupados por moradoras mulheres da pr\u00f3pria comunidade.<\/p>\n<p style=\"text-align: justify;\">Uma dessas mulheres \u00e9 Dani Lucas, que antes trabalhava como manicure e, agora, na Om\u00ecay\u00ea, ocupa a posi\u00e7\u00e3o de auxiliar de produ\u00e7\u00e3o. Orgulhosa de fazer parte do projeto, Dani relata sua experi\u00eancia e sobre como a iniciativa ajudou em seu crescimento profissional dentro da comunidade e de outras mulheres:<\/p>\n<p style=\"text-align: justify;\">\u201cPara mim, o projeto representa oportunidade, dignidade e reconhecimento. Em um territ\u00f3rio onde o acesso ao trabalho formal ainda \u00e9 muito limitado, principalmente para as mulheres, ele abre portas que por muito tempo estiveram fechadas. O projeto prova que as mulheres da favela s\u00e3o capazes de transformar n\u00e3o s\u00f3 mat\u00e9ria, mas realidade. Aqui a gente aprende, trabalha, cuida do meio ambiente e ainda ajuda outras fam\u00edlias com a doa\u00e7\u00e3o do sab\u00e3o. Quando uma mulher entra, ela cresce e junto com ela cresce toda a comunidade\u201d, afirmou Dani.<\/p>\n<p style=\"text-align: justify;\">O processo come\u00e7a no territ\u00f3rio, com a doa\u00e7\u00e3o de \u00f3leo pelos moradores. O material \u00e9 peneirado, filtrado e misturado aos microrganismos em caldeiras especiais, seguindo uma receita fixa cujo diferencial est\u00e1 na tecnologia ambiental incorporada. Para as mulheres que atuam diariamente na produ\u00e7\u00e3o, o trabalho \u00e9 motivo de orgulho e de pertencimento. A transforma\u00e7\u00e3o \u00e9 vis\u00edvel: um res\u00edduo dom\u00e9stico passa a ter valor social, econ\u00f4mico e ambiental, ao mesmo tempo em que dissemina pr\u00e1ticas sustent\u00e1veis na pr\u00f3pria favela. O que antes era poluente (\u00f3leo usado) no projeto \u00e9 mat\u00e9ria-prima de produtos que servem \u00e0s casas e \u00e0s fam\u00edlias.<\/p>\n<p style=\"text-align: justify;\">A tecnologia inovadora utilizada na ecof\u00e1brica foi desenvolvida em parceria com a Universidade Federal Fluminense (UFF) e se baseia em processos de biorremedia\u00e7\u00e3o. Micro-organismos inofensivos \u00e0 sa\u00fade humana s\u00e3o incorporados aos produtos e passam a atuar no tratamento do esgoto diretamente nas casas das fam\u00edlias, toda vez que o sab\u00e3o ou detergente \u00e9 utilizado. A parceria garante ainda monitoramento t\u00e9cnico e valida\u00e7\u00e3o cient\u00edfica dos resultados, consolidando a ecof\u00e1brica como uma tecnologia social robusta, confi\u00e1vel e replic\u00e1vel. O impacto ultrapassa os indicadores ambientais e se desdobra em educa\u00e7\u00e3o, gera\u00e7\u00e3o de renda, autonomia produtiva e consci\u00eancia coletiva sobre o cuidado com o territ\u00f3rio.<\/p>\n<p><iframe loading=\"lazy\" title=\"Conhe\u00e7a a nossa EcoF\u00e1brica Om\u00ecay\u00ea!\ud83c\udf0a\" width=\"1290\" height=\"726\" src=\"https:\/\/www.youtube.com\/embed\/h3HzINqICyY?feature=oembed\" frameborder=\"0\" allow=\"accelerometer; autoplay; clipboard-write; encrypted-media; gyroscope; picture-in-picture; web-share\" referrerpolicy=\"strict-origin-when-cross-origin\" allowfullscreen><\/iframe><\/p>\n<p style=\"text-align: justify;\">Uma das pessoas que atua diretamente nesse processo \u00e9 Mariana Lousada, auxiliar de laborat\u00f3rio. Ela conta que sente gratid\u00e3o e orgulho pelo impacto positivo que tem feito na comunidade:<\/p>\n<p style=\"text-align: justify;\">\u201cSinto uma grande satisfa\u00e7\u00e3o, pois conseguimos fazer com que as pessoas contribu\u00edssem em um gesto lindo de apoio ao meio ambiente. Para n\u00f3s da comunidade, o projeto significa a uni\u00e3o da sobreviv\u00eancia, da consci\u00eancia ambiental e tamb\u00e9m da transforma\u00e7\u00e3o social, junto com a oportunidade de melhorar a qualidade de vida, sem agredir o lugar onde moramos e valorizando recursos que antes seriam desperdi\u00e7ados\u201d, apontou Mariana.<\/p>\n<p style=\"text-align: justify;\">A ecof\u00e1brica da Mangueira demonstra que comunidades podem liderar processos de inova\u00e7\u00e3o quando ci\u00eancia, territ\u00f3rio e participa\u00e7\u00e3o social caminham juntos. Cada barra de sab\u00e3o produzida carrega a prova de que o cuidado ambiental tamb\u00e9m nasce do cotidiano, da coletividade e da pot\u00eancia criativa das favelas.<\/p>\n","protected":false},"excerpt":{"rendered":"<p>Empreendedorismo, sustentabilidade e inova\u00e7\u00e3o s\u00e3o as marcas da ecof\u00e1brica comunit\u00e1ria Om\u00ecay\u00ea na comunidade da Mangueira, Zona Norte do Rio Janeiro, 2026 &#8211; A comunidade da Mangueira, na zona norte do Rio de Janeiro, vive um marco importante na \u00e1rea de sustentabilidade e de inova\u00e7\u00e3o social. Em 2025, o Instituto Singular Ideias Inovadoras implantou a ecof\u00e1brica [&hellip;]<\/p>\n","protected":false},"author":1,"featured_media":26610,"comment_status":"open","ping_status":"open","sticky":false,"template":"","format":"standard","meta":{"_uag_custom_page_level_css":"","footnotes":""},"categories":[37],"tags":[28027,28029,28028,28026,7438,9083],"class_list":["post-26609","post","type-post","status-publish","format-standard","has-post-thumbnail","hentry","category-sustentabilidade","tag-coleta-de-oleo","tag-comunidade-e-favelas","tag-esgoto-e-lixoes","tag-mangueira-rj","tag-meio-ambiente","tag-poluicao"],"blocksy_meta":[],"spectra_blocks_featured_image_url":{"thumbnail":{"url":"https:\/\/construcaocivil.siriusmarketingedesign.com.br\/wp-content\/uploads\/2026\/01\/unnamed-6-150x150.jpg","width":150,"height":150},"medium":{"url":"https:\/\/construcaocivil.siriusmarketingedesign.com.br\/wp-content\/uploads\/2026\/01\/unnamed-6-300x225.jpg","width":300,"height":225},"medium_large":{"url":"https:\/\/construcaocivil.siriusmarketingedesign.com.br\/wp-content\/uploads\/2026\/01\/unnamed-6-768x576.jpg","width":768,"height":576},"large":{"url":"https:\/\/construcaocivil.siriusmarketingedesign.com.br\/wp-content\/uploads\/2026\/01\/unnamed-6-1024x768.jpg","width":1024,"height":768},"full":{"url":"https:\/\/construcaocivil.siriusmarketingedesign.com.br\/wp-content\/uploads\/2026\/01\/unnamed-6-scaled.jpg","width":2560,"height":1920}},"spectra_blocks_author_info":{"display_name":"Jornal da Constru\u00e7\u00e3o Civil","avatar_url":"https:\/\/secure.gravatar.com\/avatar\/973c9774fd44ddaceb026973c4962faa70fc512bc4c9da68e8ebb40fecee6540?s=96&d=mm&r=g","author_link":"https:\/\/construcaocivil.siriusmarketingedesign.com.br\/?author=1","description":"Desde de 2013, levando muitas informa\u00e7\u00f5es, lan\u00e7amentos e produtos de qualidade para toda cadeia produtiva da constru\u00e7\u00e3o. O Futuro da constru\u00e7\u00e3o passa por aqui,"},"uagb_featured_image_src":{"full":["https:\/\/construcaocivil.siriusmarketingedesign.com.br\/wp-content\/uploads\/2026\/01\/unnamed-6-scaled.jpg",2560,1920,false],"thumbnail":["https:\/\/construcaocivil.siriusmarketingedesign.com.br\/wp-content\/uploads\/2026\/01\/unnamed-6-150x150.jpg",150,150,true],"medium":["https:\/\/construcaocivil.siriusmarketingedesign.com.br\/wp-content\/uploads\/2026\/01\/unnamed-6-300x225.jpg",300,225,true],"medium_large":["https:\/\/construcaocivil.siriusmarketingedesign.com.br\/wp-content\/uploads\/2026\/01\/unnamed-6-768x576.jpg",768,576,true],"large":["https:\/\/construcaocivil.siriusmarketingedesign.com.br\/wp-content\/uploads\/2026\/01\/unnamed-6-1024x768.jpg",1024,768,true],"1536x1536":["https:\/\/construcaocivil.siriusmarketingedesign.com.br\/wp-content\/uploads\/2026\/01\/unnamed-6-1536x1152.jpg",1536,1152,true],"2048x2048":["https:\/\/construcaocivil.siriusmarketingedesign.com.br\/wp-content\/uploads\/2026\/01\/unnamed-6-2048x1536.jpg",2048,1536,true]},"uagb_author_info":{"display_name":"Jornal da Constru\u00e7\u00e3o Civil","author_link":"https:\/\/construcaocivil.siriusmarketingedesign.com.br\/?author=1"},"uagb_comment_info":0,"uagb_excerpt":"Empreendedorismo, sustentabilidade e inova\u00e7\u00e3o s\u00e3o as marcas da ecof\u00e1brica comunit\u00e1ria Om\u00ecay\u00ea na comunidade da Mangueira, Zona Norte do Rio Janeiro, 2026 &#8211; A comunidade da Mangueira, na zona norte do Rio de Janeiro, vive um marco importante na \u00e1rea de sustentabilidade e de inova\u00e7\u00e3o social. Em 2025, o Instituto Singular Ideias Inovadoras implantou a ecof\u00e1brica&hellip;","_links":{"self":[{"href":"https:\/\/construcaocivil.siriusmarketingedesign.com.br\/index.php?rest_route=\/wp\/v2\/posts\/26609","targetHints":{"allow":["GET"]}}],"collection":[{"href":"https:\/\/construcaocivil.siriusmarketingedesign.com.br\/index.php?rest_route=\/wp\/v2\/posts"}],"about":[{"href":"https:\/\/construcaocivil.siriusmarketingedesign.com.br\/index.php?rest_route=\/wp\/v2\/types\/post"}],"author":[{"embeddable":true,"href":"https:\/\/construcaocivil.siriusmarketingedesign.com.br\/index.php?rest_route=\/wp\/v2\/users\/1"}],"replies":[{"embeddable":true,"href":"https:\/\/construcaocivil.siriusmarketingedesign.com.br\/index.php?rest_route=%2Fwp%2Fv2%2Fcomments&post=26609"}],"version-history":[{"count":0,"href":"https:\/\/construcaocivil.siriusmarketingedesign.com.br\/index.php?rest_route=\/wp\/v2\/posts\/26609\/revisions"}],"wp:featuredmedia":[{"embeddable":true,"href":"https:\/\/construcaocivil.siriusmarketingedesign.com.br\/index.php?rest_route=\/wp\/v2\/media\/26610"}],"wp:attachment":[{"href":"https:\/\/construcaocivil.siriusmarketingedesign.com.br\/index.php?rest_route=%2Fwp%2Fv2%2Fmedia&parent=26609"}],"wp:term":[{"taxonomy":"category","embeddable":true,"href":"https:\/\/construcaocivil.siriusmarketingedesign.com.br\/index.php?rest_route=%2Fwp%2Fv2%2Fcategories&post=26609"},{"taxonomy":"post_tag","embeddable":true,"href":"https:\/\/construcaocivil.siriusmarketingedesign.com.br\/index.php?rest_route=%2Fwp%2Fv2%2Ftags&post=26609"}],"curies":[{"name":"wp","href":"https:\/\/api.w.org\/{rel}","templated":true}]}}