{"id":2664,"date":"2016-07-18T19:50:55","date_gmt":"2016-07-18T19:50:55","guid":{"rendered":"http:\/\/www.jornaldaconstrucaocivil.com.br\/?p=2664"},"modified":"2016-07-18T19:50:55","modified_gmt":"2016-07-18T19:50:55","slug":"schneider-reune-especialistas-para-debater-sustentabilidade-e-eficiencia","status":"publish","type":"post","link":"https:\/\/construcaocivil.siriusmarketingedesign.com.br\/?p=2664","title":{"rendered":"Schneider re\u00fane especialistas para debater sustentabilidade e efici\u00eancia"},"content":{"rendered":"<p><span style=\"color: #000000;\">A Schneider Electric, especialista global em gest\u00e3o de energia e automa\u00e7\u00e3o, vai promover a segunda edi\u00e7\u00e3o do encontro<span style=\"color: #800000;\"> \u201cSchneider Inova\u00e7\u00e3o Redefinida\u201d<\/span>, dia 26 de julho, no Rio de Janeiro, para clientes de todas as unidades de neg\u00f3cio da companhia. Na ocasi\u00e3o, ser\u00e1 apresentado um v\u00eddeo que aborda as megatend\u00eancias \u2013 como sustentabilidade, efici\u00eancia energ\u00e9tica, inclus\u00f5es tecnol\u00f3gicas, escassez de recursos e outros &#8211; dentro de um contexto mais humano. O encontro promover\u00e1 um debate sobre temas que envolvem sustentabilidade e efici\u00eancia, com a participa\u00e7\u00e3o dos executivos da Schneider: Luis Felipe Westphalen Kessler, vice-presidente de \u00f3leo e g\u00e1s, Fernando Eliezer Figueiredo, gerente de sustentabilidade e neg\u00f3cios corporativos, Cosme dos Santos Sales, gerente de vendas no Rio de Janeiro e do diretor da Report Sustentabilidade, \u00c1lvaro Almeida.<\/span><\/p>\n<p><span style=\"color: #003300;\">Fonte: Assessoria de Imprensa Schneider Eletric<\/span><\/p>\n","protected":false},"excerpt":{"rendered":"<p>A Schneider Electric, especialista global em gest\u00e3o de energia e automa\u00e7\u00e3o, vai promover a segunda edi\u00e7\u00e3o do encontro \u201cSchneider Inova\u00e7\u00e3o Redefinida\u201d, dia 26 de julho, no Rio de Janeiro, para clientes de todas as unidades de neg\u00f3cio da companhia. Na ocasi\u00e3o, ser\u00e1 apresentado um v\u00eddeo que aborda as megatend\u00eancias \u2013 como sustentabilidade, efici\u00eancia energ\u00e9tica, inclus\u00f5es [&hellip;]<\/p>\n","protected":false},"author":1,"featured_media":0,"comment_status":"open","ping_status":"open","sticky":false,"template":"","format":"standard","meta":{"_uag_custom_page_level_css":"","footnotes":""},"categories":[27],"tags":[1122,3986,4261,10375,10714],"class_list":["post-2664","post","type-post","status-publish","format-standard","hentry","category-acontece","tag-automacao","tag-eficiencia-energetica","tag-encontro-energia","tag-rio-de-janeiro","tag-schneider-inovacao-redefinida"],"blocksy_meta":[],"spectra_blocks_featured_image_url":null,"spectra_blocks_author_info":{"display_name":"Jornal da Constru\u00e7\u00e3o Civil","avatar_url":"https:\/\/secure.gravatar.com\/avatar\/973c9774fd44ddaceb026973c4962faa70fc512bc4c9da68e8ebb40fecee6540?s=96&d=mm&r=g","author_link":"https:\/\/construcaocivil.siriusmarketingedesign.com.br\/?author=1","description":"Desde de 2013, levando muitas informa\u00e7\u00f5es, lan\u00e7amentos e produtos de qualidade para toda cadeia produtiva da constru\u00e7\u00e3o. O Futuro da constru\u00e7\u00e3o passa por aqui,"},"uagb_featured_image_src":{"full":false,"thumbnail":false,"medium":false,"medium_large":false,"large":false,"1536x1536":false,"2048x2048":false},"uagb_author_info":{"display_name":"Jornal da Constru\u00e7\u00e3o Civil","author_link":"https:\/\/construcaocivil.siriusmarketingedesign.com.br\/?author=1"},"uagb_comment_info":0,"uagb_excerpt":"A Schneider Electric, especialista global em gest\u00e3o de energia e automa\u00e7\u00e3o, vai promover a segunda edi\u00e7\u00e3o do encontro \u201cSchneider Inova\u00e7\u00e3o Redefinida\u201d, dia 26 de julho, no Rio de Janeiro, para clientes de todas as unidades de neg\u00f3cio da companhia. Na ocasi\u00e3o, ser\u00e1 apresentado um v\u00eddeo que aborda as megatend\u00eancias \u2013 como sustentabilidade, efici\u00eancia energ\u00e9tica, inclus\u00f5es&hellip;","_links":{"self":[{"href":"https:\/\/construcaocivil.siriusmarketingedesign.com.br\/index.php?rest_route=\/wp\/v2\/posts\/2664","targetHints":{"allow":["GET"]}}],"collection":[{"href":"https:\/\/construcaocivil.siriusmarketingedesign.com.br\/index.php?rest_route=\/wp\/v2\/posts"}],"about":[{"href":"https:\/\/construcaocivil.siriusmarketingedesign.com.br\/index.php?rest_route=\/wp\/v2\/types\/post"}],"author":[{"embeddable":true,"href":"https:\/\/construcaocivil.siriusmarketingedesign.com.br\/index.php?rest_route=\/wp\/v2\/users\/1"}],"replies":[{"embeddable":true,"href":"https:\/\/construcaocivil.siriusmarketingedesign.com.br\/index.php?rest_route=%2Fwp%2Fv2%2Fcomments&post=2664"}],"version-history":[{"count":0,"href":"https:\/\/construcaocivil.siriusmarketingedesign.com.br\/index.php?rest_route=\/wp\/v2\/posts\/2664\/revisions"}],"wp:attachment":[{"href":"https:\/\/construcaocivil.siriusmarketingedesign.com.br\/index.php?rest_route=%2Fwp%2Fv2%2Fmedia&parent=2664"}],"wp:term":[{"taxonomy":"category","embeddable":true,"href":"https:\/\/construcaocivil.siriusmarketingedesign.com.br\/index.php?rest_route=%2Fwp%2Fv2%2Fcategories&post=2664"},{"taxonomy":"post_tag","embeddable":true,"href":"https:\/\/construcaocivil.siriusmarketingedesign.com.br\/index.php?rest_route=%2Fwp%2Fv2%2Ftags&post=2664"}],"curies":[{"name":"wp","href":"https:\/\/api.w.org\/{rel}","templated":true}]}}