{"id":2681,"date":"2016-07-18T23:27:54","date_gmt":"2016-07-18T23:27:54","guid":{"rendered":"http:\/\/www.jornaldaconstrucaocivil.com.br\/?p=2681"},"modified":"2016-07-18T23:27:54","modified_gmt":"2016-07-18T23:27:54","slug":"o-rio-como-polo-esportivo-global-e-tema-da-casa-rio-negocios-do-esporte","status":"publish","type":"post","link":"https:\/\/construcaocivil.siriusmarketingedesign.com.br\/?p=2681","title":{"rendered":"O Rio como Polo esportivo global \u00e9 tema da Casa Rio\u2013 Neg\u00f3cios do Esporte"},"content":{"rendered":"<p><strong><span style=\"color: #000000;\">Os requisitos para que o Rio se torne um polo esportivo global \u00e9 o tema macro da quarta confer\u00eancia setorial da Casa Rio, o maior programa de desenvolvimento de neg\u00f3cios do pa\u00eds.<\/span><\/strong><\/p>\n<p><span style=\"color: #000000;\">O evento, marcado para 25 de julho, no Museu do Amanh\u00e3, ser\u00e1 dividido em dois temas de debate. A primeira sess\u00e3o discutir\u00e1 quais as caracter\u00edsticas de um polo esportivo global e qual o potencial do Rio de Janeiro e do Brasil para atingir esse patamar. Participam do painel, representantes de grupos internacionais multim\u00eddia, ag\u00eancias de marketing esportivo e representantes governamentais e investidores.<\/span><\/p>\n<p><span style=\"color: #000000;\">A segunda sess\u00e3o ter\u00e1 como tema o impacto que um polo esportivo global tem no desenvolvimento de neg\u00f3cios em uma cidade. O painel contar\u00e1 com a presen\u00e7a de empresas patrocinadoras de eventos esportivos, assim como ag\u00eancias de marketing esportivo discutindo novas oportunidades criadas pelo setor, al\u00e9m do impacto positivo em empresas j\u00e1 estabelecidas.<\/span><\/p>\n<p><span style=\"color: #000000;\">Para acessar a programa\u00e7\u00e3o e inscri\u00e7\u00f5es<strong>\u00a0<a href=\"http:\/\/rio-negocios.com\/casa-rio-register\/\" target=\"_blank\">aqui<\/a><\/strong><\/span><\/p>\n","protected":false},"excerpt":{"rendered":"<p>Os requisitos para que o Rio se torne um polo esportivo global \u00e9 o tema macro da quarta confer\u00eancia setorial da Casa Rio, o maior programa de desenvolvimento de neg\u00f3cios do pa\u00eds. O evento, marcado para 25 de julho, no Museu do Amanh\u00e3, ser\u00e1 dividido em dois temas de debate. A primeira sess\u00e3o discutir\u00e1 quais [&hellip;]<\/p>\n","protected":false},"author":1,"featured_media":0,"comment_status":"open","ping_status":"open","sticky":false,"template":"","format":"standard","meta":{"_uag_custom_page_level_css":"","footnotes":""},"categories":[27],"tags":[1535,1952,2380,2396,6529,8066,8078,10368],"class_list":["post-2681","post","type-post","status-publish","format-standard","hentry","category-acontece","tag-brasil","tag-casa-rio","tag-cob","tag-coi","tag-jogos-olimpicos","tag-nba","tag-negocios-do-esporte","tag-rio-2016"],"blocksy_meta":[],"spectra_blocks_featured_image_url":null,"spectra_blocks_author_info":{"display_name":"Jornal da Constru\u00e7\u00e3o Civil","avatar_url":"https:\/\/secure.gravatar.com\/avatar\/973c9774fd44ddaceb026973c4962faa70fc512bc4c9da68e8ebb40fecee6540?s=96&d=mm&r=g","author_link":"https:\/\/construcaocivil.siriusmarketingedesign.com.br\/?author=1","description":"Desde de 2013, levando muitas informa\u00e7\u00f5es, lan\u00e7amentos e produtos de qualidade para toda cadeia produtiva da constru\u00e7\u00e3o. O Futuro da constru\u00e7\u00e3o passa por aqui,"},"uagb_featured_image_src":{"full":false,"thumbnail":false,"medium":false,"medium_large":false,"large":false,"1536x1536":false,"2048x2048":false},"uagb_author_info":{"display_name":"Jornal da Constru\u00e7\u00e3o Civil","author_link":"https:\/\/construcaocivil.siriusmarketingedesign.com.br\/?author=1"},"uagb_comment_info":0,"uagb_excerpt":"Os requisitos para que o Rio se torne um polo esportivo global \u00e9 o tema macro da quarta confer\u00eancia setorial da Casa Rio, o maior programa de desenvolvimento de neg\u00f3cios do pa\u00eds. O evento, marcado para 25 de julho, no Museu do Amanh\u00e3, ser\u00e1 dividido em dois temas de debate. A primeira sess\u00e3o discutir\u00e1 quais&hellip;","_links":{"self":[{"href":"https:\/\/construcaocivil.siriusmarketingedesign.com.br\/index.php?rest_route=\/wp\/v2\/posts\/2681","targetHints":{"allow":["GET"]}}],"collection":[{"href":"https:\/\/construcaocivil.siriusmarketingedesign.com.br\/index.php?rest_route=\/wp\/v2\/posts"}],"about":[{"href":"https:\/\/construcaocivil.siriusmarketingedesign.com.br\/index.php?rest_route=\/wp\/v2\/types\/post"}],"author":[{"embeddable":true,"href":"https:\/\/construcaocivil.siriusmarketingedesign.com.br\/index.php?rest_route=\/wp\/v2\/users\/1"}],"replies":[{"embeddable":true,"href":"https:\/\/construcaocivil.siriusmarketingedesign.com.br\/index.php?rest_route=%2Fwp%2Fv2%2Fcomments&post=2681"}],"version-history":[{"count":0,"href":"https:\/\/construcaocivil.siriusmarketingedesign.com.br\/index.php?rest_route=\/wp\/v2\/posts\/2681\/revisions"}],"wp:attachment":[{"href":"https:\/\/construcaocivil.siriusmarketingedesign.com.br\/index.php?rest_route=%2Fwp%2Fv2%2Fmedia&parent=2681"}],"wp:term":[{"taxonomy":"category","embeddable":true,"href":"https:\/\/construcaocivil.siriusmarketingedesign.com.br\/index.php?rest_route=%2Fwp%2Fv2%2Fcategories&post=2681"},{"taxonomy":"post_tag","embeddable":true,"href":"https:\/\/construcaocivil.siriusmarketingedesign.com.br\/index.php?rest_route=%2Fwp%2Fv2%2Ftags&post=2681"}],"curies":[{"name":"wp","href":"https:\/\/api.w.org\/{rel}","templated":true}]}}