{"id":2685,"date":"2016-07-19T16:38:38","date_gmt":"2016-07-19T16:38:38","guid":{"rendered":"http:\/\/www.jornaldaconstrucaocivil.com.br\/?p=2685"},"modified":"2016-07-19T16:38:38","modified_gmt":"2016-07-19T16:38:38","slug":"incluir-para-vencer-este-e-o-lema-do-rio-de-janeiro-soccer-power","status":"publish","type":"post","link":"https:\/\/construcaocivil.siriusmarketingedesign.com.br\/?p=2685","title":{"rendered":"Incluir para vencer.  Este \u00e9 o lema do Rio de Janeiro Soccer Power"},"content":{"rendered":"<p>Por Severian Rocha<\/p>\n<p><span style=\"color: #000080;\"><span style=\"color: #993300;\">Rio, Julho, 2016-<\/span><strong> Formados por jogadores em cadeiras de rodas o Rio de Janeiro Soccer Power, time de futebol carioca supera desafios e conquista pela segunda vez, vaga na Ta\u00e7a libertadora, que ser\u00e1 disputado em Buenos Aires (ARG), para pessoas com defici\u00eancias motoras severas.<\/strong><\/span><\/p>\n<figure id=\"attachment_2687\" aria-describedby=\"caption-attachment-2687\" style=\"width: 399px\" class=\"wp-caption alignleft\"><a href=\"http:\/\/www.jornaldaconstrucaocivil.com.br\/wp-content\/uploads\/2016\/07\/RIO-LIGHT-POWER.jpg\"><img loading=\"lazy\" decoding=\"async\" class=\"wp-image-2687\" src=\"http:\/\/www.jornaldaconstrucaocivil.com.br\/wp-content\/uploads\/2016\/07\/RIO-LIGHT-POWER.jpg\" alt=\"RIO LIGHT POWER\" width=\"399\" height=\"219\" \/><\/a><figcaption id=\"caption-attachment-2687\" class=\"wp-caption-text\"><span style=\"color: #ff0000;\">Atletas do Rio de Janeiro Soccer Power durante cerim\u00f4nia de recebimento das 04 cadeiras motorizadas, no Centro Cultural da LIGHT. <\/span><\/figcaption><\/figure>\n<p><span style=\"color: #000000;\">A modalidade que \u00e9 a \u00fanica, permite a inclus\u00e3o de crian\u00e7as a partir dos 6 anos, pessoas de qualquer g\u00eanero, com defici\u00eancia motora severa, tetraplegia, paralisia cerebral, distrofia muscular, entre outros no mesmo time e sem limite et\u00e1rio tem sido motivo de orgulho e refer\u00eancia por todo Brasil. Em especial para os pais, que possuem filhos portadores de necessidades especiais. \u00c9 o caso de Bruno Fernandes, Presidente do RJPS, que tem um filho cadeirante e ficou emocionado ao participar da cerim\u00f4nia de entrega das 04 cadeiras motorizadas doada pela LIGHT e Assim Sa\u00fade, que aconteceu no Centro Cultural da Light.<\/span><\/p>\n<p><span style=\"color: #000000;\"><em><span style=\"color: #000080;\">\u201c\u00c9 um momento de muita emo\u00e7\u00e3o nessa entrega de equipamentos para o time de Paradesporto, que pratica esporte de cadeiras de rodas de alta performance com uma qualidade, uma liga\u00e7\u00e3o com o esporte, muito alta. E consequentemente traz para o atleta uma auto estima, uma produtividade, um poder transformador para todo n\u00f3s e para a sociedade\u201d<\/span><\/em>.<\/span><\/p>\n<p><span style=\"color: #000000;\">O esporte foi criado no Canad\u00e1 e na Fran\u00e7a no final dos anos 70 e hoje, j\u00e1 \u00e9 praticado em mais de 30 pa\u00edses. O tetracampe\u00e3o mundial de futebol Bebeto, que abra\u00e7ou o time do RJSP tamb\u00e9m ficou muito emocionado durante a cerim\u00f4nia:<em><span style=\"color: #000080;\"> \u201cEsses meninos s\u00e3o guerreiros, \u00e9 uma li\u00e7\u00e3o de vida para todos n\u00f3s. \u00c9 um prazer est\u00e1 aqui, poder contribuir com o esporte, com esses garotos que jogam futebol em cadeiras de rodas. \u00c9 o esporte mais uma vez transformando e dando oportunidades para aqueles que mais necessitam\u201d<\/span><\/em>.<\/span><\/p>\n<p><span style=\"color: #000000;\">Para a Light, a entrega das cadeiras motorizadas representa disseminar energia, al\u00e9m da forma operacional. <em><span style=\"color: #000080;\">\u201cNeste momento falamos da energia que move esses atletas, que modifica a vida dessas pessoas, a energia que modifica realmente a pessoa\u201d<\/span><\/em>, disse o Gerente do Instituto e do Centro Cultural Light, Luis Felipe Younes.<\/span><\/p>\n","protected":false},"excerpt":{"rendered":"<p>Por Severian Rocha Rio, Julho, 2016- Formados por jogadores em cadeiras de rodas o Rio de Janeiro Soccer Power, time de futebol carioca supera desafios e conquista pela segunda vez, vaga na Ta\u00e7a libertadora, que ser\u00e1 disputado em Buenos Aires (ARG), para pessoas com defici\u00eancias motoras severas. A modalidade que \u00e9 a \u00fanica, permite a [&hellip;]<\/p>\n","protected":false},"author":1,"featured_media":2687,"comment_status":"open","ping_status":"open","sticky":false,"template":"","format":"standard","meta":{"_uag_custom_page_level_css":"","footnotes":""},"categories":[27],"tags":[1078,1325,1535,2087,2154,10366,10378],"class_list":["post-2685","post","type-post","status-publish","format-standard","has-post-thumbnail","hentry","category-acontece","tag-atletas","tag-bebeto","tag-brasil","tag-centro-cultural-da-light","tag-cerimonia","tag-rio","tag-rio-de-janeiro-soccer-power"],"blocksy_meta":[],"spectra_blocks_featured_image_url":[],"spectra_blocks_author_info":{"display_name":"Jornal da Constru\u00e7\u00e3o Civil","avatar_url":"https:\/\/secure.gravatar.com\/avatar\/973c9774fd44ddaceb026973c4962faa70fc512bc4c9da68e8ebb40fecee6540?s=96&d=mm&r=g","author_link":"https:\/\/construcaocivil.siriusmarketingedesign.com.br\/?author=1","description":"Desde de 2013, levando muitas informa\u00e7\u00f5es, lan\u00e7amentos e produtos de qualidade para toda cadeia produtiva da constru\u00e7\u00e3o. O Futuro da constru\u00e7\u00e3o passa por aqui,"},"uagb_featured_image_src":{"full":false,"thumbnail":false,"medium":false,"medium_large":false,"large":false,"1536x1536":false,"2048x2048":false},"uagb_author_info":{"display_name":"Jornal da Constru\u00e7\u00e3o Civil","author_link":"https:\/\/construcaocivil.siriusmarketingedesign.com.br\/?author=1"},"uagb_comment_info":0,"uagb_excerpt":"Por Severian Rocha Rio, Julho, 2016- Formados por jogadores em cadeiras de rodas o Rio de Janeiro Soccer Power, time de futebol carioca supera desafios e conquista pela segunda vez, vaga na Ta\u00e7a libertadora, que ser\u00e1 disputado em Buenos Aires (ARG), para pessoas com defici\u00eancias motoras severas. A modalidade que \u00e9 a \u00fanica, permite a&hellip;","_links":{"self":[{"href":"https:\/\/construcaocivil.siriusmarketingedesign.com.br\/index.php?rest_route=\/wp\/v2\/posts\/2685","targetHints":{"allow":["GET"]}}],"collection":[{"href":"https:\/\/construcaocivil.siriusmarketingedesign.com.br\/index.php?rest_route=\/wp\/v2\/posts"}],"about":[{"href":"https:\/\/construcaocivil.siriusmarketingedesign.com.br\/index.php?rest_route=\/wp\/v2\/types\/post"}],"author":[{"embeddable":true,"href":"https:\/\/construcaocivil.siriusmarketingedesign.com.br\/index.php?rest_route=\/wp\/v2\/users\/1"}],"replies":[{"embeddable":true,"href":"https:\/\/construcaocivil.siriusmarketingedesign.com.br\/index.php?rest_route=%2Fwp%2Fv2%2Fcomments&post=2685"}],"version-history":[{"count":0,"href":"https:\/\/construcaocivil.siriusmarketingedesign.com.br\/index.php?rest_route=\/wp\/v2\/posts\/2685\/revisions"}],"wp:attachment":[{"href":"https:\/\/construcaocivil.siriusmarketingedesign.com.br\/index.php?rest_route=%2Fwp%2Fv2%2Fmedia&parent=2685"}],"wp:term":[{"taxonomy":"category","embeddable":true,"href":"https:\/\/construcaocivil.siriusmarketingedesign.com.br\/index.php?rest_route=%2Fwp%2Fv2%2Fcategories&post=2685"},{"taxonomy":"post_tag","embeddable":true,"href":"https:\/\/construcaocivil.siriusmarketingedesign.com.br\/index.php?rest_route=%2Fwp%2Fv2%2Ftags&post=2685"}],"curies":[{"name":"wp","href":"https:\/\/api.w.org\/{rel}","templated":true}]}}