{"id":2689,"date":"2016-07-19T16:46:30","date_gmt":"2016-07-19T16:46:30","guid":{"rendered":"http:\/\/www.jornaldaconstrucaocivil.com.br\/?p=2689"},"modified":"2016-07-19T16:46:30","modified_gmt":"2016-07-19T16:46:30","slug":"organizacao-ambiental-brasileira-vence-premio-portugues-pela-melhoria-da-qualidade-de-vida","status":"publish","type":"post","link":"https:\/\/construcaocivil.siriusmarketingedesign.com.br\/?p=2689","title":{"rendered":"Organiza\u00e7\u00e3o ambiental brasileira vence pr\u00eamio portugu\u00eas pela melhoria da qualidade de vida"},"content":{"rendered":"<p><span style=\"color: #000080;\"><strong>Pr\u00eamio de 250 mil euros recebido pela Funda\u00e7\u00e3o Amazonas Sustent\u00e1vel (FAS) ser\u00e1 destinado a projetos em comunidades ribeirinhas da Amaz\u00f4nia<\/strong><\/span><\/p>\n<p><span style=\"color: #000000;\">A Funda\u00e7\u00e3o Amazonas Sustent\u00e1vel (FAS) \u00e9 a grande vencedora do Pr\u00eamio Calouste Gulbenkian 2016, de Portugal, da Funda\u00e7\u00e3o Gulbenkian, nome de seu idealizador que deixou os bens em testamento para a cria\u00e7\u00e3o da entidade h\u00e1 60 anos. No valor de 250 mil euros, o pr\u00eamio ser\u00e1 entregue na pr\u00f3xima quarta-feira (20\/07), \u00e0s 14h30 (hor\u00e1rio de Bras\u00edlia), no anfiteatro da Funda\u00e7\u00e3o, em Lisboa. Estar\u00e3o presentes o presidente de Portugal, Marcelo Rebelo de Sousa e o ex-presidente, Jorge Sampaio, al\u00e9m do presidente da Funda\u00e7\u00e3o Gulbenkian, Artur Santos Silva. Neliton Marques e Virg\u00edlio Viana, respectivamente, vice-presidente do Conselho de Administra\u00e7\u00e3o e superintendente-geral da FAS que ir\u00e3o representar a organiza\u00e7\u00e3o.<\/span><\/p>\n<p><span style=\"color: #000000;\">O j\u00fari do Pr\u00eamio Calouste Gulbenkian, presidido por Jorge Sampaio, nomeou, entre 75 candidaturas internacionais, uma organiza\u00e7\u00e3o ambiental brasileira que tem se destacado na defesa e \u00e0 valoriza\u00e7\u00e3o da floresta amaz\u00f4nica, promovendo o envolvimento sustent\u00e1vel, a conserva\u00e7\u00e3o ambiental e a melhoria da qualidade de vida das comunidades ribeirinhas do Estado do Amazonas. O j\u00fari enalteceu a a\u00e7\u00e3o da FAS que, \u201coperando numa zona mundialmente t\u00e3o cr\u00edtica como a Amaz\u00f4nia desenvolve projetos para reduzir o desmatamento, preservar a biodiversidade, contribuindo para melhorar a qualidade de vida das popula\u00e7\u00f5es tradicionais\u201d.\u00a0 O j\u00fari enfatizou que \u201cesta distin\u00e7\u00e3o representa um sinal forte da import\u00e2ncia das quest\u00f5es ambientais principalmente pelo acordo hist\u00f3rico sobre as mudan\u00e7as clim\u00e1ticas assinado, na ONU, por um n\u00famero recorde de pa\u00edses\u201d.<\/span><\/p>\n<p><span style=\"color: #000000;\">Virg\u00edlio Viana, superintendente-geral da FAS, fala sobre a import\u00e2ncia de tal reconhecimento que ser\u00e1 investido integralmente nos programas e projetos desenvolvidos pela FAS junto \u00e0s 573 comunidades em que a organiza\u00e7\u00e3o atua no interior do estado. \u201cFoi com grande alegria que recebemos a not\u00edcia de que fomos agraciados com este pr\u00eamio t\u00e3o s\u00e9rio. Cada vez mais a equipe da FAS se envolver\u00e1 de maneira apaixonada e com muita seriedade e profissionalismo nos enormes desafios relacionados com a promo\u00e7\u00e3o do desenvolvimento sustent\u00e1vel, em especial \u00e0 conserva\u00e7\u00e3o ambiental e a melhoria da qualidade vida das popula\u00e7\u00f5es ribeirinhas da Amaz\u00f4nia\u201d.<\/span><\/p>\n<p><span style=\"color: #000000;\">Um dos fatores fundamentais para a FAS ser a vencedora do pr\u00eamio em 2016 \u00e9 a combina\u00e7\u00e3o de seus tr\u00eas programas, que juntos atendem popula\u00e7\u00f5es ribeirinhas desde a inf\u00e2ncia \u00e0 vida adulta. Com o Programa Bolsa Floresta, que representa um marco hist\u00f3rico no esfor\u00e7o para o desenvolvimento sustent\u00e1vel do Amazonas, a Funda\u00e7\u00e3o tem promovido para as fam\u00edlias ribeirinhas, oficinas dirigidas sobre mudan\u00e7as clim\u00e1ticas, servi\u00e7os ambientais, alertando para os efeitos negativos da abertura de novas \u00e1reas de ro\u00e7ado em florestas prim\u00e1rias.<\/span><\/p>\n<p><span style=\"color: #000000;\">J\u00e1 o Programa de Educa\u00e7\u00e3o e Sa\u00fade desenvolve esfor\u00e7os para ampliar e qualificar a oferta de servi\u00e7os p\u00fablicos de sa\u00fade e de educa\u00e7\u00e3o nas comunidades, utilizando uma infraestrutura existente (N\u00facleos de Conserva\u00e7\u00e3o e Sustentabilidade) para implementar projetos de qualifica\u00e7\u00e3o profissional, empreendedorismo, aten\u00e7\u00e3o integral \u00e0 primeira inf\u00e2ncia, interc\u00e2mbio de saberes, incentivo \u00e0 leitura, reciclagem de res\u00edduos s\u00f3lidos e pr\u00e1ticas agroecol\u00f3gicas e de permacultura.<\/span><\/p>\n<p><span style=\"color: #000000;\">Tamb\u00e9m o Programa de Solu\u00e7\u00f5es Inovadoras tem encorajado projetos para melhorar a produ\u00e7\u00e3o, a qualidade dos produtos e o rendimento das popula\u00e7\u00f5es por meio dos dispositivos e equipamentos inovadores, incentivando boas pr\u00e1ticas e procedimentos de seguran\u00e7a.<\/span><\/p>\n<p><span style=\"color: #000000;\"><strong>Pr\u00eamio Gulbenkian<\/strong><\/span><\/p>\n<p><span style=\"color: #000000;\">No valor de 250 mil euros o Pr\u00eamio Calouste Gulbenkian \u00e9 entregue a uma institui\u00e7\u00e3o ou a uma pessoa, portuguesa ou estrangeira, que tenha se distinguido na defesa dos valores essenciais da condi\u00e7\u00e3o humana. Foi concedido pela primeira vez em 2012 \u00e0 West-Eastern Divan Orchestra, a forma\u00e7\u00e3o liderada por Daniel Barenboim, tendo nos anos seguintes, contemplado, respectivamente, a Biblioteca de Alexandria (2013) e a Comunidade de Santo Eg\u00eddio (2014), e a Denis Mukwege, o m\u00e9dico congol\u00eas que tem dedicado a sua vida a assistir mulheres v\u00edtimas de viola\u00e7\u00e3o na Rep\u00fablica Democr\u00e1tica do Congo.<\/span><\/p>\n<p><span style=\"color: #000000;\">O J\u00fari do Pr\u00eamio Calouste Gulbenkian \u00e9 composto por Jorge Sampaio (Presidente), Vartan Gregorian (Carnegie Corporation, EUA), Comandante Pedro Pires (antigo Presidente da Rep\u00fablica de Cabo Verde), SAR Princesa Rym Ali da Jord\u00e2nia (fundadora Jordan Media Institute), Ant\u00f4nio N\u00f4voa (antigo reitor da Universidade de Lisboa) e M\u00f4nica Bettencourt-Dias (investigadora Instituto Gulbenkian de Ci\u00eancia).<\/span><\/p>\n<p><span style=\"color: #000000;\"><strong>Sobre a Funda\u00e7\u00e3o Amazonas Sustent\u00e1vel (FAS)<\/strong><\/span><\/p>\n<p><span style=\"color: #000000;\">A Funda\u00e7\u00e3o Amazonas Sustent\u00e1vel (FAS) \u00e9 uma organiza\u00e7\u00e3o brasileira n\u00e3o governamental, sem fins lucrativos, de utilidade p\u00fablica, estadual e federal. Criada em 20 de dezembro de 2007, pelo Banco Bradesco em parceria com o Governo do Estado do Amazonas, tem como miss\u00e3o promover o envolvimento sustent\u00e1vel, a conserva\u00e7\u00e3o ambiental e a melhoria da qualidade de vida das comunidades ribeirinhas do Estado do Amazonas. A entidade conta com o apoio da Coca-Cola Brasil (2009), do Fundo Amaz\u00f4nia-BNDES (2010) e da Samsung (2010), al\u00e9m de outras parcerias em programas e projetos desenvolvidos.<\/span><\/p>\n<p><span style=\"color: #000000;\">Fonte: Assessoria de Imprensa FAS<\/span><\/p>\n","protected":false},"excerpt":{"rendered":"<p>Pr\u00eamio de 250 mil euros recebido pela Funda\u00e7\u00e3o Amazonas Sustent\u00e1vel (FAS) ser\u00e1 destinado a projetos em comunidades ribeirinhas da Amaz\u00f4nia A Funda\u00e7\u00e3o Amazonas Sustent\u00e1vel (FAS) \u00e9 a grande vencedora do Pr\u00eamio Calouste Gulbenkian 2016, de Portugal, da Funda\u00e7\u00e3o Gulbenkian, nome de seu idealizador que deixou os bens em testamento para a cria\u00e7\u00e3o da entidade h\u00e1 [&hellip;]<\/p>\n","protected":false},"author":1,"featured_media":0,"comment_status":"open","ping_status":"open","sticky":false,"template":"","format":"standard","meta":{"_uag_custom_page_level_css":"","footnotes":""},"categories":[37],"tags":[1373,1464,2388,2607,4584,5264,9318,10589],"class_list":["post-2689","post","type-post","status-publish","format-standard","hentry","category-sustentabilidade","tag-biblioteca-de-alexandria","tag-bndes","tag-coca-cola-brasil","tag-comunidades-ribeirinhas","tag-estado-do-amazonas","tag-fundacao-amazonas-sustentavel-fas","tag-premio-calouste-gulbenkian","tag-samsung"],"blocksy_meta":[],"spectra_blocks_featured_image_url":null,"spectra_blocks_author_info":{"display_name":"Jornal da Constru\u00e7\u00e3o Civil","avatar_url":"https:\/\/secure.gravatar.com\/avatar\/973c9774fd44ddaceb026973c4962faa70fc512bc4c9da68e8ebb40fecee6540?s=96&d=mm&r=g","author_link":"https:\/\/construcaocivil.siriusmarketingedesign.com.br\/?author=1","description":"Desde de 2013, levando muitas informa\u00e7\u00f5es, lan\u00e7amentos e produtos de qualidade para toda cadeia produtiva da constru\u00e7\u00e3o. O Futuro da constru\u00e7\u00e3o passa por aqui,"},"uagb_featured_image_src":{"full":false,"thumbnail":false,"medium":false,"medium_large":false,"large":false,"1536x1536":false,"2048x2048":false},"uagb_author_info":{"display_name":"Jornal da Constru\u00e7\u00e3o Civil","author_link":"https:\/\/construcaocivil.siriusmarketingedesign.com.br\/?author=1"},"uagb_comment_info":0,"uagb_excerpt":"Pr\u00eamio de 250 mil euros recebido pela Funda\u00e7\u00e3o Amazonas Sustent\u00e1vel (FAS) ser\u00e1 destinado a projetos em comunidades ribeirinhas da Amaz\u00f4nia A Funda\u00e7\u00e3o Amazonas Sustent\u00e1vel (FAS) \u00e9 a grande vencedora do Pr\u00eamio Calouste Gulbenkian 2016, de Portugal, da Funda\u00e7\u00e3o Gulbenkian, nome de seu idealizador que deixou os bens em testamento para a cria\u00e7\u00e3o da entidade h\u00e1&hellip;","_links":{"self":[{"href":"https:\/\/construcaocivil.siriusmarketingedesign.com.br\/index.php?rest_route=\/wp\/v2\/posts\/2689","targetHints":{"allow":["GET"]}}],"collection":[{"href":"https:\/\/construcaocivil.siriusmarketingedesign.com.br\/index.php?rest_route=\/wp\/v2\/posts"}],"about":[{"href":"https:\/\/construcaocivil.siriusmarketingedesign.com.br\/index.php?rest_route=\/wp\/v2\/types\/post"}],"author":[{"embeddable":true,"href":"https:\/\/construcaocivil.siriusmarketingedesign.com.br\/index.php?rest_route=\/wp\/v2\/users\/1"}],"replies":[{"embeddable":true,"href":"https:\/\/construcaocivil.siriusmarketingedesign.com.br\/index.php?rest_route=%2Fwp%2Fv2%2Fcomments&post=2689"}],"version-history":[{"count":0,"href":"https:\/\/construcaocivil.siriusmarketingedesign.com.br\/index.php?rest_route=\/wp\/v2\/posts\/2689\/revisions"}],"wp:attachment":[{"href":"https:\/\/construcaocivil.siriusmarketingedesign.com.br\/index.php?rest_route=%2Fwp%2Fv2%2Fmedia&parent=2689"}],"wp:term":[{"taxonomy":"category","embeddable":true,"href":"https:\/\/construcaocivil.siriusmarketingedesign.com.br\/index.php?rest_route=%2Fwp%2Fv2%2Fcategories&post=2689"},{"taxonomy":"post_tag","embeddable":true,"href":"https:\/\/construcaocivil.siriusmarketingedesign.com.br\/index.php?rest_route=%2Fwp%2Fv2%2Ftags&post=2689"}],"curies":[{"name":"wp","href":"https:\/\/api.w.org\/{rel}","templated":true}]}}