{"id":273,"date":"2015-10-30T00:40:38","date_gmt":"2015-10-30T00:40:38","guid":{"rendered":"http:\/\/www.jornaldaconstrucaocivil.com.br\/?p=273"},"modified":"2015-10-30T00:40:38","modified_gmt":"2015-10-30T00:40:38","slug":"light-realiza-projeto-comunidade-eficiente-em-paqueta","status":"publish","type":"post","link":"https:\/\/construcaocivil.siriusmarketingedesign.com.br\/?p=273","title":{"rendered":"LIGHT REALIZA PROJETO COMUNIDADE EFICIENTE EM PAQUET\u00c1"},"content":{"rendered":"<p><strong><span style=\"color: #000000;\"><em>Companhia promove inclus\u00e3o na Tarifa Social de Energia El\u00e9trica, troca de geladeiras, reformas el\u00e9tricas em resid\u00eancias e a\u00e7\u00f5es educativas<\/em><\/span><\/strong><\/p>\n<p><span style=\"color: #000000;\">A Light vai promover uma s\u00e9rie de atividades em Paquet\u00e1, dentro do Projeto Comunidade Eficiente. O evento que marcar\u00e1 o in\u00edcio das a\u00e7\u00f5es ser\u00e1 realizado no s\u00e1bado (31\/10), entre 9h e 13h, Clube Barreirinha Futebol e Regatas, na Rua Pinheiro Freire, n\u00ba 20.<\/span><\/p>\n<p><span style=\"color: #000000;\">Dentro do Projeto Comunidade Eficiente, que promove a inclus\u00e3o social e a educa\u00e7\u00e3o para o uso consciente e seguro da energia, a Light trocar\u00e1 geladeiras e realizar\u00e1 reformas el\u00e9tricas em resid\u00eancias de clientes cadastrados na companhia que tenham a Tarifa Social de energia.<\/span><\/p>\n<p><span style=\"color: #000000;\">Durante todo o evento, as crian\u00e7as tamb\u00e9m poder\u00e3o aprender sobre economia de energia, com atividades l\u00fadicas disponibilizadas pela Light, tais como o Caminh\u00e3o Planeta Light, que fala sobre efici\u00eancia energ\u00e9tica e explica as informa\u00e7\u00f5es contidas na conta de luz.<\/span><\/p>\n<p><span style=\"color: #000000;\">A empresa de energia tamb\u00e9m ter\u00e1 um plant\u00e3o de cadastramento de clientes que t\u00eam o direito de aderir \u00e0 Tarifa Social de Energia.<\/span><\/p>\n<p><span style=\"color: #000000;\"><strong>Como se inscrever na Tarifa Social<\/strong><\/span><\/p>\n<p><span style=\"color: #000000;\">A Tarifa Social de Energia El\u00e9trica est\u00e1 dispon\u00edvel para consumidores que possuem o N\u00famero de Identifica\u00e7\u00e3o Social (NIS) ou Benef\u00edcio de Presta\u00e7\u00e3o Continuada da Assist\u00eancia Social (BPC), com descontos de at\u00e9 65% na fatura.<\/span><\/p>\n<p><span style=\"color: #000000;\">Para se cadastrar, \u00e9 necess\u00e1rio obter, primeiro, o NIS, por meio da Secretaria de Assist\u00eancia Social do Munic\u00edpio do Rio de Janeiro. Com posse do NIS, o consumidor dever\u00e1 ir \u00e0 ag\u00eancia da Light ou procurar plant\u00f5es eventuais de atendimento da companhia, para se cadastrar na Tarifa Social.<\/span><\/p>\n<p><span style=\"color: #000000;\"><strong>Comunidade Eficiente<\/strong><\/span><\/p>\n<p><span style=\"color: #000000;\"><strong>\u00a0<\/strong>O Projeto Comunidade Eficiente faz\u00a0parte do Programa de Efici\u00eancia Energ\u00e9tica da Ag\u00eancia Nacional de Energia El\u00e9trica (Aneel) e \u00e9\u00a0desenvolvido pela Light desde 2003. O projeto promove a inclus\u00e3o social e a\u00a0educa\u00e7\u00e3o para o uso consciente e seguro da energia. Ao longo desses quase 12 anos, foram executadas reformas em mais de 11 mil instala\u00e7\u00f5es el\u00e9tricas de resid\u00eancias com risco em comunidades.<\/span><\/p>\n<p><span style=\"color: #000000;\">Cerca de 400 mil visitas educativas e mais de 2 mil eventos relacionados \u00e0 economia de energia foram realizados no per\u00edodo. Neste projeto, al\u00e9m da troca de geladeiras, a Light promove ainda a substitui\u00e7\u00e3o de l\u00e2mpadas incandescentes por fluorescentes e ambas s\u00e3o descartadas seguindo as normas ambientais. Do in\u00edcio do projeto at\u00e9 agora, foram trocadas mais de 3 milh\u00f5es de l\u00e2mpadas e substitu\u00eddas mais de 94 mil geladeiras antigas por novas.<\/span><\/p>\n<p><span style=\"color: #000000;\">A companhia est\u00e1 sempre \u00e0 disposi\u00e7\u00e3o pelo Disque-Light Emerg\u00eancia (0800 021 0196), que funciona 24h. Tamb\u00e9m est\u00e3o dispon\u00edveis para os consumidores a Ag\u00eancia\u00a0Virtual (<strong><span style=\"color: #993366;\"><a style=\"color: #993366;\" href=\"https:\/\/correio.light.com.br\/owa\/redir.aspx?C=l8yBtRdFsUmZVd7Vg9P4ICqcFKgYmNIIeP5049kRusOEgJf8cW8NQzq038-4T4b4kvDKqJ6r3CY.&amp;URL=https%3a%2f%2fcorreio.light.com.br%2fowa%2fredir.aspx%3fC%3ddiD3rnYFuEK5tYARZF6yhUHv8cITjdIIus0Pu7tqDzE_aSHTSr0r5pgp-0klezNIwS46qD69cyk.%26URL%3dhttps%253a%252f%252fcorreio.light.com.br%252fowa%252fredir.aspx%253fC%253dQfg4vyOOqkGMcuTC0SYd7WYxAdR5VNIIqTbZHamlU6YNoE8upPq8q32v3fdrihrjq1RMpSnX-0k.%2526URL%253dhttp%25253a%25252f%25252fwww.light.com.br%25252f\">www.light.com.br<\/a><\/span><\/strong>), o chat (<strong><span style=\"color: #993366;\"><a style=\"color: #993366;\" href=\"https:\/\/correio.light.com.br\/owa\/redir.aspx?C=l8yBtRdFsUmZVd7Vg9P4ICqcFKgYmNIIeP5049kRusOEgJf8cW8NQzq038-4T4b4kvDKqJ6r3CY.&amp;URL=https%3a%2f%2fcorreio.light.com.br%2fowa%2fredir.aspx%3fC%3ddiD3rnYFuEK5tYARZF6yhUHv8cITjdIIus0Pu7tqDzE_aSHTSr0r5pgp-0klezNIwS46qD69cyk.%26URL%3dhttps%253a%252f%252fcorreio.light.com.br%252fowa%252fredir.aspx%253fC%253dQfg4vyOOqkGMcuTC0SYd7WYxAdR5VNIIqTbZHamlU6YNoE8upPq8q32v3fdrihrjq1RMpSnX-0k.%2526URL%253dhttp%25253a%25252f%25252fwww.light.com.br%25252f\">www.light.com.br<\/a><\/span><\/strong>), as ag\u00eancias comerciais, o Disque-Light Comercial (0800 282 0120),\u00a0o Disque-Light Grandes Clientes (0800 282 1380) e o Disque-Light para Deficientes Auditivos (0800 285 2453).<\/span><\/p>\n<p><span style=\"color: #993366;\"><strong>Mais informa\u00e7\u00f5es:<\/strong><\/span><\/p>\n<p><span style=\"color: #993366;\"><strong>Assessoria de Imprensa \u2013 Light<\/strong><\/span><\/p>\n<p>&nbsp;<\/p>\n","protected":false},"excerpt":{"rendered":"<p>Companhia promove inclus\u00e3o na Tarifa Social de Energia El\u00e9trica, troca de geladeiras, reformas el\u00e9tricas em resid\u00eancias e a\u00e7\u00f5es educativas A Light vai promover uma s\u00e9rie de atividades em Paquet\u00e1, dentro do Projeto Comunidade Eficiente. O evento que marcar\u00e1 o in\u00edcio das a\u00e7\u00f5es ser\u00e1 realizado no s\u00e1bado (31\/10), entre 9h e 13h, Clube Barreirinha Futebol e [&hellip;]<\/p>\n","protected":false},"author":1,"featured_media":0,"comment_status":"open","ping_status":"open","sticky":false,"template":"","format":"quote","meta":{"_uag_custom_page_level_css":"","footnotes":""},"categories":[37],"tags":[2244,2590,6876,8619,10375],"class_list":["post-273","post","type-post","status-publish","format-quote","hentry","category-sustentabilidade","tag-cidadania","tag-comunidade","tag-light","tag-paqueta","tag-rio-de-janeiro","post_format-post-format-quote"],"blocksy_meta":[],"spectra_blocks_featured_image_url":null,"spectra_blocks_author_info":{"display_name":"Jornal da Constru\u00e7\u00e3o Civil","avatar_url":"https:\/\/secure.gravatar.com\/avatar\/973c9774fd44ddaceb026973c4962faa70fc512bc4c9da68e8ebb40fecee6540?s=96&d=mm&r=g","author_link":"https:\/\/construcaocivil.siriusmarketingedesign.com.br\/?author=1","description":"Desde de 2013, levando muitas informa\u00e7\u00f5es, lan\u00e7amentos e produtos de qualidade para toda cadeia produtiva da constru\u00e7\u00e3o. O Futuro da constru\u00e7\u00e3o passa por aqui,"},"uagb_featured_image_src":{"full":false,"thumbnail":false,"medium":false,"medium_large":false,"large":false,"1536x1536":false,"2048x2048":false},"uagb_author_info":{"display_name":"Jornal da Constru\u00e7\u00e3o Civil","author_link":"https:\/\/construcaocivil.siriusmarketingedesign.com.br\/?author=1"},"uagb_comment_info":0,"uagb_excerpt":"Companhia promove inclus\u00e3o na Tarifa Social de Energia El\u00e9trica, troca de geladeiras, reformas el\u00e9tricas em resid\u00eancias e a\u00e7\u00f5es educativas A Light vai promover uma s\u00e9rie de atividades em Paquet\u00e1, dentro do Projeto Comunidade Eficiente. O evento que marcar\u00e1 o in\u00edcio das a\u00e7\u00f5es ser\u00e1 realizado no s\u00e1bado (31\/10), entre 9h e 13h, Clube Barreirinha Futebol e&hellip;","_links":{"self":[{"href":"https:\/\/construcaocivil.siriusmarketingedesign.com.br\/index.php?rest_route=\/wp\/v2\/posts\/273","targetHints":{"allow":["GET"]}}],"collection":[{"href":"https:\/\/construcaocivil.siriusmarketingedesign.com.br\/index.php?rest_route=\/wp\/v2\/posts"}],"about":[{"href":"https:\/\/construcaocivil.siriusmarketingedesign.com.br\/index.php?rest_route=\/wp\/v2\/types\/post"}],"author":[{"embeddable":true,"href":"https:\/\/construcaocivil.siriusmarketingedesign.com.br\/index.php?rest_route=\/wp\/v2\/users\/1"}],"replies":[{"embeddable":true,"href":"https:\/\/construcaocivil.siriusmarketingedesign.com.br\/index.php?rest_route=%2Fwp%2Fv2%2Fcomments&post=273"}],"version-history":[{"count":0,"href":"https:\/\/construcaocivil.siriusmarketingedesign.com.br\/index.php?rest_route=\/wp\/v2\/posts\/273\/revisions"}],"wp:attachment":[{"href":"https:\/\/construcaocivil.siriusmarketingedesign.com.br\/index.php?rest_route=%2Fwp%2Fv2%2Fmedia&parent=273"}],"wp:term":[{"taxonomy":"category","embeddable":true,"href":"https:\/\/construcaocivil.siriusmarketingedesign.com.br\/index.php?rest_route=%2Fwp%2Fv2%2Fcategories&post=273"},{"taxonomy":"post_tag","embeddable":true,"href":"https:\/\/construcaocivil.siriusmarketingedesign.com.br\/index.php?rest_route=%2Fwp%2Fv2%2Ftags&post=273"}],"curies":[{"name":"wp","href":"https:\/\/api.w.org\/{rel}","templated":true}]}}