{"id":2751,"date":"2016-07-22T20:36:15","date_gmt":"2016-07-22T20:36:15","guid":{"rendered":"http:\/\/www.jornaldaconstrucaocivil.com.br\/?p=2751"},"modified":"2016-07-22T20:36:15","modified_gmt":"2016-07-22T20:36:15","slug":"alunos-da-educacao-em-tempo-integral-de-itaborai-dao-show-de-talentos-em-festa-junina","status":"publish","type":"post","link":"https:\/\/construcaocivil.siriusmarketingedesign.com.br\/?p=2751","title":{"rendered":"Alunos da Educa\u00e7\u00e3o em tempo Integral de Itabora\u00ed d\u00e3o show de talentos em festa junina"},"content":{"rendered":"<p><span style=\"color: #993300;\">Sociedade<\/span><\/p>\n<p><strong><span style=\"color: #003366;\">Julho, 2016 &#8211; O que era para ser uma festa junina do Espa\u00e7o de Atendimento ao Desenvolvimento da Educa\u00e7\u00e3o Integral de Itabora\u00ed (EADI) transformou-se em um verdadeiro festival de talentos ao livre. <\/span><\/strong><\/p>\n<p><span style=\"color: #000000;\">Na atividade, realizada nesta sexta-feira (15), cerca de 150 crian\u00e7as da rede municipal deram mostras do que desenvolvem dentro do Espa\u00e7o. Ao menos duas vezes por semana, elas s\u00e3o beneficiadas com aulas bal\u00e9, taekwondo e pr\u00e1ticas da Guarda Mirim.<\/span><\/p>\n<figure id=\"attachment_2752\" aria-describedby=\"caption-attachment-2752\" style=\"width: 825px\" class=\"wp-caption aligncenter\"><a href=\"http:\/\/www.jornaldaconstrucaocivil.com.br\/wp-content\/uploads\/2016\/07\/ITABORAI-II.jpg\"><img loading=\"lazy\" decoding=\"async\" class=\"wp-image-2752\" src=\"http:\/\/www.jornaldaconstrucaocivil.com.br\/wp-content\/uploads\/2016\/07\/ITABORAI-II.jpg\" alt=\"ITABORAI II\" width=\"825\" height=\"551\" \/><\/a><figcaption id=\"caption-attachment-2752\" class=\"wp-caption-text\"><span style=\"color: #993300;\">Festa junina do Eadi. Cr\u00e9ditos: Priscila Marins<\/span><\/figcaption><\/figure>\n<p><span style=\"color: #000000;\">\u201cH\u00e1 um ano minha filha ingressou no curso de bal\u00e9. Fiquei muito contente porque foi uma iniciativa dela mesma. Acho que isso teve muito influ\u00eancia das amiguinhas que j\u00e1 faziam o curso. Hoje vou assistir a apresenta\u00e7\u00e3o dela pela primeira vez. N\u00e3o tem como n\u00e3o estar feliz\u201d, explica Marcela Ferreira, de 33 anos, m\u00e3e da Luana Ferreira, de 6 anos.<\/span><\/p>\n<p><span style=\"color: #000000;\">De acordo com Clem\u00e1ria Ramos, subsecretaria de Educa\u00e7\u00e3o Integral e Projetos Estrat\u00e9gicos de Itabora\u00ed, esse \u00e9 o quarto ano em que o EADI realiza esse movimento com foco na cultura regional.<\/span><\/p>\n<p><span style=\"color: #000000;\">\u201cMais que um momento de proximidade entre o aluno e os funcion\u00e1rios, \u00e9 a ocasi\u00e3o em que muitos pais comparecem \u00e0 unidade para ver o desempenho dos seus filhos. \u00c9 nesse clima que o di\u00e1logo entre o respons\u00e1vel e o educador podem e devem ser aproximados\u201d, explica Clem\u00e1ria.<\/span><\/p>\n<p><span style=\"color: #000000;\">Com apenas 12 anos, Felipe Viana, morador do bairro do Outeiro, conta que viu no teatro uma forma de amadurecer e ganhar desenvoltura. Mesmo ansioso para realizar sua primeira grande apresenta\u00e7\u00e3o, manteve-se confiante ao interpretar um padre em uma das apresenta\u00e7\u00f5es para a comunidade.\u00a0<\/span><\/p>\n<p><span style=\"color: #000000;\">\u201cCheguei ao Espa\u00e7o de Desenvolvimento indicado pelo meu primo, e hoje sou eu que n\u00e3o quero mais sair. Ter um professor amigo faz toda diferen\u00e7a\u201d, conta Felipe.<\/span><\/p>\n<p><span style=\"color: #000000;\">Al\u00e9m de manter os estudantes envolvidos com atividades educacionais e culturais, os educadores sociais trabalham no\u00e7\u00f5es de respeito, disciplina e organiza\u00e7\u00e3o.<\/span><\/p>\n<p><span style=\"color: #000000;\">\u201c\u00c9 muito gratificante quando voc\u00ea v\u00ea o avan\u00e7o do aluno. Quando, a partir do seu trabalho, ele adquiri outras potencialidades e desenvolturas\u201d, destaca S\u00e9rgio Sental, professor de Teatro.<\/span><\/p>\n<p><span style=\"color: #000000;\">As inscri\u00e7\u00f5es para o projeto acontecem semestralmente. Para participar, basta ser aluno da rede. Uma parte dos alunos chega atrav\u00e9s encaminhamentos feitos pelas pr\u00f3prias unidades escolares e conselhos tutelares do munic\u00edpio. Todo material, assim como os uniformes usados nas atividades, s\u00e3o fornecidos gratuitamente pela prefeitura.<\/span><\/p>\n<p><span style=\"color: #333300;\">Fonte: ASCOM\/Prefeitura de Itabora\u00ed\u00a0<\/span><\/p>\n","protected":false},"excerpt":{"rendered":"<p>Sociedade Julho, 2016 &#8211; O que era para ser uma festa junina do Espa\u00e7o de Atendimento ao Desenvolvimento da Educa\u00e7\u00e3o Integral de Itabora\u00ed (EADI) transformou-se em um verdadeiro festival de talentos ao livre. Na atividade, realizada nesta sexta-feira (15), cerca de 150 crian\u00e7as da rede municipal deram mostras do que desenvolvem dentro do Espa\u00e7o. Ao [&hellip;]<\/p>\n","protected":false},"author":1,"featured_media":2754,"comment_status":"open","ping_status":"open","sticky":false,"template":"","format":"standard","meta":{"_uag_custom_page_level_css":"","footnotes":""},"categories":[37],"tags":[3844,4989,6420,6594,9290,10646,11541],"class_list":["post-2751","post","type-post","status-publish","format-standard","has-post-thumbnail","hentry","category-sustentabilidade","tag-eadi","tag-festa-criancas","tag-itaborai","tag-julinha","tag-prefeitura-de-itaborai","tag-sao-joao","tag-teatro"],"blocksy_meta":[],"spectra_blocks_featured_image_url":[],"spectra_blocks_author_info":{"display_name":"Jornal da Constru\u00e7\u00e3o Civil","avatar_url":"https:\/\/secure.gravatar.com\/avatar\/973c9774fd44ddaceb026973c4962faa70fc512bc4c9da68e8ebb40fecee6540?s=96&d=mm&r=g","author_link":"https:\/\/construcaocivil.siriusmarketingedesign.com.br\/?author=1","description":"Desde de 2013, levando muitas informa\u00e7\u00f5es, lan\u00e7amentos e produtos de qualidade para toda cadeia produtiva da constru\u00e7\u00e3o. O Futuro da constru\u00e7\u00e3o passa por aqui,"},"uagb_featured_image_src":{"full":false,"thumbnail":false,"medium":false,"medium_large":false,"large":false,"1536x1536":false,"2048x2048":false},"uagb_author_info":{"display_name":"Jornal da Constru\u00e7\u00e3o Civil","author_link":"https:\/\/construcaocivil.siriusmarketingedesign.com.br\/?author=1"},"uagb_comment_info":0,"uagb_excerpt":"Sociedade Julho, 2016 &#8211; O que era para ser uma festa junina do Espa\u00e7o de Atendimento ao Desenvolvimento da Educa\u00e7\u00e3o Integral de Itabora\u00ed (EADI) transformou-se em um verdadeiro festival de talentos ao livre. Na atividade, realizada nesta sexta-feira (15), cerca de 150 crian\u00e7as da rede municipal deram mostras do que desenvolvem dentro do Espa\u00e7o. Ao&hellip;","_links":{"self":[{"href":"https:\/\/construcaocivil.siriusmarketingedesign.com.br\/index.php?rest_route=\/wp\/v2\/posts\/2751","targetHints":{"allow":["GET"]}}],"collection":[{"href":"https:\/\/construcaocivil.siriusmarketingedesign.com.br\/index.php?rest_route=\/wp\/v2\/posts"}],"about":[{"href":"https:\/\/construcaocivil.siriusmarketingedesign.com.br\/index.php?rest_route=\/wp\/v2\/types\/post"}],"author":[{"embeddable":true,"href":"https:\/\/construcaocivil.siriusmarketingedesign.com.br\/index.php?rest_route=\/wp\/v2\/users\/1"}],"replies":[{"embeddable":true,"href":"https:\/\/construcaocivil.siriusmarketingedesign.com.br\/index.php?rest_route=%2Fwp%2Fv2%2Fcomments&post=2751"}],"version-history":[{"count":0,"href":"https:\/\/construcaocivil.siriusmarketingedesign.com.br\/index.php?rest_route=\/wp\/v2\/posts\/2751\/revisions"}],"wp:attachment":[{"href":"https:\/\/construcaocivil.siriusmarketingedesign.com.br\/index.php?rest_route=%2Fwp%2Fv2%2Fmedia&parent=2751"}],"wp:term":[{"taxonomy":"category","embeddable":true,"href":"https:\/\/construcaocivil.siriusmarketingedesign.com.br\/index.php?rest_route=%2Fwp%2Fv2%2Fcategories&post=2751"},{"taxonomy":"post_tag","embeddable":true,"href":"https:\/\/construcaocivil.siriusmarketingedesign.com.br\/index.php?rest_route=%2Fwp%2Fv2%2Ftags&post=2751"}],"curies":[{"name":"wp","href":"https:\/\/api.w.org\/{rel}","templated":true}]}}