{"id":2762,"date":"2016-07-22T21:05:00","date_gmt":"2016-07-22T21:05:00","guid":{"rendered":"http:\/\/www.jornaldaconstrucaocivil.com.br\/?p=2762"},"modified":"2016-07-22T21:05:00","modified_gmt":"2016-07-22T21:05:00","slug":"poloar-ar-condicionado-comemora-sucesso-de-seu-programa-de-incentivos","status":"publish","type":"post","link":"https:\/\/construcaocivil.siriusmarketingedesign.com.br\/?p=2762","title":{"rendered":"PoloAr Ar Condicionado comemora sucesso de seu programa de incentivos"},"content":{"rendered":"<p><span style=\"color: #993300;\">S\u00e3o Paulo, Julho, 2016<\/span><\/p>\n<p><strong><span style=\"color: #000080;\">Para celebrar o grande sucesso de seu programa de incentivos, a Poloar Ar Condicionado, que se posiciona entre as maiores distribuidoras de condicionadores de ar do Brasil, realizou recentemente um encontro anual que tamb\u00e9m teve como objetivo tra\u00e7ar estrat\u00e9gias e definir novas metas, al\u00e9m de confraternizar, homenagear e premiar os revendedores de destaque espalhados pelo interior do estado de S\u00e3o Paulo. <\/span><\/strong><\/p>\n<p><span style=\"color: #000000;\">Com a presen\u00e7a dos principais colaboradores paulistas, o evento tamb\u00e9m contou com a participa\u00e7\u00e3o de Sidney Tunda, fundador e presidente da empresa que em 2016 completou 37 anos de atua\u00e7\u00e3o mercado.<\/span><\/p>\n<p><span style=\"color: #000000;\">Durante a ocasi\u00e3o, que aconteceu na Ch\u00e1cara da Poloar na cidade de Pindorama, no interior de S\u00e3o Paulo, al\u00e9m de palestras motivacionais, tamb\u00e9m foram distribu\u00eddos pr\u00eamios, como um carro zero quil\u00f4metro, aparelhos eletr\u00f4nicos, eletrodom\u00e9sticos, smartphones, ingressos para o cinema Cinep\u00f3lis, mochilas personalizadas, bolsas t\u00e9rmicas e camisetas, al\u00e9m de diversos vale compras.<\/span><\/p>\n<p><span style=\"color: #000000;\">O programa de incentivos da Poloar tra\u00e7ou metas ambiciosas de vendas, que foram amplamente atingidas na maioria das revendas credenciadas a Poloar. Idealizada pelos diretores da empresa, a iniciativa tem se mostrado uma eficiente estrat\u00e9gia para estimular as vendas do time de profissionais da companhia.\u00a0<\/span><\/p>\n<p><span style=\"color: #000000;\">\u201cA campanha de vendas deste ver\u00e3o foi sucesso absoluto. \u00c9 muito gratificante ver nossos colaboradores unidos e empenhados para alcan\u00e7arem seus objetivos. Apenas nesta campanha entregamos mais de 1000 pr\u00eamios instant\u00e2neos com as \u201cRaspadinhas Premiadas de Ver\u00e3o\u201d. E para este ano queremos mais. J\u00e1 estamos desenvolvendo novas campanhas e incentivos junto \u00e0 equipe para ultrapassarmos todos os recordes de vendas da Poloar\u201d, comenta Jorge Miranda, gerente de vendas da companhia.<\/span><\/p>\n<p><span style=\"color: #000000;\">Com aproximadamente 8.500 m\u00e1quinas vendidas em todas filiais participantes, equivalente a R$19 milh\u00f5es, foi registrado um crescimento significativo de 27%, se compararmos o mesmo per\u00edodo de campanha de 2014. Clique aqui para ver fotos do encontro.<\/span><\/p>\n<p>fonte: Assessoria de Imprensa\u00a0<a href=\"http:\/\/www.poloar.com.br\/\" target=\"_blank\"><strong>Poloar Ar Condicionado<\/strong><\/a><\/p>\n","protected":false},"excerpt":{"rendered":"<p>S\u00e3o Paulo, Julho, 2016 Para celebrar o grande sucesso de seu programa de incentivos, a Poloar Ar Condicionado, que se posiciona entre as maiores distribuidoras de condicionadores de ar do Brasil, realizou recentemente um encontro anual que tamb\u00e9m teve como objetivo tra\u00e7ar estrat\u00e9gias e definir novas metas, al\u00e9m de confraternizar, homenagear e premiar os revendedores [&hellip;]<\/p>\n","protected":false},"author":1,"featured_media":0,"comment_status":"open","ping_status":"open","sticky":false,"template":"","format":"standard","meta":{"_uag_custom_page_level_css":"","footnotes":""},"categories":[33],"tags":[837,3011,4410,8908,9081,12262],"class_list":["post-2762","post","type-post","status-publish","format-standard","hentry","category-mercado","tag-ar-condicionado","tag-contagem-minas-gerais","tag-equipamentos","tag-pindorama-sp","tag-poloar-ar-condicionado","tag-vendas"],"blocksy_meta":[],"spectra_blocks_featured_image_url":null,"spectra_blocks_author_info":{"display_name":"Jornal da Constru\u00e7\u00e3o Civil","avatar_url":"https:\/\/secure.gravatar.com\/avatar\/973c9774fd44ddaceb026973c4962faa70fc512bc4c9da68e8ebb40fecee6540?s=96&d=mm&r=g","author_link":"https:\/\/construcaocivil.siriusmarketingedesign.com.br\/?author=1","description":"Desde de 2013, levando muitas informa\u00e7\u00f5es, lan\u00e7amentos e produtos de qualidade para toda cadeia produtiva da constru\u00e7\u00e3o. O Futuro da constru\u00e7\u00e3o passa por aqui,"},"uagb_featured_image_src":{"full":false,"thumbnail":false,"medium":false,"medium_large":false,"large":false,"1536x1536":false,"2048x2048":false},"uagb_author_info":{"display_name":"Jornal da Constru\u00e7\u00e3o Civil","author_link":"https:\/\/construcaocivil.siriusmarketingedesign.com.br\/?author=1"},"uagb_comment_info":0,"uagb_excerpt":"S\u00e3o Paulo, Julho, 2016 Para celebrar o grande sucesso de seu programa de incentivos, a Poloar Ar Condicionado, que se posiciona entre as maiores distribuidoras de condicionadores de ar do Brasil, realizou recentemente um encontro anual que tamb\u00e9m teve como objetivo tra\u00e7ar estrat\u00e9gias e definir novas metas, al\u00e9m de confraternizar, homenagear e premiar os revendedores&hellip;","_links":{"self":[{"href":"https:\/\/construcaocivil.siriusmarketingedesign.com.br\/index.php?rest_route=\/wp\/v2\/posts\/2762","targetHints":{"allow":["GET"]}}],"collection":[{"href":"https:\/\/construcaocivil.siriusmarketingedesign.com.br\/index.php?rest_route=\/wp\/v2\/posts"}],"about":[{"href":"https:\/\/construcaocivil.siriusmarketingedesign.com.br\/index.php?rest_route=\/wp\/v2\/types\/post"}],"author":[{"embeddable":true,"href":"https:\/\/construcaocivil.siriusmarketingedesign.com.br\/index.php?rest_route=\/wp\/v2\/users\/1"}],"replies":[{"embeddable":true,"href":"https:\/\/construcaocivil.siriusmarketingedesign.com.br\/index.php?rest_route=%2Fwp%2Fv2%2Fcomments&post=2762"}],"version-history":[{"count":0,"href":"https:\/\/construcaocivil.siriusmarketingedesign.com.br\/index.php?rest_route=\/wp\/v2\/posts\/2762\/revisions"}],"wp:attachment":[{"href":"https:\/\/construcaocivil.siriusmarketingedesign.com.br\/index.php?rest_route=%2Fwp%2Fv2%2Fmedia&parent=2762"}],"wp:term":[{"taxonomy":"category","embeddable":true,"href":"https:\/\/construcaocivil.siriusmarketingedesign.com.br\/index.php?rest_route=%2Fwp%2Fv2%2Fcategories&post=2762"},{"taxonomy":"post_tag","embeddable":true,"href":"https:\/\/construcaocivil.siriusmarketingedesign.com.br\/index.php?rest_route=%2Fwp%2Fv2%2Ftags&post=2762"}],"curies":[{"name":"wp","href":"https:\/\/api.w.org\/{rel}","templated":true}]}}