{"id":2802,"date":"2016-07-26T15:26:45","date_gmt":"2016-07-26T15:26:45","guid":{"rendered":"http:\/\/www.jornaldaconstrucaocivil.com.br\/?p=2802"},"modified":"2016-07-26T15:26:45","modified_gmt":"2016-07-26T15:26:45","slug":"aeerj-convoca-candidatos-a-prefeitura-do-rio-para-discutir-politicas-publicas-para-construcao-civil","status":"publish","type":"post","link":"https:\/\/construcaocivil.siriusmarketingedesign.com.br\/?p=2802","title":{"rendered":"AEERJ convoca candidatos \u00e0 Prefeitura do Rio para discutir pol\u00edticas p\u00fablicas para constru\u00e7\u00e3o civil"},"content":{"rendered":"<p><span style=\"color: #993300;\">Acontece<\/span><\/p>\n<p><span style=\"color: #000000;\"><strong><span style=\"color: #000080;\">\u00a0A Associa\u00e7\u00e3o das Empresas de Engenharia do Estado do Rio de Janeiro (AEERJ) promove uma s\u00e9rie de debates com os candidatos \u00e0 Prefeitura do Rio de Janeiro. O objetivo \u00e9 discutir a carta-proposta elaborada pela entidade e que apresenta a vis\u00e3o das empresas associadas sobre pontos fundamentais para regular adequadamente o setor e trazer maior seguran\u00e7a para execu\u00e7\u00e3o de obras p\u00fablicas no Munic\u00edpio do Rio de Janeiro.<\/span><\/strong>\u00a0<\/span><\/p>\n<p><span style=\"color: #000000;\"> O primeiro candidato a participar ser\u00e1 Carlos Roberto Os\u00f3rio (PSDB), hoje, 26 de julho (ter\u00e7a-feira), na sede da entidade, a partir das 16h. Em 29 de agosto ser\u00e1 a vez de Alexandre Molon (REDE).<\/span><\/p>\n<p><span style=\"color: #000000;\">No documento da AEERJ s\u00e3o abordados temas como a necessidade do respeito aos contratos, melhoria nos processos de licita\u00e7\u00e3o e de gest\u00e3o p\u00fablica, defini\u00e7\u00e3o de prioridades para obras em andamento e para conserva\u00e7\u00e3o da cidade. A ideia \u00e9 que os candidatos conhe\u00e7am as propostas, se posicionem e apresentem de que forma enxergam a quest\u00e3o e como pretendem inserir a tem\u00e1tica em seus planos de governo. As empresas, por meio da AEERJ, abrem este importante canal de comunica\u00e7\u00e3o direta entre o poder p\u00fablico e a sociedade.<\/span><\/p>\n<p><span style=\"color: #993300;\">SERVI\u00c7O:<\/span><\/p>\n<p><span style=\"color: #993300;\">Debate: Propostas da AEERJ para o setor com Carlos Os\u00f3rio, candidato \u00e0 prefeito da cidade do Rio de Janeiro<\/span><\/p>\n<p><span style=\"color: #993300;\">Local: Av. Rio Branco, 124 \u2013 7\u00ba andar &#8211; Audit\u00f3rio<\/span><\/p>\n<p><span style=\"color: #993300;\">Hor\u00e1rio: \u00e0s 16h<\/span><\/p>\n","protected":false},"excerpt":{"rendered":"<p>Acontece \u00a0A Associa\u00e7\u00e3o das Empresas de Engenharia do Estado do Rio de Janeiro (AEERJ) promove uma s\u00e9rie de debates com os candidatos \u00e0 Prefeitura do Rio de Janeiro. O objetivo \u00e9 discutir a carta-proposta elaborada pela entidade e que apresenta a vis\u00e3o das empresas associadas sobre pontos fundamentais para regular adequadamente o setor e trazer [&hellip;]<\/p>\n","protected":false},"author":1,"featured_media":0,"comment_status":"open","ping_status":"open","sticky":false,"template":"","format":"standard","meta":{"_uag_custom_page_level_css":"","footnotes":""},"categories":[27],"tags":[467,1806,1859,2826,4018,9795,10791],"class_list":["post-2802","post","type-post","status-publish","format-standard","hentry","category-acontece","tag-aeerj","tag-candidatos-rio","tag-carlos-osorio","tag-construcao-civil","tag-eleicoes-2016","tag-propostas","tag-seguranca-juridica"],"blocksy_meta":[],"spectra_blocks_featured_image_url":null,"spectra_blocks_author_info":{"display_name":"Jornal da Constru\u00e7\u00e3o Civil","avatar_url":"https:\/\/secure.gravatar.com\/avatar\/973c9774fd44ddaceb026973c4962faa70fc512bc4c9da68e8ebb40fecee6540?s=96&d=mm&r=g","author_link":"https:\/\/construcaocivil.siriusmarketingedesign.com.br\/?author=1","description":"Desde de 2013, levando muitas informa\u00e7\u00f5es, lan\u00e7amentos e produtos de qualidade para toda cadeia produtiva da constru\u00e7\u00e3o. O Futuro da constru\u00e7\u00e3o passa por aqui,"},"uagb_featured_image_src":{"full":false,"thumbnail":false,"medium":false,"medium_large":false,"large":false,"1536x1536":false,"2048x2048":false},"uagb_author_info":{"display_name":"Jornal da Constru\u00e7\u00e3o Civil","author_link":"https:\/\/construcaocivil.siriusmarketingedesign.com.br\/?author=1"},"uagb_comment_info":0,"uagb_excerpt":"Acontece \u00a0A Associa\u00e7\u00e3o das Empresas de Engenharia do Estado do Rio de Janeiro (AEERJ) promove uma s\u00e9rie de debates com os candidatos \u00e0 Prefeitura do Rio de Janeiro. O objetivo \u00e9 discutir a carta-proposta elaborada pela entidade e que apresenta a vis\u00e3o das empresas associadas sobre pontos fundamentais para regular adequadamente o setor e trazer&hellip;","_links":{"self":[{"href":"https:\/\/construcaocivil.siriusmarketingedesign.com.br\/index.php?rest_route=\/wp\/v2\/posts\/2802","targetHints":{"allow":["GET"]}}],"collection":[{"href":"https:\/\/construcaocivil.siriusmarketingedesign.com.br\/index.php?rest_route=\/wp\/v2\/posts"}],"about":[{"href":"https:\/\/construcaocivil.siriusmarketingedesign.com.br\/index.php?rest_route=\/wp\/v2\/types\/post"}],"author":[{"embeddable":true,"href":"https:\/\/construcaocivil.siriusmarketingedesign.com.br\/index.php?rest_route=\/wp\/v2\/users\/1"}],"replies":[{"embeddable":true,"href":"https:\/\/construcaocivil.siriusmarketingedesign.com.br\/index.php?rest_route=%2Fwp%2Fv2%2Fcomments&post=2802"}],"version-history":[{"count":0,"href":"https:\/\/construcaocivil.siriusmarketingedesign.com.br\/index.php?rest_route=\/wp\/v2\/posts\/2802\/revisions"}],"wp:attachment":[{"href":"https:\/\/construcaocivil.siriusmarketingedesign.com.br\/index.php?rest_route=%2Fwp%2Fv2%2Fmedia&parent=2802"}],"wp:term":[{"taxonomy":"category","embeddable":true,"href":"https:\/\/construcaocivil.siriusmarketingedesign.com.br\/index.php?rest_route=%2Fwp%2Fv2%2Fcategories&post=2802"},{"taxonomy":"post_tag","embeddable":true,"href":"https:\/\/construcaocivil.siriusmarketingedesign.com.br\/index.php?rest_route=%2Fwp%2Fv2%2Ftags&post=2802"}],"curies":[{"name":"wp","href":"https:\/\/api.w.org\/{rel}","templated":true}]}}