{"id":2808,"date":"2016-07-27T18:27:57","date_gmt":"2016-07-27T18:27:57","guid":{"rendered":"http:\/\/www.jornaldaconstrucaocivil.com.br\/?p=2808"},"modified":"2016-07-27T18:27:57","modified_gmt":"2016-07-27T18:27:57","slug":"as-perspectivas-para-as-exportacoes-brasileiras-marcam-as-discussoes-do-lancamento-do-enaex-2016-no-rio","status":"publish","type":"post","link":"https:\/\/construcaocivil.siriusmarketingedesign.com.br\/?p=2808","title":{"rendered":"As perspectivas para as exporta\u00e7\u00f5es brasileiras marcam as discuss\u00f5es do lan\u00e7amento do ENAEX 2016 no Rio"},"content":{"rendered":"<p><span style=\"color: #000080;\"><strong>Conclus\u00e3o \u00e9 de que o Brasil necessita de agenda espec\u00edfica para aumentar competitividade do setor<\/strong><\/span><\/p>\n<p><span style=\"color: #000000;\"><span style=\"color: #ff0000;\">Rio de Janeiro, 27 de julho de 2014<\/span> \u2013<strong> \u201cCen\u00e1rios pol\u00edtico-econ\u00f4micos e perspectivas para as exporta\u00e7\u00f5es brasileiras\u201d<\/strong> foi a pauta das discuss\u00f5es que marcaram o lan\u00e7amento, no Rio, do Encontro Nacional de Com\u00e9rcio Exterior (ENAEX 2016). Para abordar o tema, o evento reuniu, na sede da Confedera\u00e7\u00e3o Nacional do Com\u00e9rcio (CNC), Carlos Thadeu de Freitas, economista-chefe da institui\u00e7\u00e3o, o embaixador Luiz Felipe Seixas Corr\u00eaa, presidente do Conselho Empresarial de Rela\u00e7\u00f5es Internacionais (CERI) da Federa\u00e7\u00e3o das Ind\u00fastrias do Estado do Rio de Janeiro (FIRJAN), e o presidente da Associa\u00e7\u00e3o de Com\u00e9rcio Exterior do Brasil (AEB), Jos\u00e9 Augusto de Castro.<\/span><\/p>\n<figure id=\"attachment_2809\" aria-describedby=\"caption-attachment-2809\" style=\"width: 372px\" class=\"wp-caption alignleft\"><a href=\"http:\/\/www.jornaldaconstrucaocivil.com.br\/wp-content\/uploads\/2016\/07\/GLC8206_cr\u00e9dito-Guarim-de-Lorena.jpg-OK.jpg\"><img loading=\"lazy\" decoding=\"async\" class=\"wp-image-2809\" src=\"http:\/\/www.jornaldaconstrucaocivil.com.br\/wp-content\/uploads\/2016\/07\/GLC8206_cr\u00e9dito-Guarim-de-Lorena.jpg-OK.jpg\" alt=\"_GLC8206_cr\u00e9dito Guarim de Lorena.jpg OK\" width=\"372\" height=\"248\" \/><\/a><figcaption id=\"caption-attachment-2809\" class=\"wp-caption-text\"><span style=\"color: #993300;\">Lan\u00e7amento da ENAEX 2016. <span style=\"color: #000000;\">Cr\u00e9ditos: Guarim de Lorena<\/span><\/span><\/figcaption><\/figure>\n<p>Durante sua apresenta\u00e7\u00e3o, Jos\u00e9 Augusto de Castro fez uma an\u00e1lise do setor exportador brasileiro e apontou as principais quest\u00f5es que impactam negativamente o segmento, que hoje ocupa a 25\u00aa posi\u00e7\u00e3o no ranking mundial de exporta\u00e7\u00e3o, apesar de ter o 8\u00ba PIB do mundo, segundo dados de 2015. \u201c\u00c9 necess\u00e1rio que o Brasil deixe de ficar a reboque das exporta\u00e7\u00f5es de commodities e invista no com\u00e9rcio de manufaturados para podermos crescer no ranking e aumentar nossa competitividade no com\u00e9rcio internacional\u201d, destacou.<\/p>\n<p>Segundo Castro, as exporta\u00e7\u00f5es de commodities significam rentabilidade; por\u00e9m, com a queda de pre\u00e7os no com\u00e9rcio mundial desses produtos, o Brasil, que tem a soja em gr\u00e3os, min\u00e9rio de ferro e petr\u00f3leo como principais itens de sua pauta de exporta\u00e7\u00e3o, perdeu espa\u00e7o no mercado internacional. \u201cEstimular a exporta\u00e7\u00e3o de manufaturados aumentar\u00e1 a nossa competitividade e com isso nossa efici\u00eancia no mercado global, com reflexos positivos na gera\u00e7\u00e3o de empregos e na eleva\u00e7\u00e3o de arrecada\u00e7\u00e3o\u201d, disse.<\/p>\n<p>Os custos de log\u00edstica, tribut\u00e1rio, infraestrutura, previdenci\u00e1rio e trabalhista s\u00e3o alguns dos fatores elencados por Castro como causa da perda da competitividade brasileira na exporta\u00e7\u00e3o. \u201cReduzir o Custo-Brasil, eliminar a inseguran\u00e7a jur\u00eddica\/operacional para que o exportador tenha previsibilidade, ter uma pol\u00edtica comercial externa agressiva, sem partidarismo, assim como uma taxa cambial neutra, sem favorecer exporta\u00e7\u00e3o ou importa\u00e7\u00e3o, s\u00e3o alguns dos desafios do Brasil no com\u00e9rcio exterior. Sem fazer o dever de casa, a solu\u00e7\u00e3o \u00e9 rezar, em mandarim, e se conformar em ser col\u00f4nia comercial num mundo industrializado\u201d, enfatizou Castro.<\/p>\n<p>Na opini\u00e3o de Castro, as perspectivas para a exporta\u00e7\u00e3o brasileira no curto prazo n\u00e3o s\u00e3o boas, mas h\u00e1 uma expectativa de que, ap\u00f3s a conclus\u00e3o do processo de impeachment e com o governo sinalizando fazer indispens\u00e1veis reformas estruturais, o setor se fortale\u00e7a e passe a ser cada vez mais um dos principais eixos do desenvolvimento econ\u00f4mico. \u201cMelhorar, depende exclusivamente de n\u00f3s, brasileiros\u201d, concluiu.<\/p>\n<p>O cen\u00e1rio previsto para a exporta\u00e7\u00e3o brasileira a partir de uma an\u00e1lise da pol\u00edtica fiscal do governo e seus impactos no d\u00f3lar marcou a apresenta\u00e7\u00e3o de Carlos Thadeu de Freitas durante o encontro. Segundo ele, o cen\u00e1rio interno n\u00e3o \u00e9 t\u00e3o bom, por\u00e9m os indicadores econ\u00f4micos j\u00e1 apontam uma pequena melhora. \u201cO grande problema \u00e9 que n\u00e3o h\u00e1 alternativa no curto prazo\u201d, afirmou. Entre as quest\u00f5es negativas para o setor exportador destacadas por ele est\u00e3o a atividade econ\u00f4mica mundial fraca, as incertezas relacionadas ao Brexit, al\u00e9m da alta taxa Selic. \u201cH\u00e1 perspectivas positivas, mas a manuten\u00e7\u00e3o da taxa de juros alta sem suporte fiscal acarretaria o retorno da retra\u00e7\u00e3o econ\u00f4mica e voltar\u00edamos ao per\u00edodo mais cr\u00edtico da crise, gerando impacto na exporta\u00e7\u00e3o\u201d, afirmou.<\/p>\n<p>O embaixador Seixas Corr\u00eaa fez uma ampla an\u00e1lise do atual momento do Brasil no contexto internacional e sobre o papel do Itamaraty no contexto da pol\u00edtica comercial brasileira. Em sua apresenta\u00e7\u00e3o relacionou as principais quest\u00f5es que impactam o com\u00e9rcio exterior brasileiro e citou o protecionismo, a falta de uma agenda interna de\u00a0 competitividade e de uma maior internacionaliza\u00e7\u00e3o do Brasil e tamb\u00e9m o Brexit. \u201c\u00c9 preciso investir na dinamiza\u00e7\u00e3o da pauta exportadora, assim como \u00e9 decisivo passar a imagem de um Brasil que quer participar dos fluxos globais de com\u00e9rcio\u201d, afirmou. Para isso, disse Seixas Corr\u00eaa, o Pa\u00eds deve buscar mais acordos comerciais, promover uma agenda de investimentos em infraestrutura e refor\u00e7ar a posi\u00e7\u00e3o comercial do Brasil na Am\u00e9rica Latina, al\u00e9m de buscar uma aproxima\u00e7\u00e3o com a Alian\u00e7a do Pac\u00edfico e desenhar uma nova agenda comercial com os EUA ap\u00f3s as elei\u00e7\u00f5es americanas, assim como promover a aproxima\u00e7\u00e3o comercial com o Reino Unido.<\/p>\n<p><strong><span style=\"color: #000000;\">Sobre o ENAEX<\/span><\/strong><\/p>\n<p><span style=\"color: #000000;\">O encontro, o mais importante f\u00f3rum de di\u00e1logo entre empres\u00e1rios e governo, reunir\u00e1 representantes de toda a cadeia de neg\u00f3cios do com\u00e9rcio internacional para discutir as principais quest\u00f5es que envolvem o setor, com vistas a melhorar a competitividade dos produtos brasileiros.<\/span><\/p>\n<p><span style=\"color: #000000;\">Est\u00e3o previstos workshops, pain\u00e9is e debates sobre os principais temas relacionados ao setor. Os inscritos tamb\u00e9m ter\u00e3o a oportunidade de participar de despachos executivos e reuni\u00f5es, assim como visitar a \u00e1rea de exposi\u00e7\u00e3o com estandes de empresas, entidades, \u00f3rg\u00e3os p\u00fablicos e m\u00eddias especializadas.<\/span><\/p>\n<p>Paralelamente ao evento, ocorrer\u00e1 \u00e0 reuni\u00e3o do Conselho de Com\u00e9rcio Exterior do MERCOSUL (MERCOEX), formado pelas co-irm\u00e3s da AEB no \u00e2mbito regional: CERA (C\u00e2mara de Exportadores de la Rep\u00fablica Argentina), UEU (Uni\u00f3n de Exportadores del Uruguay) e CIP (Centro de Importadores del Paraguay).<\/p>\n<p>Em reconhecimento \u00e0s empresas e institui\u00e7\u00f5es que se destacaram no com\u00e9rcio externo do Brasil no ano anterior, a AEB e o Minist\u00e9rio do Desenvolvimento, Ind\u00fastria e Com\u00e9rcio Exterior (MDIC) conceder\u00e3o durante o evento o Pr\u00eamio Destaque de Com\u00e9rcio Exterior 2015, que est\u00e1 em sua 22\u00aa edi\u00e7\u00e3o. Tamb\u00e9m haver\u00e1 a entrega do Pr\u00eamio Proex, do Banco do Brasil.<\/p>\n<p><strong><span style=\"color: #000000;\">Servi\u00e7o:<\/span><\/strong><\/p>\n<p><span style=\"color: #000000;\">35\u00ba Encontro Nacional de Com\u00e9rcio Exterior (ENAEX 2016)<\/span><\/p>\n<p><span style=\"color: #000000;\">Data: 23 e 24 de novembro de 2016<\/span><\/p>\n<p><span style=\"color: #000000;\">Hor\u00e1rio: 8h \u00e0s 19h (23\/11) e 8h \u00e0s 17h (24\/11)<\/span><\/p>\n<p><span style=\"color: #000000;\">Local: Centro de Conven\u00e7\u00f5es SulAm\u00e9rica (Av. Paulo de Frontin, 1 \u2013 Cidade Nova \u2013 Rio de Janeiro \u2013 RJ)<\/span><\/p>\n<p><span style=\"color: #000000;\">Informa\u00e7\u00f5es e inscri\u00e7\u00f5es: www.enaex.com.br\/enaex2016<\/span><\/p>\n","protected":false},"excerpt":{"rendered":"<p>Conclus\u00e3o \u00e9 de que o Brasil necessita de agenda espec\u00edfica para aumentar competitividade do setor Rio de Janeiro, 27 de julho de 2014 \u2013 \u201cCen\u00e1rios pol\u00edtico-econ\u00f4micos e perspectivas para as exporta\u00e7\u00f5es brasileiras\u201d foi a pauta das discuss\u00f5es que marcaram o lan\u00e7amento, no Rio, do Encontro Nacional de Com\u00e9rcio Exterior (ENAEX 2016). Para abordar o tema, [&hellip;]<\/p>\n","protected":false},"author":1,"featured_media":2809,"comment_status":"open","ping_status":"open","sticky":false,"template":"","format":"standard","meta":{"_uag_custom_page_level_css":"","footnotes":""},"categories":[27],"tags":[1030,1713,2460,2716,4247],"class_list":["post-2808","post","type-post","status-publish","format-standard","has-post-thumbnail","hentry","category-acontece","tag-associacao-de-comercio-exterior-do-brasil-aeb","tag-camara-de-exportadores-de-la-republica-argentina","tag-comercio-exterior-do-mercosul","tag-confederacao-nacional-do-comercio","tag-enaex-2016"],"blocksy_meta":[],"spectra_blocks_featured_image_url":[],"spectra_blocks_author_info":{"display_name":"Jornal da Constru\u00e7\u00e3o Civil","avatar_url":"https:\/\/secure.gravatar.com\/avatar\/973c9774fd44ddaceb026973c4962faa70fc512bc4c9da68e8ebb40fecee6540?s=96&d=mm&r=g","author_link":"https:\/\/construcaocivil.siriusmarketingedesign.com.br\/?author=1","description":"Desde de 2013, levando muitas informa\u00e7\u00f5es, lan\u00e7amentos e produtos de qualidade para toda cadeia produtiva da constru\u00e7\u00e3o. O Futuro da constru\u00e7\u00e3o passa por aqui,"},"uagb_featured_image_src":{"full":false,"thumbnail":false,"medium":false,"medium_large":false,"large":false,"1536x1536":false,"2048x2048":false},"uagb_author_info":{"display_name":"Jornal da Constru\u00e7\u00e3o Civil","author_link":"https:\/\/construcaocivil.siriusmarketingedesign.com.br\/?author=1"},"uagb_comment_info":0,"uagb_excerpt":"Conclus\u00e3o \u00e9 de que o Brasil necessita de agenda espec\u00edfica para aumentar competitividade do setor Rio de Janeiro, 27 de julho de 2014 \u2013 \u201cCen\u00e1rios pol\u00edtico-econ\u00f4micos e perspectivas para as exporta\u00e7\u00f5es brasileiras\u201d foi a pauta das discuss\u00f5es que marcaram o lan\u00e7amento, no Rio, do Encontro Nacional de Com\u00e9rcio Exterior (ENAEX 2016). Para abordar o tema,&hellip;","_links":{"self":[{"href":"https:\/\/construcaocivil.siriusmarketingedesign.com.br\/index.php?rest_route=\/wp\/v2\/posts\/2808","targetHints":{"allow":["GET"]}}],"collection":[{"href":"https:\/\/construcaocivil.siriusmarketingedesign.com.br\/index.php?rest_route=\/wp\/v2\/posts"}],"about":[{"href":"https:\/\/construcaocivil.siriusmarketingedesign.com.br\/index.php?rest_route=\/wp\/v2\/types\/post"}],"author":[{"embeddable":true,"href":"https:\/\/construcaocivil.siriusmarketingedesign.com.br\/index.php?rest_route=\/wp\/v2\/users\/1"}],"replies":[{"embeddable":true,"href":"https:\/\/construcaocivil.siriusmarketingedesign.com.br\/index.php?rest_route=%2Fwp%2Fv2%2Fcomments&post=2808"}],"version-history":[{"count":0,"href":"https:\/\/construcaocivil.siriusmarketingedesign.com.br\/index.php?rest_route=\/wp\/v2\/posts\/2808\/revisions"}],"wp:attachment":[{"href":"https:\/\/construcaocivil.siriusmarketingedesign.com.br\/index.php?rest_route=%2Fwp%2Fv2%2Fmedia&parent=2808"}],"wp:term":[{"taxonomy":"category","embeddable":true,"href":"https:\/\/construcaocivil.siriusmarketingedesign.com.br\/index.php?rest_route=%2Fwp%2Fv2%2Fcategories&post=2808"},{"taxonomy":"post_tag","embeddable":true,"href":"https:\/\/construcaocivil.siriusmarketingedesign.com.br\/index.php?rest_route=%2Fwp%2Fv2%2Ftags&post=2808"}],"curies":[{"name":"wp","href":"https:\/\/api.w.org\/{rel}","templated":true}]}}