{"id":2811,"date":"2016-07-27T18:48:12","date_gmt":"2016-07-27T18:48:12","guid":{"rendered":"http:\/\/www.jornaldaconstrucaocivil.com.br\/?p=2811"},"modified":"2016-07-27T18:48:12","modified_gmt":"2016-07-27T18:48:12","slug":"como-reduzir-minhas-contas-que-tal-comecar-pela-fatura-de-energia-eletrica","status":"publish","type":"post","link":"https:\/\/construcaocivil.siriusmarketingedesign.com.br\/?p=2811","title":{"rendered":"Como reduzir minhas contas? Que tal come\u00e7ar pela fatura de energia el\u00e9trica?"},"content":{"rendered":"<p><span style=\"color: #993300;\">Por Luiz Carlos Lopes J\u00fanior<\/span><\/p>\n<p><span style=\"color: #000000;\">Em momentos de aperto no or\u00e7amento familiar, como o atual, a maioria da popula\u00e7\u00e3o busca alternativas para reduzir os seus gastos para que caibam no bolso e consigam manter o padr\u00e3o de vida. O que poucos sabem \u00e9 que pequenas mudan\u00e7as de h\u00e1bitos e uma boa gest\u00e3o do consumo de energia podem trazer uma boa economia na conta de luz, uma das principais despesas fixas do or\u00e7amento da fam\u00edlia brasileira.<\/span><\/p>\n<figure id=\"attachment_2812\" aria-describedby=\"caption-attachment-2812\" style=\"width: 340px\" class=\"wp-caption alignleft\"><a href=\"http:\/\/www.jornaldaconstrucaocivil.com.br\/wp-content\/uploads\/2016\/07\/CPFL_Ilustra-Consumo.jpg-CASA.jpg\"><img loading=\"lazy\" decoding=\"async\" class=\"wp-image-2812\" src=\"http:\/\/www.jornaldaconstrucaocivil.com.br\/wp-content\/uploads\/2016\/07\/CPFL_Ilustra-Consumo.jpg-CASA.jpg\" alt=\"CPFL_Ilustra Consumo.jpg CASA\" width=\"340\" height=\"218\" \/><\/a><figcaption id=\"caption-attachment-2812\" class=\"wp-caption-text\"><span style=\"color: #800080;\">CPFL ilustra consumo.<span style=\"color: #000000;\"> Cr\u00e9dito: Leonardo de Souza Castagna<\/span><\/span><\/figcaption><\/figure>\n<p><span style=\"color: #000000;\">De acordo com o \u00faltimo levantamento, em maio de 2016, da Empresa de Pesquisa Energ\u00e9tica (EPE), o consumo m\u00e9dio de uma resid\u00eancia brasileira \u00e9 de 160 kWh\/m\u00eas. A Ag\u00eancia Nacional de Energia El\u00e9trica (ANEEL) calcula uma m\u00e9dia brasileira de R$ 0,48 reais por quilowatt-hora (sem impostos). Assim, uma fatura de energia el\u00e9trica de uma resid\u00eancia brasileira, em m\u00e9dia, pode custar R$ 76,80.<\/span><\/p>\n<p><span style=\"color: #000000;\">Mas, como reduzir a minha fatura de energia el\u00e9trica? \u00c9 simples responder essa quest\u00e3o. Com a calculadora em m\u00e3os e algumas informa\u00e7\u00f5es b\u00e1sicas e de f\u00e1cil acesso, \u00e9 poss\u00edvel estimar o valor da conta de luz e descobrir quais s\u00e3o os vil\u00f5es da sua fatura. O primeiro passo \u00e9 checar a pot\u00eancia dos eletrodom\u00e9sticos e eletroeletr\u00f4nicos que voc\u00ea tem na sua resid\u00eancia, o que est\u00e1 dispon\u00edvel no pr\u00f3prio aparelho. Lembrando que \u00e9 importante se atentar \u00e0s certifica\u00e7\u00f5es de efici\u00eancia energ\u00e9tica, como o Selo PROCEL e a Etiqueta do Inmetro, que auxiliam a identificar o equipamento que consome menos energia e \u00e9 mais eficiente.<\/span><\/p>\n<p><span style=\"color: #000000;\">Vamos exemplificar o c\u00e1lculo com um item bastante comum nos lares de milh\u00f5es de brasileiros: a TV LCD de 42\u2019\u2019, cuja pot\u00eancia \u00e9 de 250 watts (250 W), segundo o Inmetro. Esse valor deve ser multiplicado pelo n\u00famero de horas e de dias de uso durante um m\u00eas, ou seja, quanto tempo o aparelho fica ligado ao longo do m\u00eas. Assim, se ligarmos essa TV apenas no hor\u00e1rio de pico (entre 18h e 21h) e utilizarmos todos os dias (30 dias), chegaremos ao consumo de 22.500 W.<\/span><\/p>\n<p><span style=\"color: #000000;\">Para chegar \u00e0 quantidade de energia consumida em kWh\/m\u00eas, que \u00e9 a refer\u00eancia da tarifa das distribuidoras de energia el\u00e9trica no pa\u00eds, \u00e9 preciso os 22.500 W dividir por 1.000.\u00a0 Portanto, uma TV LCD de 42\u2019\u2019, com uso di\u00e1rio de 3 horas, representa um consumo final de 22,5 kWh\/m\u00eas. O c\u00e1lculo final de quanto o aparelho representar\u00e1, em m\u00e9dia, na conta de energia el\u00e9trica, vai ser o resultado da multiplica\u00e7\u00e3o do consumo (j\u00e1 em kWh\/m\u00eas) do aparelho pela tarifa de energia da distribuidora da sua cidade (para melhor resultado, conv\u00e9m considerar os impostos).<\/span><\/p>\n<figure id=\"attachment_2813\" aria-describedby=\"caption-attachment-2813\" style=\"width: 403px\" class=\"wp-caption alignright\"><a href=\"http:\/\/www.jornaldaconstrucaocivil.com.br\/wp-content\/uploads\/2016\/07\/CPFL_Ilustra-Consumo.jpg-Constru\u00e7\u00e3o.jpg\"><img loading=\"lazy\" decoding=\"async\" class=\"wp-image-2813\" src=\"http:\/\/www.jornaldaconstrucaocivil.com.br\/wp-content\/uploads\/2016\/07\/CPFL_Ilustra-Consumo.jpg-Constru\u00e7\u00e3o.jpg\" alt=\"CPFL_Ilustra Consumo.jpg Constru\u00e7\u00e3o\" width=\"403\" height=\"157\" \/><\/a><figcaption id=\"caption-attachment-2813\" class=\"wp-caption-text\"><span style=\"color: #800080;\">CPFL ilustra consumo na constru\u00e7\u00e3o. <span style=\"color: #000000;\">Cr\u00e9dito: Leonardo de Souza Castagna<\/span><\/span><\/figcaption><\/figure>\n<p><span style=\"color: #000000;\">Por exemplo, um consumidor que reside em Campinas, interior do Estado de S\u00e3o Paulo, \u00e9 atendido pela distribuidora CPFL Paulista, cuja tarifa \u00e9 de R$ 0,45 (sem impostos) por kWh\/m\u00eas. No exemplo de uma TV LCD de 42\u2019\u2019 com consumo de 22,5 kWh\/m\u00eas, este aparelho representar\u00e1 R$ 10,13 na conta de luz.<\/span><\/p>\n<p><span style=\"color: #000000;\">Para saber a sua tarifa com impostos, basta pegar uma fatura recente e dividir o consumo de energia pelo valor da conta. No caso de um cliente com um consumo de 189 kWh em Campinas, a fatura da CPFL Paulista foi de R$ 111,67. Isso significa uma tarifa de R$ 0,59 por kWh, incluindo os impostos municipais, estaduais e federais. Repetindo o exemplo anterior, a TV LCD de 42\u201d teria custo de R$ 13,27.<\/span><\/p>\n<p><span style=\"color: #000000;\">A\u00ed fica o alerta: ser\u00e1 que \u00e9 preciso ligar a TV todos os dias? Ou ser\u00e1 que existe outro aparelho com uma pot\u00eancia menor e que proporcionar\u00e1 um consumo reduzido? De acordo com uma p\u00e1gina sobre provedores de eletricidade da Gr\u00e3-Bretanha (uSwitch), uma televis\u00e3o LCD de 32 polegadas eficiente usa a metade da eletricidade de uma TV de plasma de 42 polegadas.<\/span><\/p>\n<p><span style=\"color: #000000;\">Abaixo, segue uma tabela com sete eletrodom\u00e9sticos (mais utilizados) de acordo com um uso hipot\u00e9tico, baseado nos dados do Programa Nacional de Conserva\u00e7\u00e3o de Energia El\u00e9trica (PROCEL):<\/span><\/p>\n<table width=\"702\">\n<tbody>\n<tr>\n<td width=\"173\"><span style=\"color: #000000;\"><strong><br \/>\n<\/strong><\/span><span style=\"color: #000000;\"><strong>Eletrodom\u00e9stico\/ eletroeletr\u00f4nico<\/strong><\/span><\/td>\n<td width=\"105\"><span style=\"color: #000000;\"><strong>Pot\u00eancia Aproximada (WATTS)<\/strong><\/span><\/td>\n<td width=\"67\"><span style=\"color: #000000;\"><strong>Horas<\/strong><\/span><\/td>\n<td width=\"55\"><span style=\"color: #000000;\"><strong>Dias<\/strong><\/span><\/td>\n<td width=\"90\"><span style=\"color: #000000;\"><strong>Medida em kWh<\/strong><\/span><\/td>\n<td width=\"97\"><span style=\"color: #000000;\"><strong>Tarifa da CPFL Paulista*<\/strong><\/span><\/td>\n<td width=\"114\"><span style=\"color: #000000;\"><strong>Representa na conta de energia el\u00e9trica (m\u00e9dia)<\/strong><\/span><\/td>\n<\/tr>\n<tr>\n<td width=\"173\"><span style=\"color: #ff0000;\">Geladeira simples<\/span><\/td>\n<td width=\"105\"><span style=\"color: #000000;\">250<\/span><\/td>\n<td width=\"67\"><span style=\"color: #000000;\">24 h<\/span><\/td>\n<td width=\"55\"><span style=\"color: #000000;\">30<\/span><\/td>\n<td width=\"90\">&nbsp;<\/td>\n<td width=\"97\">&nbsp;<\/td>\n<td width=\"114\"><span style=\"color: #000000;\">R$ 81,00<\/span><\/td>\n<\/tr>\n<tr>\n<td width=\"173\"><span style=\"color: #ff0000;\">Forno de Micro-Ondas<\/span><\/td>\n<td width=\"105\"><span style=\"color: #000000;\">2.000<\/span><\/td>\n<td width=\"67\"><span style=\"color: #000000;\">20 min<\/span><\/td>\n<td width=\"55\"><span style=\"color: #000000;\">30<\/span><\/td>\n<td width=\"90\">&nbsp;<\/td>\n<td width=\"97\">&nbsp;<\/td>\n<td width=\"114\"><span style=\"color: #000000;\">R$ 8,10<\/span><\/td>\n<\/tr>\n<tr>\n<td width=\"173\"><span style=\"color: #ff0000;\">Liquidificador<\/span><\/td>\n<td width=\"105\"><span style=\"color: #000000;\">200<\/span><\/td>\n<td width=\"67\"><span style=\"color: #000000;\">15 min<\/span><\/td>\n<td width=\"55\"><span style=\"color: #000000;\">15<\/span><\/td>\n<td width=\"90\">&nbsp;<\/td>\n<td width=\"97\">&nbsp;<\/td>\n<td width=\"114\"><span style=\"color: #000000;\">R$ 0,34<\/span><\/td>\n<\/tr>\n<tr>\n<td width=\"173\"><span style=\"color: #ff0000;\">M\u00e1quina de lavar roupa<\/span><\/td>\n<td width=\"105\"><span style=\"color: #000000;\">1.000<\/span><\/td>\n<td width=\"67\"><span style=\"color: #000000;\">1h<\/span><\/td>\n<td width=\"55\"><span style=\"color: #000000;\">12<\/span><\/td>\n<td width=\"90\"><span style=\"color: #000000;\">\/1000<\/span><\/td>\n<td width=\"97\"><span style=\"color: #000000;\">R$ 0,45<\/span><\/td>\n<td width=\"114\"><span style=\"color: #000000;\">R$ 5,40<\/span><\/td>\n<\/tr>\n<tr>\n<td width=\"173\"><span style=\"color: #ff0000;\">Chuveiro el\u00e9trico<\/span><\/td>\n<td width=\"105\"><span style=\"color: #000000;\">5.500<\/span><\/td>\n<td width=\"67\"><span style=\"color: #000000;\">32 min<\/span><\/td>\n<td width=\"55\"><span style=\"color: #000000;\">30<\/span><\/td>\n<td width=\"90\">&nbsp;<\/td>\n<td width=\"97\">&nbsp;<\/td>\n<td width=\"114\"><span style=\"color: #000000;\">R$ 39,36<\/span><\/td>\n<\/tr>\n<tr>\n<td width=\"173\"><span style=\"color: #ff0000;\">Computador<\/span><\/td>\n<td width=\"105\"><span style=\"color: #000000;\">300<\/span><\/td>\n<td width=\"67\"><span style=\"color: #000000;\">8h<\/span><\/td>\n<td width=\"55\"><span style=\"color: #000000;\">30<\/span><\/td>\n<td width=\"90\">&nbsp;<\/td>\n<td width=\"97\">&nbsp;<\/td>\n<td width=\"114\"><span style=\"color: #000000;\">R$ 32,40<\/span><\/td>\n<\/tr>\n<tr>\n<td width=\"173\"><span style=\"color: #ff0000;\">Ferro el\u00e9trico<\/span><\/td>\n<td width=\"105\"><span style=\"color: #000000;\">1.000<\/span><\/td>\n<td width=\"67\"><span style=\"color: #000000;\">1 h<\/span><\/td>\n<td width=\"55\"><span style=\"color: #000000;\">30<\/span><\/td>\n<td width=\"90\">&nbsp;<\/td>\n<td width=\"97\">&nbsp;<\/td>\n<td width=\"114\"><span style=\"color: #000000;\">R$ 13,50<\/span><\/td>\n<\/tr>\n<\/tbody>\n<\/table>\n<p><span style=\"color: #000000;\">__________________________<\/span><\/p>\n<p><span style=\"color: #0000ff;\">* valor da distribuidora CPFL Paulista sem os tributos e outros elementos que fazem parte de sua conta de luz, tais como ICMS, Taxa de Ilumina\u00e7\u00e3o P\u00fablica.<\/span><\/p>\n<p><span style=\"color: #000000;\">Veja tamb\u00e9m, o jeito mais adequado e seguro de usar a energia em sua resid\u00eancia, sem abrir m\u00e3o do conforto que ela proporciona (vide ilustra\u00e7\u00e3o).\u00a0<\/span><\/p>\n<p><span style=\"color: #000000;\">Assim, ao conhecermos melhor o nosso consumo de energia, teremos mais consci\u00eancia para cortar o desperd\u00edcio, contribuindo com a preserva\u00e7\u00e3o do meio ambiente sem comprometer a nossa qualidade de vida e, ainda, reduzindo o valor da nossa conta de luz, proporcionando um al\u00edvio para o or\u00e7amento familiar.<\/span><\/p>\n<p><span style=\"color: #993300;\"><strong>Luiz Carlos Lopes J\u00fanior<\/strong>, gerente de Efici\u00eancia Energ\u00e9tica da CPFL Energia<\/span><\/p>\n","protected":false},"excerpt":{"rendered":"<p>Por Luiz Carlos Lopes J\u00fanior Em momentos de aperto no or\u00e7amento familiar, como o atual, a maioria da popula\u00e7\u00e3o busca alternativas para reduzir os seus gastos para que caibam no bolso e consigam manter o padr\u00e3o de vida. O que poucos sabem \u00e9 que pequenas mudan\u00e7as de h\u00e1bitos e uma boa gest\u00e3o do consumo de [&hellip;]<\/p>\n","protected":false},"author":1,"featured_media":2812,"comment_status":"open","ping_status":"open","sticky":false,"template":"","format":"standard","meta":{"_uag_custom_page_level_css":"","footnotes":""},"categories":[27],"tags":[1771,2819,3001,3127,9433,11534,12014],"class_list":["post-2811","post","type-post","status-publish","format-standard","has-post-thumbnail","hentry","category-acontece","tag-campinas-sp","tag-consta-de-luz","tag-consumo-de-energia","tag-cpfl","tag-procel","tag-taxa-de-energia","tag-tv-lcd-de-42"],"blocksy_meta":[],"spectra_blocks_featured_image_url":[],"spectra_blocks_author_info":{"display_name":"Jornal da Constru\u00e7\u00e3o Civil","avatar_url":"https:\/\/secure.gravatar.com\/avatar\/973c9774fd44ddaceb026973c4962faa70fc512bc4c9da68e8ebb40fecee6540?s=96&d=mm&r=g","author_link":"https:\/\/construcaocivil.siriusmarketingedesign.com.br\/?author=1","description":"Desde de 2013, levando muitas informa\u00e7\u00f5es, lan\u00e7amentos e produtos de qualidade para toda cadeia produtiva da constru\u00e7\u00e3o. O Futuro da constru\u00e7\u00e3o passa por aqui,"},"uagb_featured_image_src":{"full":false,"thumbnail":false,"medium":false,"medium_large":false,"large":false,"1536x1536":false,"2048x2048":false},"uagb_author_info":{"display_name":"Jornal da Constru\u00e7\u00e3o Civil","author_link":"https:\/\/construcaocivil.siriusmarketingedesign.com.br\/?author=1"},"uagb_comment_info":0,"uagb_excerpt":"Por Luiz Carlos Lopes J\u00fanior Em momentos de aperto no or\u00e7amento familiar, como o atual, a maioria da popula\u00e7\u00e3o busca alternativas para reduzir os seus gastos para que caibam no bolso e consigam manter o padr\u00e3o de vida. O que poucos sabem \u00e9 que pequenas mudan\u00e7as de h\u00e1bitos e uma boa gest\u00e3o do consumo de&hellip;","_links":{"self":[{"href":"https:\/\/construcaocivil.siriusmarketingedesign.com.br\/index.php?rest_route=\/wp\/v2\/posts\/2811","targetHints":{"allow":["GET"]}}],"collection":[{"href":"https:\/\/construcaocivil.siriusmarketingedesign.com.br\/index.php?rest_route=\/wp\/v2\/posts"}],"about":[{"href":"https:\/\/construcaocivil.siriusmarketingedesign.com.br\/index.php?rest_route=\/wp\/v2\/types\/post"}],"author":[{"embeddable":true,"href":"https:\/\/construcaocivil.siriusmarketingedesign.com.br\/index.php?rest_route=\/wp\/v2\/users\/1"}],"replies":[{"embeddable":true,"href":"https:\/\/construcaocivil.siriusmarketingedesign.com.br\/index.php?rest_route=%2Fwp%2Fv2%2Fcomments&post=2811"}],"version-history":[{"count":0,"href":"https:\/\/construcaocivil.siriusmarketingedesign.com.br\/index.php?rest_route=\/wp\/v2\/posts\/2811\/revisions"}],"wp:attachment":[{"href":"https:\/\/construcaocivil.siriusmarketingedesign.com.br\/index.php?rest_route=%2Fwp%2Fv2%2Fmedia&parent=2811"}],"wp:term":[{"taxonomy":"category","embeddable":true,"href":"https:\/\/construcaocivil.siriusmarketingedesign.com.br\/index.php?rest_route=%2Fwp%2Fv2%2Fcategories&post=2811"},{"taxonomy":"post_tag","embeddable":true,"href":"https:\/\/construcaocivil.siriusmarketingedesign.com.br\/index.php?rest_route=%2Fwp%2Fv2%2Ftags&post=2811"}],"curies":[{"name":"wp","href":"https:\/\/api.w.org\/{rel}","templated":true}]}}