{"id":2825,"date":"2016-07-27T20:14:26","date_gmt":"2016-07-27T20:14:26","guid":{"rendered":"http:\/\/www.jornaldaconstrucaocivil.com.br\/?p=2825"},"modified":"2016-07-27T20:14:26","modified_gmt":"2016-07-27T20:14:26","slug":"empresas-curitibanas-centenarias-investem-no-interior-do-parana","status":"publish","type":"post","link":"https:\/\/construcaocivil.siriusmarketingedesign.com.br\/?p=2825","title":{"rendered":"Empresas curitibanas centen\u00e1rias investem no interior do Paran\u00e1"},"content":{"rendered":"<p><span style=\"color: #000080;\"><strong><em>Em busca de novos mercados, empresas tradicionais da capital paranaense direcionam sua atua\u00e7\u00e3o para cidades do interior<\/em><\/strong><\/span><\/p>\n<p><span style=\"color: #000000;\"><strong>Curitiba, Julho, 2016<\/strong>\u00a0&#8211; O interior do Paran\u00e1 tem se revelado um polo de bons neg\u00f3cios. Vislumbrando a explora\u00e7\u00e3o de novos mercados, empresas originalmente curitibanas t\u00eam expandido suas atua\u00e7\u00f5es e fronteiras para cidades que oferecem um mercado cada vez mais promissor e indicam novas oportunidades de neg\u00f3cios.<\/span><\/p>\n<figure id=\"attachment_2826\" aria-describedby=\"caption-attachment-2826\" style=\"width: 258px\" class=\"wp-caption alignleft\"><a href=\"http:\/\/www.jornaldaconstrucaocivil.com.br\/wp-content\/uploads\/2016\/07\/Arsenio-de-Almeida-Neto-CEO-Th\u00e1.jpg-OK.jpg\"><img loading=\"lazy\" decoding=\"async\" class=\"wp-image-2826\" src=\"http:\/\/www.jornaldaconstrucaocivil.com.br\/wp-content\/uploads\/2016\/07\/Arsenio-de-Almeida-Neto-CEO-Th\u00e1.jpg-OK.jpg\" alt=\"Arsenio de Almeida Neto - CEO Th\u00e1.jpg OK\" width=\"258\" height=\"386\" \/><\/a><figcaption id=\"caption-attachment-2826\" class=\"wp-caption-text\"><span style=\"color: #ff0000;\">Arsenio de Almeida Neto, CEO do grupo TH\u00c1. <\/span><\/figcaption><\/figure>\n<p><span style=\"color: #000000;\">A aproximadamente 400 km de Curitiba, Londrina, quarta cidade mais importante da regi\u00e3o sul e localizada estrategicamente no eixo que liga o sul ao sudeste, tem despertado a aten\u00e7\u00e3o de empresas que buscam ampliar seus neg\u00f3cios e atingir novos p\u00fablicos. Um exemplo dessa viagem ao interior do Paran\u00e1 \u00e9 o\u00a0<strong>Grupo Th\u00e1<\/strong>, empresa curitibana que congrega engenharia, incorporadora e imobili\u00e1ria.<\/span><\/p>\n<p><span style=\"color: #000000;\">A hist\u00f3ria da\u00a0<strong>Th\u00e1<\/strong>\u00a0no interior do Paran\u00e1 come\u00e7ou ainda nos tempos da funda\u00e7\u00e3o de Londrina, com a constru\u00e7\u00e3o do pr\u00e9dio da Esta\u00e7\u00e3o Ferrovi\u00e1ria, em 1945, o grande marco do desenvolvimento da cidade. Nos \u00faltimos anos, essa atua\u00e7\u00e3o foi intensificada, com destaque para constru\u00e7\u00e3o do Real Parque, bairro planejado que est\u00e1 sendo implantado na Gleba Palhano, e para a reforma e amplia\u00e7\u00e3o da Santa Casa de Londrina.<\/span><\/p>\n<p><span style=\"color: #000000;\">De acordo com o CEO do\u00a0<strong>Grupo Th\u00e1<\/strong>, Arsenio de Almeida Neto, a cidade de Londrina \u00e9 um amplo mercado a ser explorado.<em> \u201cO mercado imobili\u00e1rio em Londrina tem demonstrado grande maturidade e equil\u00edbrio. O\u00a0<strong>Grupo Th\u00e1<\/strong>\u00a0acredita no potencial do mercado londrinense e tem seguran\u00e7a para novas constru\u00e7\u00f5es. Nosso objetivo \u00e9 crescer cada dia mais na regi\u00e3o e construir obras exemplares e que tragam o melhor para cada morador e\/ou investidor de Londrina\u201d,<\/em> afirma. Atualmente, a\u00a0<strong>Th\u00e1\u00a0<\/strong>possui quatro empreendimentos em constru\u00e7\u00e3o na cidade que juntos somam mais de 100 mil m\u00b2 de \u00e1rea constru\u00edda.<\/span><\/p>\n<figure id=\"attachment_2827\" aria-describedby=\"caption-attachment-2827\" style=\"width: 340px\" class=\"wp-caption alignright\"><a href=\"http:\/\/www.jornaldaconstrucaocivil.com.br\/wp-content\/uploads\/2016\/07\/Rodrigo-Marcon-CEO-da-Cini-Bebidas.jpg\"><img loading=\"lazy\" decoding=\"async\" class=\"wp-image-2827\" src=\"http:\/\/www.jornaldaconstrucaocivil.com.br\/wp-content\/uploads\/2016\/07\/Rodrigo-Marcon-CEO-da-Cini-Bebidas-1024x684.jpg\" alt=\"Foto: Priscilla Fiedler\" width=\"340\" height=\"227\" \/><\/a><figcaption id=\"caption-attachment-2827\" class=\"wp-caption-text\"><span style=\"color: #800000;\">CEO da Cini Bebidas, Rodrigo Marcon.<span style=\"color: #000000;\">Foto: Priscilla Fiedler<\/span><\/span><\/figcaption><\/figure>\n<p><span style=\"color: #000000;\">Na \u00e1rea da educa\u00e7\u00e3o, o<strong>\u00a0Instituto Superior de Administra\u00e7\u00e3o e Economia (ISAE)<\/strong>, conveniado da Funda\u00e7\u00e3o Getulio Vargas (FGV) no Estado do Paran\u00e1, tamb\u00e9m intensificou seu processo de incurs\u00e3o pelo interior. No ano em que completa 20 anos de hist\u00f3ria, a institui\u00e7\u00e3o est\u00e1 tirando do papel seu projeto de expans\u00e3o nas cidades de Londrina e Francisco Beltr\u00e3o. Em Londrina, por exemplo, o\u00a0<strong>ISAE<\/strong>\u00a0ter\u00e1 uma nova sede, que contar\u00e1 com aproximadamente 500m\u00b2, com capacidade para atender 1.170 alunos por per\u00edodo.<\/span><\/p>\n<p><span style=\"color: #000000;\">Outra empresa que experimentou um crescimento exponencial de 20% no segundo semestre de 2015 e resolveu respirar novos ares \u00e9 a centen\u00e1ria\u00a0<strong>Cini Bebidas<\/strong>, que est\u00e1 focando na regi\u00e3o para consolidar sua imagem e aumentar sua abrang\u00eancia estadual. Inicialmente, a ideia da\u00a0<strong>Cini Bebidas<\/strong>\u00a0\u00e9 trabalhar com intensidade nas grandes cidades do interior, entre elas Londrina, Maring\u00e1, Ponta Grossa, Cascavel e Foz do Igua\u00e7u com objetivo de aumentar sua distribui\u00e7\u00e3o.<\/span><\/p>\n<p><span style=\"color: #000000;\">\u201cContrariando o momento negativo da economia brasileira, a\u00a0<strong>Cini<\/strong>\u00a0tem alcan\u00e7ado n\u00fameros significativos nos \u00faltimos meses. Isso \u00e9 fruto de um trabalho baseado em um planejamento completo, que integra todas as \u00e1reas da empresa, e moderno, focado em resultados concretos. \u00c9 com esse cuidado e dedica\u00e7\u00e3o, oferecendo sempre produtos de alt\u00edssima qualidade, que queremos consolidar nossa marca no interior do Paran\u00e1\u201d, completa o CEO da Cini Bebidas, Rodrigo Marcon.<\/span><\/p>\n<p>&nbsp;<\/p>\n","protected":false},"excerpt":{"rendered":"<p>Em busca de novos mercados, empresas tradicionais da capital paranaense direcionam sua atua\u00e7\u00e3o para cidades do interior Curitiba, Julho, 2016\u00a0&#8211; O interior do Paran\u00e1 tem se revelado um polo de bons neg\u00f3cios. Vislumbrando a explora\u00e7\u00e3o de novos mercados, empresas originalmente curitibanas t\u00eam expandido suas atua\u00e7\u00f5es e fronteiras para cidades que oferecem um mercado cada vez [&hellip;]<\/p>\n","protected":false},"author":1,"featured_media":2826,"comment_status":"open","ping_status":"open","sticky":false,"template":"","format":"standard","meta":{"_uag_custom_page_level_css":"","footnotes":""},"categories":[33],"tags":[2301,5694,6256,6310,7029,9089,10124],"class_list":["post-2825","post","type-post","status-publish","format-standard","has-post-thumbnail","hentry","category-mercado","tag-cini-bebidas","tag-grupo-tha-engenharia","tag-instituto-superior-de-administracao-e-economia-isae","tag-investimentos","tag-londira-pr","tag-ponta-grossa-pr","tag-regiao-sul"],"blocksy_meta":[],"spectra_blocks_featured_image_url":[],"spectra_blocks_author_info":{"display_name":"Jornal da Constru\u00e7\u00e3o Civil","avatar_url":"https:\/\/secure.gravatar.com\/avatar\/973c9774fd44ddaceb026973c4962faa70fc512bc4c9da68e8ebb40fecee6540?s=96&d=mm&r=g","author_link":"https:\/\/construcaocivil.siriusmarketingedesign.com.br\/?author=1","description":"Desde de 2013, levando muitas informa\u00e7\u00f5es, lan\u00e7amentos e produtos de qualidade para toda cadeia produtiva da constru\u00e7\u00e3o. O Futuro da constru\u00e7\u00e3o passa por aqui,"},"uagb_featured_image_src":{"full":false,"thumbnail":false,"medium":false,"medium_large":false,"large":false,"1536x1536":false,"2048x2048":false},"uagb_author_info":{"display_name":"Jornal da Constru\u00e7\u00e3o Civil","author_link":"https:\/\/construcaocivil.siriusmarketingedesign.com.br\/?author=1"},"uagb_comment_info":0,"uagb_excerpt":"Em busca de novos mercados, empresas tradicionais da capital paranaense direcionam sua atua\u00e7\u00e3o para cidades do interior Curitiba, Julho, 2016\u00a0&#8211; O interior do Paran\u00e1 tem se revelado um polo de bons neg\u00f3cios. Vislumbrando a explora\u00e7\u00e3o de novos mercados, empresas originalmente curitibanas t\u00eam expandido suas atua\u00e7\u00f5es e fronteiras para cidades que oferecem um mercado cada vez&hellip;","_links":{"self":[{"href":"https:\/\/construcaocivil.siriusmarketingedesign.com.br\/index.php?rest_route=\/wp\/v2\/posts\/2825","targetHints":{"allow":["GET"]}}],"collection":[{"href":"https:\/\/construcaocivil.siriusmarketingedesign.com.br\/index.php?rest_route=\/wp\/v2\/posts"}],"about":[{"href":"https:\/\/construcaocivil.siriusmarketingedesign.com.br\/index.php?rest_route=\/wp\/v2\/types\/post"}],"author":[{"embeddable":true,"href":"https:\/\/construcaocivil.siriusmarketingedesign.com.br\/index.php?rest_route=\/wp\/v2\/users\/1"}],"replies":[{"embeddable":true,"href":"https:\/\/construcaocivil.siriusmarketingedesign.com.br\/index.php?rest_route=%2Fwp%2Fv2%2Fcomments&post=2825"}],"version-history":[{"count":0,"href":"https:\/\/construcaocivil.siriusmarketingedesign.com.br\/index.php?rest_route=\/wp\/v2\/posts\/2825\/revisions"}],"wp:attachment":[{"href":"https:\/\/construcaocivil.siriusmarketingedesign.com.br\/index.php?rest_route=%2Fwp%2Fv2%2Fmedia&parent=2825"}],"wp:term":[{"taxonomy":"category","embeddable":true,"href":"https:\/\/construcaocivil.siriusmarketingedesign.com.br\/index.php?rest_route=%2Fwp%2Fv2%2Fcategories&post=2825"},{"taxonomy":"post_tag","embeddable":true,"href":"https:\/\/construcaocivil.siriusmarketingedesign.com.br\/index.php?rest_route=%2Fwp%2Fv2%2Ftags&post=2825"}],"curies":[{"name":"wp","href":"https:\/\/api.w.org\/{rel}","templated":true}]}}