{"id":2838,"date":"2016-07-27T21:45:45","date_gmt":"2016-07-27T21:45:45","guid":{"rendered":"http:\/\/www.jornaldaconstrucaocivil.com.br\/?p=2838"},"modified":"2016-07-27T21:45:45","modified_gmt":"2016-07-27T21:45:45","slug":"novo-presidente-da-eletrobras-toma-posse","status":"publish","type":"post","link":"https:\/\/construcaocivil.siriusmarketingedesign.com.br\/?p=2838","title":{"rendered":"Novo presidente da Eletrobras toma posse"},"content":{"rendered":"<p><span style=\"color: #993300;\">Energia\u00a0<\/span><\/p>\n<p><span style=\"color: #000080;\"><strong><span style=\"color: #ff0000;\">Bras\u00edlia, 27 de julho, 2016 &#8211;<\/span> O novo presidente da Eletrobras, Wilson Ferreira J\u00fanior, tomou posse nessa quarta-feira (27), em cerim\u00f4nia realizada no Minist\u00e9rio de Minas e Energia, em Bras\u00edlia. Segundo ele, este \u00e9 o come\u00e7o do maior e mais honroso desafio da sua vida profissional. O executivo foi eleito na 165\u00aa Assembleia Geral Extraordin\u00e1ria da companhia, realizada em 22 de julho.<\/strong><\/span><\/p>\n<p><span style=\"color: #000000;\">\u00c9tica e efici\u00eancia est\u00e3o no foco do presidente, que definiu as cinco grandes prioridades de sua gest\u00e3o: resgate da sustentabilidade financeira da companhia; busca da excel\u00eancia operacional; fortalecimento da governan\u00e7a corporativa; foco em gera\u00e7\u00e3o e transmiss\u00e3o; desmobiliza\u00e7\u00e3o de ativos n\u00e3o priorit\u00e1rios para a empresa.<\/span><\/p>\n<p><span style=\"color: #000000;\">O ministro de Minas e Energia, Fernando Bezerra Coelho Filho, e Wilson Ferreira J\u00fanior frisaram a qualidade do novo Conselho de Administra\u00e7\u00e3o, tamb\u00e9m eleito pela assembleia da semana passada. \u201cPrecisamos recuperar a confian\u00e7a da sociedade e do mercado na Eletrobras. E isso s\u00f3 \u00e9 poss\u00edvel porque a Eletrobras \u00e9 a Eletrobras, uma empresa que j\u00e1 deu muito orgulho ao pa\u00eds, com um corpo de profissionais de admir\u00e1vel capacidade t\u00e9cnica\u201d, disse Wilson.<\/span><\/p>\n<p><span style=\"color: #000000;\">O conhecimento humano existente na Eletrobras tamb\u00e9m foi destacado pelo ministro, que o classificou como excepcional. \u201cSabemos o que tem que ser feito, as dificuldades que vamos enfrentar, mas estamos acompanhados das melhores pessoas para vencer estes desafios\u201d, afirmou.<\/span><\/p>\n<p><span style=\"color: #000000;\">Wilson Ferreira J\u00fanior \u00e9 formado em Engenharia El\u00e9trica e em Administra\u00e7\u00e3o de Empresas e cursou mestrado em Energia na Universidade de S\u00e3o Paulo. Na Companhia Energ\u00e9tica de S\u00e3o Paulo (Cesp), exerceu diversos cargos, incluindo o de diretor de Distribui\u00e7\u00e3o. Foi presidente da RGE, do Conselho de Administra\u00e7\u00e3o da Bandeirante Energia S.A. e da CPFL Paulista. Em 2002, tornou-se presidente da CPFL Energia, cargo que ocupou at\u00e9 2016.<\/span><\/p>\n<p><span style=\"color: #800080;\">Fonte: Assessoria de Comunica\u00e7\u00e3o da Eletrobras\u00a0<\/span><\/p>\n<p>&nbsp;<\/p>\n<p>&nbsp;<\/p>\n","protected":false},"excerpt":{"rendered":"<p>Energia\u00a0 Bras\u00edlia, 27 de julho, 2016 &#8211; O novo presidente da Eletrobras, Wilson Ferreira J\u00fanior, tomou posse nessa quarta-feira (27), em cerim\u00f4nia realizada no Minist\u00e9rio de Minas e Energia, em Bras\u00edlia. Segundo ele, este \u00e9 o come\u00e7o do maior e mais honroso desafio da sua vida profissional. O executivo foi eleito na 165\u00aa Assembleia Geral [&hellip;]<\/p>\n","protected":false},"author":1,"featured_media":0,"comment_status":"open","ping_status":"open","sticky":false,"template":"","format":"standard","meta":{"_uag_custom_page_level_css":"","footnotes":""},"categories":[29],"tags":[1569,2169,4042,7671,9169,11014,12512],"class_list":["post-2838","post","type-post","status-publish","format-standard","hentry","category-energia","tag-brasilia","tag-cesp","tag-eletrobras","tag-minas-e-energia","tag-posse","tag-setor-eletrico","tag-wilson-ferreira-novo-presidente"],"blocksy_meta":[],"spectra_blocks_featured_image_url":null,"spectra_blocks_author_info":{"display_name":"Jornal da Constru\u00e7\u00e3o Civil","avatar_url":"https:\/\/secure.gravatar.com\/avatar\/973c9774fd44ddaceb026973c4962faa70fc512bc4c9da68e8ebb40fecee6540?s=96&d=mm&r=g","author_link":"https:\/\/construcaocivil.siriusmarketingedesign.com.br\/?author=1","description":"Desde de 2013, levando muitas informa\u00e7\u00f5es, lan\u00e7amentos e produtos de qualidade para toda cadeia produtiva da constru\u00e7\u00e3o. O Futuro da constru\u00e7\u00e3o passa por aqui,"},"uagb_featured_image_src":{"full":false,"thumbnail":false,"medium":false,"medium_large":false,"large":false,"1536x1536":false,"2048x2048":false},"uagb_author_info":{"display_name":"Jornal da Constru\u00e7\u00e3o Civil","author_link":"https:\/\/construcaocivil.siriusmarketingedesign.com.br\/?author=1"},"uagb_comment_info":0,"uagb_excerpt":"Energia\u00a0 Bras\u00edlia, 27 de julho, 2016 &#8211; O novo presidente da Eletrobras, Wilson Ferreira J\u00fanior, tomou posse nessa quarta-feira (27), em cerim\u00f4nia realizada no Minist\u00e9rio de Minas e Energia, em Bras\u00edlia. Segundo ele, este \u00e9 o come\u00e7o do maior e mais honroso desafio da sua vida profissional. O executivo foi eleito na 165\u00aa Assembleia Geral&hellip;","_links":{"self":[{"href":"https:\/\/construcaocivil.siriusmarketingedesign.com.br\/index.php?rest_route=\/wp\/v2\/posts\/2838","targetHints":{"allow":["GET"]}}],"collection":[{"href":"https:\/\/construcaocivil.siriusmarketingedesign.com.br\/index.php?rest_route=\/wp\/v2\/posts"}],"about":[{"href":"https:\/\/construcaocivil.siriusmarketingedesign.com.br\/index.php?rest_route=\/wp\/v2\/types\/post"}],"author":[{"embeddable":true,"href":"https:\/\/construcaocivil.siriusmarketingedesign.com.br\/index.php?rest_route=\/wp\/v2\/users\/1"}],"replies":[{"embeddable":true,"href":"https:\/\/construcaocivil.siriusmarketingedesign.com.br\/index.php?rest_route=%2Fwp%2Fv2%2Fcomments&post=2838"}],"version-history":[{"count":0,"href":"https:\/\/construcaocivil.siriusmarketingedesign.com.br\/index.php?rest_route=\/wp\/v2\/posts\/2838\/revisions"}],"wp:attachment":[{"href":"https:\/\/construcaocivil.siriusmarketingedesign.com.br\/index.php?rest_route=%2Fwp%2Fv2%2Fmedia&parent=2838"}],"wp:term":[{"taxonomy":"category","embeddable":true,"href":"https:\/\/construcaocivil.siriusmarketingedesign.com.br\/index.php?rest_route=%2Fwp%2Fv2%2Fcategories&post=2838"},{"taxonomy":"post_tag","embeddable":true,"href":"https:\/\/construcaocivil.siriusmarketingedesign.com.br\/index.php?rest_route=%2Fwp%2Fv2%2Ftags&post=2838"}],"curies":[{"name":"wp","href":"https:\/\/api.w.org\/{rel}","templated":true}]}}