{"id":2840,"date":"2016-07-28T13:47:16","date_gmt":"2016-07-28T13:47:16","guid":{"rendered":"http:\/\/www.jornaldaconstrucaocivil.com.br\/?p=2840"},"modified":"2016-07-28T13:47:16","modified_gmt":"2016-07-28T13:47:16","slug":"auditores-fiscalizam-condicoes-de-trabalho-na-vila-dos-atletas","status":"publish","type":"post","link":"https:\/\/construcaocivil.siriusmarketingedesign.com.br\/?p=2840","title":{"rendered":"Auditores fiscalizam condi\u00e7\u00f5es de trabalho na Vila dos Atletas"},"content":{"rendered":"<p><span style=\"color: #800000;\">Rio 2016\u00a0<\/span><\/p>\n<p><span style=\"color: #000080;\"><strong>Foram encontrados ind\u00edcios de irregularidades na contrata\u00e7\u00e3o de trabalhadores<\/strong><\/span><\/p>\n<figure id=\"attachment_2841\" aria-describedby=\"caption-attachment-2841\" style=\"width: 318px\" class=\"wp-caption alignleft\"><a href=\"http:\/\/www.jornaldaconstrucaocivil.com.br\/wp-content\/uploads\/2016\/07\/RIO-capa-MPF.jpg\"><img loading=\"lazy\" decoding=\"async\" class=\"wp-image-2841\" src=\"http:\/\/www.jornaldaconstrucaocivil.com.br\/wp-content\/uploads\/2016\/07\/RIO-capa-MPF.jpg\" alt=\"RIO-capa - MPF\" width=\"318\" height=\"180\" \/><\/a><figcaption id=\"caption-attachment-2841\" class=\"wp-caption-text\"><span style=\"color: #993300;\">Foto: MTE<\/span><\/figcaption><\/figure>\n<p><span style=\"color: #000000;\">Julho, 2016 &#8211; Auditores-fiscais do trabalho realizaram ontem, quarta-feira (27) uma opera\u00e7\u00e3o na Vila dos Atletas, na Zona Oeste do Rio. O objetivo da a\u00e7\u00e3o foi verificar as den\u00fancias quanto \u00e0 jornada de trabalho e a condi\u00e7\u00f5es de alimenta\u00e7\u00e3o e higiene dos trabalhadores no local.<\/span><\/p>\n<p><span style=\"color: #000000;\">Durante a a\u00e7\u00e3o fiscal, a equipe constatou em entrevista aos trabalhadores a aus\u00eancia de anota\u00e7\u00e3o de registro em Carteira de Trabalho e Previd\u00eancia Social (CTPS), revelando ind\u00edcios de informalidade na contrata\u00e7\u00e3o de aproximadamente 600 trabalhadores. Al\u00e9m disso, foram verificadas jornadas de trabalho de at\u00e9 23 horas di\u00e1rias.<\/span><\/p>\n<p><span style=\"color: #000000;\">As empresas respons\u00e1veis pelos trabalhadores foram notificadas a apresentar documenta\u00e7\u00e3o referente aos contratos de trabalho. Caso as irregularidades sejam confirmadas, ser\u00e3o lavrados os respectivos autos de infra\u00e7\u00e3o, e, ap\u00f3s prazo recursal, poder\u00e3o resultar na imposi\u00e7\u00e3o de multas.<\/span><\/p>\n<p><span style=\"color: #000000;\">A opera\u00e7\u00e3o faz parte do planejamento do Minist\u00e9rio do Trabalho voltado aos Jogos Ol\u00edmpicos e Paral\u00edmpicos Rio 2016, que contemplou a verifica\u00e7\u00e3o das condi\u00e7\u00f5es de trabalho na constru\u00e7\u00e3o das instala\u00e7\u00f5es e em obras de infraestrutura, com acompanhamento detalhado.<\/span><\/p>\n<p><span style=\"color: #000000;\">A\u00e7\u00f5es &#8211; Durante as dias em que acontecem as Olimp\u00edadas e Paralimp\u00edadas, o Minist\u00e9rio do Trabalho disponibilizar\u00e1 sete equipes de Auditores-Fiscais do Trabalho para verifica\u00e7\u00e3o das condi\u00e7\u00f5es de trabalho em todas as\u00a0 instala\u00e7\u00f5es.<\/span><\/p>\n<p><span style=\"color: #800080;\">Fonte:\u00a0Assessoria de Imprensa\u00a0Minist\u00e9rio do Trabalho<\/span><\/p>\n<p><span style=\"color: #800080;\">Maristela Leit\u00e3o<\/span><\/p>\n","protected":false},"excerpt":{"rendered":"<p>Rio 2016\u00a0 Foram encontrados ind\u00edcios de irregularidades na contrata\u00e7\u00e3o de trabalhadores Julho, 2016 &#8211; Auditores-fiscais do trabalho realizaram ontem, quarta-feira (27) uma opera\u00e7\u00e3o na Vila dos Atletas, na Zona Oeste do Rio. O objetivo da a\u00e7\u00e3o foi verificar as den\u00fancias quanto \u00e0 jornada de trabalho e a condi\u00e7\u00f5es de alimenta\u00e7\u00e3o e higiene dos trabalhadores no [&hellip;]<\/p>\n","protected":false},"author":1,"featured_media":2841,"comment_status":"open","ping_status":"open","sticky":false,"template":"","format":"standard","meta":{"_uag_custom_page_level_css":"","footnotes":""},"categories":[27],"tags":[1095,2508,5097,8428,8473,8633,10368,12403],"class_list":["post-2840","post","type-post","status-publish","format-standard","has-post-thumbnail","hentry","category-acontece","tag-auditores-fiscais-do-trabalho","tag-comite-olimpico-internacional-coi","tag-fiscalizacao","tag-olimpiadas","tag-operarios-irregulares","tag-paralimpiadas","tag-rio-2016","tag-vila-dos-atletas"],"blocksy_meta":[],"spectra_blocks_featured_image_url":[],"spectra_blocks_author_info":{"display_name":"Jornal da Constru\u00e7\u00e3o Civil","avatar_url":"https:\/\/secure.gravatar.com\/avatar\/973c9774fd44ddaceb026973c4962faa70fc512bc4c9da68e8ebb40fecee6540?s=96&d=mm&r=g","author_link":"https:\/\/construcaocivil.siriusmarketingedesign.com.br\/?author=1","description":"Desde de 2013, levando muitas informa\u00e7\u00f5es, lan\u00e7amentos e produtos de qualidade para toda cadeia produtiva da constru\u00e7\u00e3o. O Futuro da constru\u00e7\u00e3o passa por aqui,"},"uagb_featured_image_src":{"full":false,"thumbnail":false,"medium":false,"medium_large":false,"large":false,"1536x1536":false,"2048x2048":false},"uagb_author_info":{"display_name":"Jornal da Constru\u00e7\u00e3o Civil","author_link":"https:\/\/construcaocivil.siriusmarketingedesign.com.br\/?author=1"},"uagb_comment_info":0,"uagb_excerpt":"Rio 2016\u00a0 Foram encontrados ind\u00edcios de irregularidades na contrata\u00e7\u00e3o de trabalhadores Julho, 2016 &#8211; Auditores-fiscais do trabalho realizaram ontem, quarta-feira (27) uma opera\u00e7\u00e3o na Vila dos Atletas, na Zona Oeste do Rio. O objetivo da a\u00e7\u00e3o foi verificar as den\u00fancias quanto \u00e0 jornada de trabalho e a condi\u00e7\u00f5es de alimenta\u00e7\u00e3o e higiene dos trabalhadores no&hellip;","_links":{"self":[{"href":"https:\/\/construcaocivil.siriusmarketingedesign.com.br\/index.php?rest_route=\/wp\/v2\/posts\/2840","targetHints":{"allow":["GET"]}}],"collection":[{"href":"https:\/\/construcaocivil.siriusmarketingedesign.com.br\/index.php?rest_route=\/wp\/v2\/posts"}],"about":[{"href":"https:\/\/construcaocivil.siriusmarketingedesign.com.br\/index.php?rest_route=\/wp\/v2\/types\/post"}],"author":[{"embeddable":true,"href":"https:\/\/construcaocivil.siriusmarketingedesign.com.br\/index.php?rest_route=\/wp\/v2\/users\/1"}],"replies":[{"embeddable":true,"href":"https:\/\/construcaocivil.siriusmarketingedesign.com.br\/index.php?rest_route=%2Fwp%2Fv2%2Fcomments&post=2840"}],"version-history":[{"count":0,"href":"https:\/\/construcaocivil.siriusmarketingedesign.com.br\/index.php?rest_route=\/wp\/v2\/posts\/2840\/revisions"}],"wp:attachment":[{"href":"https:\/\/construcaocivil.siriusmarketingedesign.com.br\/index.php?rest_route=%2Fwp%2Fv2%2Fmedia&parent=2840"}],"wp:term":[{"taxonomy":"category","embeddable":true,"href":"https:\/\/construcaocivil.siriusmarketingedesign.com.br\/index.php?rest_route=%2Fwp%2Fv2%2Fcategories&post=2840"},{"taxonomy":"post_tag","embeddable":true,"href":"https:\/\/construcaocivil.siriusmarketingedesign.com.br\/index.php?rest_route=%2Fwp%2Fv2%2Ftags&post=2840"}],"curies":[{"name":"wp","href":"https:\/\/api.w.org\/{rel}","templated":true}]}}