{"id":2843,"date":"2016-07-28T13:57:58","date_gmt":"2016-07-28T13:57:58","guid":{"rendered":"http:\/\/www.jornaldaconstrucaocivil.com.br\/?p=2843"},"modified":"2016-07-28T13:57:58","modified_gmt":"2016-07-28T13:57:58","slug":"abm-week-2016-rio-de-janeiro-recebe-a-segunda-edicao-do-maior-evento-tecnico-cientifico-da-america-latina-nas-areas-de-metalurgia-materiais-e-mineracao","status":"publish","type":"post","link":"https:\/\/construcaocivil.siriusmarketingedesign.com.br\/?p=2843","title":{"rendered":"ABM Week 2016 \u2013 Rio de Janeiro recebe a segunda edi\u00e7\u00e3o do maior evento t\u00e9cnico-cient\u00edfico da Am\u00e9rica Latina nas \u00e1reas de metalurgia, materiais e minera\u00e7\u00e3o."},"content":{"rendered":"<p><span style=\"color: #993300;\">ABM Week 2016<\/span><\/p>\n<p><span style=\"color: #000000;\"><strong>Est\u00e3o abertas as inscri\u00e7\u00f5es para a ABM Week 2016, considerado o maior evento t\u00e9cnico-cient\u00edfico da Am\u00e9rica Latina nas \u00e1reas de metalurgia, materiais e minera\u00e7\u00e3o. Pelo segundo ano consecutivo, a ABM (Associa\u00e7\u00e3o Brasileira de Metalurgia, Materiais e Minera\u00e7\u00e3o) realiza simultaneamente, no mesmo local, os 12 tradicionais eventos da entidade: o 71\u00b0 Congresso Anual e os semin\u00e1rios de Lamina\u00e7\u00e3o, Aciaria, Redu\u00e7\u00e3o, Min\u00e9rio de Ferro, Aglomera\u00e7\u00e3o, Log\u00edstica, Balan\u00e7os Energ\u00e9ticos, Gases Industriais, Automa\u00e7\u00e3o e TI e Trefila\u00e7\u00e3o, al\u00e9m do Enemet &#8211; Encontro Nacional de Estudantes de Engenharia Metal\u00fargica, de Materiais e de Minas. <\/strong><\/span><\/p>\n<p><span style=\"color: #000000;\">As inscri\u00e7\u00f5es podem ser feitas diretamente no site do evento:\u00a0<span style=\"color: #0000ff;\"> http:\/\/www.abmbrasil.com.br\/abmweek2016\/.<\/span><\/span><\/p>\n<p>De acordo com a organiza\u00e7\u00e3o, a expectativa \u00e9 reunir cerca de duas mil pessoas do Brasil e do exterior, entre executivos e profissionais da ind\u00fastria e de empresas fornecedoras de produtos e servi\u00e7os para o setor, al\u00e9m de acad\u00eamicos, pesquisadores e estudantes. Na programa\u00e7\u00e3o, pain\u00e9is, mesas-redondas, homenagens, premia\u00e7\u00f5es e sess\u00f5es t\u00e9cnicas, com a apresenta\u00e7\u00e3o de mais de 500 trabalhos. Para o presidente executivo da ABM, Horacidio Leal Barbosa Filho, o evento \u00e9 uma oportunidade \u00fanica para que todos os participantes possam compartilhar conhecimento e se atualizar sobre novas tend\u00eancias. \u201cCom a ABM Week fortalecemos e aproximamos diversas \u00e1reas de toda a cadeia produtiva, incluindo os chamados setores transversais, como log\u00edstica, automa\u00e7\u00e3o e TI e energia\u201d, ressalta.<\/p>\n<p><strong>Plen\u00e1rias e Pain\u00e9is<\/strong> \u2013 Destaques da programa\u00e7\u00e3o, as plen\u00e1rias e pain\u00e9is da ABM Week abordar\u00e3o quest\u00f5es relevantes para os setores representados no evento, a\u00e7\u00f5es consagradas mundialmente e tend\u00eancias que possam impulsionar as empresas brasileiras, muitas das quais com opera\u00e7\u00f5es globalizadas. \u00c0 frente das apresenta\u00e7\u00f5es estar\u00e3o renomados especialistas de v\u00e1rios continentes, refer\u00eancias mundiais nas comunidades industrial e acad\u00eamica. Entre os temas em debate est\u00e1 a produtividade diante da crise.<\/p>\n<p>No dia 27\/09, na Plen\u00e1ria<strong><span style=\"color: #800080;\"> \u201cComo ser mais produtivo?\u201d<\/span><\/strong>, coordenada por Francisco Coutinho Dornelas, assessor da diretoria de A\u00e7os Planos Am\u00e9rica do Sul da ArcelorMittal, os debatedores ir\u00e3o mostrar como as empresas do setor est\u00e3o lidando com a crise, quais estrat\u00e9gias est\u00e3o implementando e, especificamente, que a\u00e7\u00f5es est\u00e3o desenvolvendo para super\u00e1-la. A s\u00e9rie de palestras ser\u00e1 aberta por Celso Chapinotte Lury, diretor da Gartner Goup e com experi\u00eancia de 40 anos em consultoria e aplica\u00e7\u00e3o de tecnologias nos mais variados setores da economia. Lury abordar\u00e1 o tema <strong><span style=\"color: #800080;\">&#8220;Tsunami digital&#8221;<\/span><\/strong>. Em seguida, o vice-presidente de Opera\u00e7\u00f5es da ArcelorMittal Tubar\u00e3o, Jorge Luiz Ribeiro, falar\u00e1 sobre &#8220;Excel\u00eancia operacional&#8221;. Tamb\u00e9m participam o coordenador geral da ABM WEEK, En\u00e9as Garcia Diniz, assessor da presid\u00eancia da CSN, e Daniel Freire, executivo da Novelis. Albano Chagas Vieira, presidente do Conselho de Administra\u00e7\u00e3o da ABM, atuar\u00e1 como mediador dos debates.<\/p>\n<p><span style=\"color: #000000;\">J\u00e1 no dia 28\/07, o destaque ser\u00e1 a plen\u00e1ria <strong><span style=\"color: #800080;\">\u201cGera\u00e7\u00e3o de conhecimento e cria\u00e7\u00e3o de valor\u201d<\/span><\/strong>. De acordo coordenador Eduardo C\u00f4rtes de Castro, gerente de Cilindros de Lamina\u00e7\u00e3o da CSN, o objetivo dos debates \u00e9 compartilhar diferentes vis\u00f5es da gest\u00e3o estrat\u00e9gica do conhecimento e sua rela\u00e7\u00e3o com a competitividade das empresas, permitindo uma reflex\u00e3o sobre as melhores abordagens para superar as adversidades impostas pelo contexto mundial e nacional atrav\u00e9s da inova\u00e7\u00e3o tecnol\u00f3gica.\u00a0 Segundo ele, a competitividade passa a ser uma quest\u00e3o chave para as empresas que pretendem sobreviver e alcan\u00e7ar sucesso neste mercado. <strong><span style=\"color: #800080;\">\u201cA cria\u00e7\u00e3o de valor para os clientes figura como o grande diferencial\u201d<\/span><\/strong>, pontua.<\/span><\/p>\n<p><span style=\"color: #000000;\">Participam da plen\u00e1ria\u00a0 o professor\u00a0 titular da Escola Brasileira de Administra\u00e7\u00e3o P\u00fablica &#8211; FGV e pesquisador associado s\u00eanior da Universidade de Oxford (Reino Unido), Paulo N. de Figueiredo, que ir\u00e1 tratar do tema &#8220;Acumula\u00e7\u00e3o de compet\u00eancias tecnol\u00f3gicas e processos de aprendizagem \u2013 fatores fundamentais para a inova\u00e7\u00e3o&#8221;. Luiz Eug\u00eanio Ara\u00fajo de Moraes Mello, diretor de Tecnologia e Inova\u00e7\u00e3o da Vale, falar\u00e1 sobre <strong><span style=\"color: #800080;\">&#8220;Transforma\u00e7\u00e3o de conhecimento em inova\u00e7\u00e3o tecnol\u00f3gica &#8211; vis\u00e3o estrat\u00e9gica e resultados da Vale&#8221;<\/span><\/strong>. O diretor de Tecnologia e Inova\u00e7\u00e3o da Votorantim Metais, Alexandre Gonzaga Magalh\u00e3es Gomes debater\u00e1 o &#8220;Aumento da competitividade atrav\u00e9s da gest\u00e3o do conhecimento inovador&#8221; e Hermeno Pinto Gon\u00e7alves, diretor Corporativo Industrial, Engenharia e SSMA da Gerdau, far\u00e1 sobre<strong><span style=\"color: #800080;\"> \u201cGest\u00e3o estrat\u00e9gica do conhecimento e sua influ\u00eancia nos resultados&#8221;<\/span><\/strong>. O moderador dos debates ser\u00e1 o engenheiro Marcio Fraz\u00e3o Guimar\u00e3es Lins, da CSN.<\/span><\/p>\n<p><span style=\"color: #000000;\">Durante a ABM Week 2016, haver\u00e1 tamb\u00e9m cursos pr\u00e9-evento, no dia 26\/09, e, no dia 30\/09,\u00a0 visitas t\u00e9cnicas a empresas do setor. Com uma agenda de treinamentos que envolvem v\u00e1rias \u00e1reas do conhecimento nos segmentos de siderurgia, n\u00e3o ferrosos e minera\u00e7\u00e3o, os cursos pr\u00e9-eventos est\u00e3o abertos a qualquer pessoa interessada em se capacitar ou se atualizar, independentemente de estar inscrito na ABM Week. Os interessados deve acessar o site do evento para informa\u00e7\u00f5es e inscri\u00e7\u00f5es. Ainda<\/span><\/p>\n<p><strong><span style=\"color: #993300;\">ABM Week<\/span><\/strong><\/p>\n<p><span style=\"color: #993300;\">Data: De 27 a 29 de setembro de 2016<\/span><\/p>\n<p><span style=\"color: #993300;\">Local: Riocentro \u2013 Pavilh\u00e3o 5 (Av. Salvador Allende 6555 \u2013 Barra da Tijuca)<\/span><\/p>\n<p><span style=\"color: #993300;\">Informa\u00e7\u00f5es e inscri\u00e7\u00f5es:<span style=\"color: #0000ff;\"> http:\/\/www.abmbrasil.com.br\/abmweek2016\/<\/span><\/span><\/p>\n","protected":false},"excerpt":{"rendered":"<p>ABM Week 2016 Est\u00e3o abertas as inscri\u00e7\u00f5es para a ABM Week 2016, considerado o maior evento t\u00e9cnico-cient\u00edfico da Am\u00e9rica Latina nas \u00e1reas de metalurgia, materiais e minera\u00e7\u00e3o. Pelo segundo ano consecutivo, a ABM (Associa\u00e7\u00e3o Brasileira de Metalurgia, Materiais e Minera\u00e7\u00e3o) realiza simultaneamente, no mesmo local, os 12 tradicionais eventos da entidade: o 71\u00b0 Congresso Anual [&hellip;]<\/p>\n","protected":false},"author":1,"featured_media":0,"comment_status":"open","ping_status":"open","sticky":false,"template":"","format":"standard","meta":{"_uag_custom_page_level_css":"","footnotes":""},"categories":[12591],"tags":[317,851,3234,5028,5350,7689,10372,10978],"class_list":["post-2843","post","type-post","status-publish","format-standard","hentry","category-produtos","tag-abm-week-2016","tag-arcelor-mittal-tubarao","tag-csn","tag-fgv","tag-gases-industriais","tag-minerio-de-ferro","tag-rio-centro","tag-setembro"],"blocksy_meta":[],"spectra_blocks_featured_image_url":null,"spectra_blocks_author_info":{"display_name":"Jornal da Constru\u00e7\u00e3o Civil","avatar_url":"https:\/\/secure.gravatar.com\/avatar\/973c9774fd44ddaceb026973c4962faa70fc512bc4c9da68e8ebb40fecee6540?s=96&d=mm&r=g","author_link":"https:\/\/construcaocivil.siriusmarketingedesign.com.br\/?author=1","description":"Desde de 2013, levando muitas informa\u00e7\u00f5es, lan\u00e7amentos e produtos de qualidade para toda cadeia produtiva da constru\u00e7\u00e3o. O Futuro da constru\u00e7\u00e3o passa por aqui,"},"uagb_featured_image_src":{"full":false,"thumbnail":false,"medium":false,"medium_large":false,"large":false,"1536x1536":false,"2048x2048":false},"uagb_author_info":{"display_name":"Jornal da Constru\u00e7\u00e3o Civil","author_link":"https:\/\/construcaocivil.siriusmarketingedesign.com.br\/?author=1"},"uagb_comment_info":0,"uagb_excerpt":"ABM Week 2016 Est\u00e3o abertas as inscri\u00e7\u00f5es para a ABM Week 2016, considerado o maior evento t\u00e9cnico-cient\u00edfico da Am\u00e9rica Latina nas \u00e1reas de metalurgia, materiais e minera\u00e7\u00e3o. Pelo segundo ano consecutivo, a ABM (Associa\u00e7\u00e3o Brasileira de Metalurgia, Materiais e Minera\u00e7\u00e3o) realiza simultaneamente, no mesmo local, os 12 tradicionais eventos da entidade: o 71\u00b0 Congresso Anual&hellip;","_links":{"self":[{"href":"https:\/\/construcaocivil.siriusmarketingedesign.com.br\/index.php?rest_route=\/wp\/v2\/posts\/2843","targetHints":{"allow":["GET"]}}],"collection":[{"href":"https:\/\/construcaocivil.siriusmarketingedesign.com.br\/index.php?rest_route=\/wp\/v2\/posts"}],"about":[{"href":"https:\/\/construcaocivil.siriusmarketingedesign.com.br\/index.php?rest_route=\/wp\/v2\/types\/post"}],"author":[{"embeddable":true,"href":"https:\/\/construcaocivil.siriusmarketingedesign.com.br\/index.php?rest_route=\/wp\/v2\/users\/1"}],"replies":[{"embeddable":true,"href":"https:\/\/construcaocivil.siriusmarketingedesign.com.br\/index.php?rest_route=%2Fwp%2Fv2%2Fcomments&post=2843"}],"version-history":[{"count":0,"href":"https:\/\/construcaocivil.siriusmarketingedesign.com.br\/index.php?rest_route=\/wp\/v2\/posts\/2843\/revisions"}],"wp:attachment":[{"href":"https:\/\/construcaocivil.siriusmarketingedesign.com.br\/index.php?rest_route=%2Fwp%2Fv2%2Fmedia&parent=2843"}],"wp:term":[{"taxonomy":"category","embeddable":true,"href":"https:\/\/construcaocivil.siriusmarketingedesign.com.br\/index.php?rest_route=%2Fwp%2Fv2%2Fcategories&post=2843"},{"taxonomy":"post_tag","embeddable":true,"href":"https:\/\/construcaocivil.siriusmarketingedesign.com.br\/index.php?rest_route=%2Fwp%2Fv2%2Ftags&post=2843"}],"curies":[{"name":"wp","href":"https:\/\/api.w.org\/{rel}","templated":true}]}}