{"id":2845,"date":"2016-07-28T17:41:23","date_gmt":"2016-07-28T17:41:23","guid":{"rendered":"http:\/\/www.jornaldaconstrucaocivil.com.br\/?p=2845"},"modified":"2016-07-28T17:41:23","modified_gmt":"2016-07-28T17:41:23","slug":"prefeito-de-itaborai-participa-de-audiencia-publica-sobre-o-comperj-na-alerj","status":"publish","type":"post","link":"https:\/\/construcaocivil.siriusmarketingedesign.com.br\/?p=2845","title":{"rendered":"Prefeito de Itabora\u00ed participa de audi\u00eancia p\u00fablica sobre o Comperj na Alerj"},"content":{"rendered":"<p><span style=\"color: #800000;\">Comperj\u00a0<\/span><\/p>\n<p><span style=\"color: #000000;\"><span style=\"color: #993300;\">Julho, 2016 &#8211;<\/span> <strong>O prefeito de Itabora\u00ed, Helil Cardozo, classificou como &#8220;covardia&#8221; com a cidade e tamb\u00e9m com o Estado o fato de as obras de constru\u00e7\u00e3o do Complexo Petroqu\u00edmico do Rio de Janeiro (Comperj) terem sido paralisadas no fim de 2014. Na ter\u00e7a-feira, ele participou de uma audi\u00eancia p\u00fablica na Assembleia Legislativa (Alerj), que discutiu a quest\u00e3o.<\/strong><\/span><\/p>\n<p><span style=\"color: #000000;\">&#8220;A retomada das obras \u00e9 uma quest\u00e3o de boa vontade da Petrobras. Acredito que, com a nova gest\u00e3o da empresa, essa boa vontade exista, e vamos continuar cobrando. Para isso, \u00e9 preciso que todos os interessados estejam juntos nessa empreitada&#8221;, afirmou o prefeito de Itabora\u00ed.<\/span><\/p>\n<p>Helil Cardozo tamb\u00e9m comentou as recentes not\u00edcias de que a Petrobras decidiu dar continuidade \u00e0 implanta\u00e7\u00e3o da Unidade Processadora de G\u00e1s Natural (UPGN) na cidade, lembrando que o empreendimento \u00e9 bem vindo, apesar de n\u00e3o resolver a situa\u00e7\u00e3o do munic\u00edpio no que diz respeito ao que foi planejado em rela\u00e7\u00e3o ao Comperj.<\/p>\n<p>&#8220;A retomada das obras da UPGN, se realmente acontecer, ser\u00e1 apenas um alento. Na verdade, essa not\u00edcia j\u00e1 foi divulgada no ano passado. O que esperamos \u00e9 que, desta vez, a a\u00e7\u00e3o seja\u00a0 efetivamente concretizada&#8221;, disse Helil. &#8220;\u00c9 importante que a popula\u00e7\u00e3o saiba que o que queremos de verdade \u00e9 a retomada das obras de constru\u00e7\u00e3o da refinaria Trem 1. S\u00f3 isso ir\u00e1, verdadeiramente, contribuir para a recupera\u00e7\u00e3o de nossa arrecada\u00e7\u00e3o e a gera\u00e7\u00e3o de empregos num n\u00edvel bem mais elevado&#8221;.<\/p>\n<p>O prefeito prev\u00ea que a retomada das obras da UPGN gere uma receita mensal de R$ 7 milh\u00f5es do Imposto Sobre Servi\u00e7os (ISS) para o munic\u00edpio apenas durante a obra, e a cria\u00e7\u00e3o de cerca de 4 ml empregos tempor\u00e1rios. No entanto, explica Helil, \u00e9 preciso que a Petrobras estabele\u00e7a os prazos de in\u00edcio dos trabalhos e priorize a contrata\u00e7\u00e3o de m\u00e3o de obra local.<\/p>\n<p>&#8220;Quando as obras do Comperj estavam no auge, a Prefeitura arrecadava, s\u00f3 de ISS, R$ 23 milh\u00f5es mensais. Hoje, essa arrecada\u00e7\u00e3o n\u00e3o chega a R$ 2 milh\u00f5es. Portanto, se arrecadarmos R$ 7 milh\u00f5es ser\u00e1 um alento, mas ainda estaremos longe do que era. At\u00e9 porque, depois de conclu\u00edda a obra, n\u00e3o haver\u00e1 arrecada\u00e7\u00e3o significativa do empreendimento. Por isso \u00e9 que brigamos pela retomada da constru\u00e7\u00e3o da refinaria&#8221;.<\/p>\n<p>Tamb\u00e9m presidente do Cons\u00f3rcio Intermunicipal do Leste Fluminense (Conleste), Helil Cardozo diz que, com o Comperj inoperante, o Estado do Rio deixa de arrecadar cerca de R$ 400 milh\u00f5es de ICMS por m\u00eas.<\/p>\n<p>&#8220;\u00c9 uma quantia consider\u00e1vel e que faz muita falta para as cidades do entorno do Comperj&#8221;, ressaltou o prefeito.<\/p>\n<p>A audi\u00eancia p\u00fablica foi comandada pelo deputado estadual Paulo Ramos, presidente da Comiss\u00e3o de Trabalho, Legisla\u00e7\u00e3o Social e Seguridade Social da Alerj. Na ocasi\u00e3o, ele se solidarizou com o prefeito Helil Cardozo e sugeriu a realiza\u00e7\u00e3o de novas audi\u00eancias com o governador em exerc\u00edcio, Francisco Dornelles; o ex-ministro e atual chefe da Secretaria-Executiva do Programa de Parcerias de Investimentos (PPI) do Governo Federal, Moreira Franco, e tamb\u00e9m com os prefeitos do Conleste e demais trabalhadores.<\/p>\n<p>&#8220;\u00c9 f\u00e1cil compreender as dificuldades enfrentadas pelo prefeito Helil Cardozo em Itabora\u00ed. Ele est\u00e1 tentando equilibrar o que \u00e9 praticamente imposs\u00edvel de ser equilibrado&#8221;, afirmou Paulo Ramos.<\/p>\n<p>Tamb\u00e9m participaram da audi\u00eancia p\u00fablica os deputados Luiz Paulo, Waldeck Carneiro, Dr. Julianelli e Dr. Sadinoel, al\u00e9m de representantes sindicais de trabalhadores dos setores petroleiro e naval.<\/p>\n<p><span style=\"color: #000000;\">Fonte: Ascom\/Prefeitura de Itabora\u00ed-RJ\u00a0<\/span><\/p>\n<p>&nbsp;<\/p>\n","protected":false},"excerpt":{"rendered":"<p>Comperj\u00a0 Julho, 2016 &#8211; O prefeito de Itabora\u00ed, Helil Cardozo, classificou como &#8220;covardia&#8221; com a cidade e tamb\u00e9m com o Estado o fato de as obras de constru\u00e7\u00e3o do Complexo Petroqu\u00edmico do Rio de Janeiro (Comperj) terem sido paralisadas no fim de 2014. Na ter\u00e7a-feira, ele participou de uma audi\u00eancia p\u00fablica na Assembleia Legislativa (Alerj), [&hellip;]<\/p>\n","protected":false},"author":1,"featured_media":0,"comment_status":"open","ping_status":"open","sticky":false,"template":"","format":"standard","meta":{"_uag_custom_page_level_css":"","footnotes":""},"categories":[1],"tags":[591,2529,3198,3501,6420,7861,9279],"class_list":["post-2845","post","type-post","status-publish","format-standard","hentry","category-sem-categoria","tag-alerj","tag-comperj","tag-crise","tag-desemprego","tag-itaborai","tag-moreira-franco","tag-prefeito-helil-cardozo"],"blocksy_meta":[],"spectra_blocks_featured_image_url":null,"spectra_blocks_author_info":{"display_name":"Jornal da Constru\u00e7\u00e3o Civil","avatar_url":"https:\/\/secure.gravatar.com\/avatar\/973c9774fd44ddaceb026973c4962faa70fc512bc4c9da68e8ebb40fecee6540?s=96&d=mm&r=g","author_link":"https:\/\/construcaocivil.siriusmarketingedesign.com.br\/?author=1","description":"Desde de 2013, levando muitas informa\u00e7\u00f5es, lan\u00e7amentos e produtos de qualidade para toda cadeia produtiva da constru\u00e7\u00e3o. O Futuro da constru\u00e7\u00e3o passa por aqui,"},"uagb_featured_image_src":{"full":false,"thumbnail":false,"medium":false,"medium_large":false,"large":false,"1536x1536":false,"2048x2048":false},"uagb_author_info":{"display_name":"Jornal da Constru\u00e7\u00e3o Civil","author_link":"https:\/\/construcaocivil.siriusmarketingedesign.com.br\/?author=1"},"uagb_comment_info":0,"uagb_excerpt":"Comperj\u00a0 Julho, 2016 &#8211; O prefeito de Itabora\u00ed, Helil Cardozo, classificou como &#8220;covardia&#8221; com a cidade e tamb\u00e9m com o Estado o fato de as obras de constru\u00e7\u00e3o do Complexo Petroqu\u00edmico do Rio de Janeiro (Comperj) terem sido paralisadas no fim de 2014. Na ter\u00e7a-feira, ele participou de uma audi\u00eancia p\u00fablica na Assembleia Legislativa (Alerj),&hellip;","_links":{"self":[{"href":"https:\/\/construcaocivil.siriusmarketingedesign.com.br\/index.php?rest_route=\/wp\/v2\/posts\/2845","targetHints":{"allow":["GET"]}}],"collection":[{"href":"https:\/\/construcaocivil.siriusmarketingedesign.com.br\/index.php?rest_route=\/wp\/v2\/posts"}],"about":[{"href":"https:\/\/construcaocivil.siriusmarketingedesign.com.br\/index.php?rest_route=\/wp\/v2\/types\/post"}],"author":[{"embeddable":true,"href":"https:\/\/construcaocivil.siriusmarketingedesign.com.br\/index.php?rest_route=\/wp\/v2\/users\/1"}],"replies":[{"embeddable":true,"href":"https:\/\/construcaocivil.siriusmarketingedesign.com.br\/index.php?rest_route=%2Fwp%2Fv2%2Fcomments&post=2845"}],"version-history":[{"count":0,"href":"https:\/\/construcaocivil.siriusmarketingedesign.com.br\/index.php?rest_route=\/wp\/v2\/posts\/2845\/revisions"}],"wp:attachment":[{"href":"https:\/\/construcaocivil.siriusmarketingedesign.com.br\/index.php?rest_route=%2Fwp%2Fv2%2Fmedia&parent=2845"}],"wp:term":[{"taxonomy":"category","embeddable":true,"href":"https:\/\/construcaocivil.siriusmarketingedesign.com.br\/index.php?rest_route=%2Fwp%2Fv2%2Fcategories&post=2845"},{"taxonomy":"post_tag","embeddable":true,"href":"https:\/\/construcaocivil.siriusmarketingedesign.com.br\/index.php?rest_route=%2Fwp%2Fv2%2Ftags&post=2845"}],"curies":[{"name":"wp","href":"https:\/\/api.w.org\/{rel}","templated":true}]}}