{"id":286,"date":"2015-11-02T00:45:56","date_gmt":"2015-11-02T00:45:56","guid":{"rendered":"http:\/\/www.jornaldaconstrucaocivil.com.br\/?p=286"},"modified":"2015-11-02T00:45:56","modified_gmt":"2015-11-02T00:45:56","slug":"sinduscon-sp-construcao-civil-brasileira-deve-perder-556-mil-postos-de-trabalho-em-2015","status":"publish","type":"post","link":"https:\/\/construcaocivil.siriusmarketingedesign.com.br\/?p=286","title":{"rendered":"SindusCon-SP: constru\u00e7\u00e3o civil brasileira deve perder 556 mil postos de trabalho em 2015"},"content":{"rendered":"<p><strong><span style=\"color: #000000;\"><em>Estimativa foi realizada ap\u00f3s 19\u00aa queda consecutiva do indicador de emprego em setembro<\/em><\/span><\/strong><\/p>\n<p><span style=\"color: #000000;\">O Sindicato da Ind\u00fastria da Constru\u00e7\u00e3o Civil do Estado de S\u00e3o Paulo (SindusCon-SP)\u00a0projeta o corte de 556 mil postos de trabalho na constru\u00e7\u00e3o civil brasileira at\u00e9 dezembro de 2015, queda de 16,8% em rela\u00e7\u00e3o ao mesmo per\u00edodo de 2014. Com isso, o estoque atual de trabalhadores que se mant\u00eam acima de 3 milh\u00f5es, deve terminar o ano abaixo disso.<\/span><\/p>\n<figure id=\"attachment_290\" aria-describedby=\"caption-attachment-290\" style=\"width: 212px\" class=\"wp-caption alignleft\"><a href=\"http:\/\/www.jornaldaconstrucaocivil.com.br\/wp-content\/uploads\/2015\/11\/RIO-BRANCO-DOMINGO.jpg\"><img loading=\"lazy\" decoding=\"async\" class=\"wp-image-290\" src=\"http:\/\/www.jornaldaconstrucaocivil.com.br\/wp-content\/uploads\/2015\/11\/RIO-BRANCO-DOMINGO-300x225.jpg\" alt=\"RIO BRANCO DOMINGO\" width=\"212\" height=\"159\" \/><\/a><figcaption id=\"caption-attachment-290\" class=\"wp-caption-text\"><span style=\"color: #ff0000;\">Constru\u00e7\u00e3o Civil sofre com a crise econ\u00f4mica e demiss\u00f5es se agravam no setor. Foto: Chrstian Vicente <\/span><\/figcaption><\/figure>\n<p><span style=\"color: #000000;\">A expectativa foi refeita ap\u00f3s o n\u00edvel de emprego recuar 1,76% em setembro na compara\u00e7\u00e3o com o m\u00eas anterior, segundo dados do Minist\u00e9rio do Trabalho e do Emprego, desconsiderando os fatores sazonais*. Essa \u00e9 a 19\u00aa queda consecutiva do indicador. Em 12 meses, o n\u00famero de demitidos em todo Pa\u00eds na constru\u00e7\u00e3o foi de 490,6 mil trabalhadores.<\/span><\/p>\n<p><span style=\"color: #000000;\">A falta de perspectiva de retomada no cen\u00e1rio macroecon\u00f4mico deve afetar a atividade em 2016. <\/span><\/p>\n<p><span style=\"color: #000000;\"><em>\u201cNunca tivemos um ano como este em que a ind\u00fastria da constru\u00e7\u00e3o realiza um volume t\u00e3o grande de demiss\u00f5es nos primeiros nove meses, per\u00edodo em que normalmente\u00a0o setor contrata.\u00a0A falta de confian\u00e7a dos investidores e das fam\u00edlias, a escassez de lan\u00e7amentos imobili\u00e1rios e a aus\u00eancia de licita\u00e7\u00f5es para novas obras de habita\u00e7\u00e3o social e infraestrutura\u00a0sinalizam\u00a0que a recess\u00e3o se prolongar\u00e1 no ano que vem\u201d<\/em>,\u00a0comenta o presidente do SindusCon-SP, Jos\u00e9 Romeu Ferraz Neto.<\/span><\/p>\n<p><span style=\"color: #000000;\">O segmento imobili\u00e1rio foi o que teve a maior retra\u00e7\u00e3o (2,35%) em setembro, em compara\u00e7\u00e3o a agosto, seguido pelo segmento de prepara\u00e7\u00e3o de terrenos (2,04%). No acumulado do ano, o segmento de infraestrutura apresenta a maior queda (13,95%), seguido pelo segmento imobili\u00e1rio (11,92%).<\/span><\/p>\n<p><span style=\"color: #000000;\">A deteriora\u00e7\u00e3o do mercado de trabalho afeta todas as regi\u00f5es do Brasil, sendo que os piores resultados foram observados no Centro-Oeste (-1,61%), e no Norte (-1,22%).<\/span><\/p>\n<table class=\" aligncenter\" width=\"272\">\n<tbody>\n<tr>\n<td colspan=\"3\" width=\"272\"><span style=\"color: #ff0000;\"><strong>Emprego por regi\u00f5es do Brasil<br \/>\n(setembro de 2015)**<\/strong><\/span><\/td>\n<\/tr>\n<tr>\n<td width=\"96\"><span style=\"color: #000000;\">Regi\u00e3o<\/span><\/td>\n<td width=\"66\"><span style=\"color: #000000;\">Varia\u00e7\u00e3o mensal (%)<\/span><\/td>\n<td width=\"111\"><span style=\"color: #000000;\">N\u00famero de novas vagas<\/span><\/td>\n<\/tr>\n<tr>\n<td width=\"96\"><span style=\"color: #000000;\">Norte<\/span><\/td>\n<td width=\"66\"><span style=\"color: #000000;\">-1,22<\/span><\/td>\n<td width=\"111\"><span style=\"color: #000000;\">-2.326<\/span><\/td>\n<\/tr>\n<tr>\n<td width=\"96\"><span style=\"color: #000000;\">Nordeste<\/span><\/td>\n<td width=\"66\"><span style=\"color: #000000;\">-0,88<\/span><\/td>\n<td width=\"111\"><span style=\"color: #000000;\">-5.707<\/span><\/td>\n<\/tr>\n<tr>\n<td width=\"96\"><span style=\"color: #000000;\">Sudeste<\/span><\/td>\n<td width=\"66\"><span style=\"color: #000000;\">-1,19<\/span><\/td>\n<td width=\"111\"><span style=\"color: #000000;\">-18.533<\/span><\/td>\n<\/tr>\n<tr>\n<td width=\"96\"><span style=\"color: #000000;\">Sul<\/span><\/td>\n<td width=\"66\"><span style=\"color: #000000;\">-0,72<\/span><\/td>\n<td width=\"111\"><span style=\"color: #000000;\">-3.358<\/span><\/td>\n<\/tr>\n<tr>\n<td width=\"96\"><span style=\"color: #000000;\">Centro-Oeste<\/span><\/td>\n<td width=\"66\"><span style=\"color: #000000;\">-1,61<\/span><\/td>\n<td width=\"111\"><span style=\"color: #000000;\">-3.839<\/span><\/td>\n<\/tr>\n<tr>\n<td width=\"96\"><span style=\"color: #000000;\">Brasil (Total)<\/span><\/td>\n<td width=\"66\"><span style=\"color: #000000;\">-1,09<\/span><\/td>\n<td width=\"111\"><span style=\"color: #000000;\">-33.763<\/span><\/td>\n<\/tr>\n<\/tbody>\n<\/table>\n<p style=\"text-align: center;\"><span style=\"color: #993366;\"><em>**Os dados da tabela consideram os fatores sazonais<\/em><\/span><\/p>\n<p><span style=\"color: #000000;\"><strong>Estado de S\u00e3o Paulo<\/strong><\/span><\/p>\n<p><span style=\"color: #000000;\">O emprego caiu 1,26% em setembro, j\u00e1 descontada a sazonalidade. No acumulado ano, a redu\u00e7\u00e3o do n\u00famero de empregados no estado foi de 7,23% em rela\u00e7\u00e3o ao mesmo per\u00edodo de 2014, sendo que tamb\u00e9m a \u00e1rea de infraestrutura respondeu pelo pior desempenho (-9,85%).<\/span><\/p>\n<p><span style=\"color: #000000;\">Na mesma base de compara\u00e7\u00e3o, entre as regionais, Presidente Prudente tem a maior queda, de 27,2%, devido ao fim do ciclo imobili\u00e1rio e a piora do cen\u00e1rio econ\u00f4mico. Na capital, que responde por 46% do total de empregos no setor, a queda at\u00e9 setembro foi de 7,44%, nessa mesma compara\u00e7\u00e3o.<\/span><\/p>\n<table class=\" aligncenter\" width=\"359\">\n<tbody>\n<tr>\n<td colspan=\"3\" width=\"359\"><span style=\"color: #ff0000;\"><strong>Emprego por regi\u00f5es do Estado de S\u00e3o Paulo<\/strong><\/span><\/p>\n<p><span style=\"color: #ff0000;\"><strong>(setembro de 2015)<\/strong><\/span><\/td>\n<\/tr>\n<tr>\n<td width=\"113\"><span style=\"color: #000000;\">Regi\u00e3o<\/span><\/td>\n<td width=\"113\"><span style=\"color: #000000;\">Varia\u00e7\u00e3o mensal (%)<\/span><\/td>\n<td width=\"132\"><span style=\"color: #000000;\">N\u00famero de novas vagas<\/span><\/td>\n<\/tr>\n<tr>\n<td width=\"113\"><span style=\"color: #000000;\">Sede (capital)<\/span><\/td>\n<td width=\"113\"><span style=\"color: #000000;\">-1,45<\/span><\/td>\n<td width=\"132\"><span style=\"color: #000000;\">-5.419<\/span><\/td>\n<\/tr>\n<tr>\n<td width=\"113\"><span style=\"color: #000000;\">Santo Andr\u00e9<\/span><\/td>\n<td width=\"113\"><span style=\"color: #000000;\">-0,94<\/span><\/td>\n<td width=\"132\"><span style=\"color: #000000;\">-425<\/span><\/td>\n<\/tr>\n<tr>\n<td width=\"113\"><span style=\"color: #000000;\">Campinas<\/span><\/td>\n<td width=\"113\"><span style=\"color: #000000;\">-0,98<\/span><\/td>\n<td width=\"132\"><span style=\"color: #000000;\">-832<\/span><\/td>\n<\/tr>\n<tr>\n<td width=\"113\"><span style=\"color: #000000;\">Ribeir\u00e3o Preto<\/span><\/td>\n<td width=\"113\"><span style=\"color: #000000;\">-1,01<\/span><\/td>\n<td width=\"132\"><span style=\"color: #000000;\">-511<\/span><\/td>\n<\/tr>\n<tr>\n<td width=\"113\"><span style=\"color: #000000;\">Santos<\/span><\/td>\n<td width=\"113\"><span style=\"color: #000000;\">0,14<\/span><\/td>\n<td width=\"132\"><span style=\"color: #000000;\">41<\/span><\/td>\n<\/tr>\n<tr>\n<td width=\"113\"><span style=\"color: #000000;\">Sorocaba<\/span><\/td>\n<td width=\"113\"><span style=\"color: #000000;\">-1,15<\/span><\/td>\n<td width=\"132\"><span style=\"color: #000000;\">-1.005<\/span><\/td>\n<\/tr>\n<tr>\n<td width=\"113\"><span style=\"color: #000000;\">S\u00e3o Jos\u00e9 dos Campos<\/span><\/td>\n<td width=\"113\"><span style=\"color: #000000;\">-0,76<\/span><\/td>\n<td width=\"132\"><span style=\"color: #000000;\">-560<\/span><\/td>\n<\/tr>\n<tr>\n<td width=\"113\"><span style=\"color: #000000;\">Bauru<\/span><\/td>\n<td width=\"113\"><span style=\"color: #000000;\">-1,40<\/span><\/td>\n<td width=\"132\"><span style=\"color: #000000;\">-351<\/span><\/td>\n<\/tr>\n<tr>\n<td width=\"113\"><span style=\"color: #000000;\">S\u00e3o Jos\u00e9 do Rio Preto<\/span><\/td>\n<td width=\"113\"><span style=\"color: #000000;\">-1,02<\/span><\/td>\n<td width=\"132\"><span style=\"color: #000000;\">-312<\/span><\/td>\n<\/tr>\n<tr>\n<td width=\"113\"><span style=\"color: #000000;\">Presidente Prudente<\/span><\/td>\n<td width=\"113\"><span style=\"color: #000000;\">0,88<\/span><\/td>\n<td width=\"132\"><span style=\"color: #000000;\">79<\/span><\/td>\n<\/tr>\n<\/tbody>\n<\/table>\n<p style=\"text-align: center;\"><span style=\"color: #993366;\"><em>*A dessazonaliza\u00e7\u00e3o \u00e9 um tratamento estat\u00edstico que tem como objetivo retirar efeitos que tipicamente acontecem em um mesmo per\u00edodo do ano.<\/em><\/span><\/p>\n<p><span style=\"color: #000000;\"><strong>Sobre o SindusCon-SP<\/strong><\/span><\/p>\n<p><span style=\"color: #000000;\">O Sindicato da Ind\u00fastria da Constru\u00e7\u00e3o Civil do Estado de S\u00e3o Paulo (SindusCon-SP) \u00e9 a maior associa\u00e7\u00e3o de empresas do setor na Am\u00e9rica Latina. Congrega e representa 650 construtoras associadas e 15 mil filiadas em todo o estado. A constru\u00e7\u00e3o paulista representa 34% da constru\u00e7\u00e3o brasileira, que por sua vez equivale a 5,5% do Produto Interno Bruto do Brasil.<\/span><\/p>\n<p><span style=\"color: #000080;\">Fonte: Assessoria de Imprensa SindusCon-SP<\/span><\/p>\n<p><span style=\"color: #000000;\"><strong>\u00a0<\/strong><\/span><\/p>\n","protected":false},"excerpt":{"rendered":"<p>Estimativa foi realizada ap\u00f3s 19\u00aa queda consecutiva do indicador de emprego em setembro O Sindicato da Ind\u00fastria da Constru\u00e7\u00e3o Civil do Estado de S\u00e3o Paulo (SindusCon-SP)\u00a0projeta o corte de 556 mil postos de trabalho na constru\u00e7\u00e3o civil brasileira at\u00e9 dezembro de 2015, queda de 16,8% em rela\u00e7\u00e3o ao mesmo per\u00edodo de 2014. Com isso, o [&hellip;]<\/p>\n","protected":false},"author":1,"featured_media":290,"comment_status":"open","ping_status":"open","sticky":false,"template":"","format":"standard","meta":{"_uag_custom_page_level_css":"","footnotes":""},"categories":[27],"tags":[1535,2826,3198,3431,11168],"class_list":["post-286","post","type-post","status-publish","format-standard","has-post-thumbnail","hentry","category-acontece","tag-brasil","tag-construcao-civil","tag-crise","tag-demissoes","tag-sinduscon-sp"],"blocksy_meta":[],"spectra_blocks_featured_image_url":[],"spectra_blocks_author_info":{"display_name":"Jornal da Constru\u00e7\u00e3o Civil","avatar_url":"https:\/\/secure.gravatar.com\/avatar\/973c9774fd44ddaceb026973c4962faa70fc512bc4c9da68e8ebb40fecee6540?s=96&d=mm&r=g","author_link":"https:\/\/construcaocivil.siriusmarketingedesign.com.br\/?author=1","description":"Desde de 2013, levando muitas informa\u00e7\u00f5es, lan\u00e7amentos e produtos de qualidade para toda cadeia produtiva da constru\u00e7\u00e3o. O Futuro da constru\u00e7\u00e3o passa por aqui,"},"uagb_featured_image_src":{"full":false,"thumbnail":false,"medium":false,"medium_large":false,"large":false,"1536x1536":false,"2048x2048":false},"uagb_author_info":{"display_name":"Jornal da Constru\u00e7\u00e3o Civil","author_link":"https:\/\/construcaocivil.siriusmarketingedesign.com.br\/?author=1"},"uagb_comment_info":0,"uagb_excerpt":"Estimativa foi realizada ap\u00f3s 19\u00aa queda consecutiva do indicador de emprego em setembro O Sindicato da Ind\u00fastria da Constru\u00e7\u00e3o Civil do Estado de S\u00e3o Paulo (SindusCon-SP)\u00a0projeta o corte de 556 mil postos de trabalho na constru\u00e7\u00e3o civil brasileira at\u00e9 dezembro de 2015, queda de 16,8% em rela\u00e7\u00e3o ao mesmo per\u00edodo de 2014. Com isso, o&hellip;","_links":{"self":[{"href":"https:\/\/construcaocivil.siriusmarketingedesign.com.br\/index.php?rest_route=\/wp\/v2\/posts\/286","targetHints":{"allow":["GET"]}}],"collection":[{"href":"https:\/\/construcaocivil.siriusmarketingedesign.com.br\/index.php?rest_route=\/wp\/v2\/posts"}],"about":[{"href":"https:\/\/construcaocivil.siriusmarketingedesign.com.br\/index.php?rest_route=\/wp\/v2\/types\/post"}],"author":[{"embeddable":true,"href":"https:\/\/construcaocivil.siriusmarketingedesign.com.br\/index.php?rest_route=\/wp\/v2\/users\/1"}],"replies":[{"embeddable":true,"href":"https:\/\/construcaocivil.siriusmarketingedesign.com.br\/index.php?rest_route=%2Fwp%2Fv2%2Fcomments&post=286"}],"version-history":[{"count":0,"href":"https:\/\/construcaocivil.siriusmarketingedesign.com.br\/index.php?rest_route=\/wp\/v2\/posts\/286\/revisions"}],"wp:attachment":[{"href":"https:\/\/construcaocivil.siriusmarketingedesign.com.br\/index.php?rest_route=%2Fwp%2Fv2%2Fmedia&parent=286"}],"wp:term":[{"taxonomy":"category","embeddable":true,"href":"https:\/\/construcaocivil.siriusmarketingedesign.com.br\/index.php?rest_route=%2Fwp%2Fv2%2Fcategories&post=286"},{"taxonomy":"post_tag","embeddable":true,"href":"https:\/\/construcaocivil.siriusmarketingedesign.com.br\/index.php?rest_route=%2Fwp%2Fv2%2Ftags&post=286"}],"curies":[{"name":"wp","href":"https:\/\/api.w.org\/{rel}","templated":true}]}}