{"id":2862,"date":"2016-07-28T18:53:15","date_gmt":"2016-07-28T18:53:15","guid":{"rendered":"http:\/\/www.jornaldaconstrucaocivil.com.br\/?p=2862"},"modified":"2016-07-28T18:53:15","modified_gmt":"2016-07-28T18:53:15","slug":"rge-e-cpfl-energia-apoiam-projeto-de-veranopolis-para-a-melhora-da-qualidade-de-vida-dos-idosos","status":"publish","type":"post","link":"https:\/\/construcaocivil.siriusmarketingedesign.com.br\/?p=2862","title":{"rendered":"RGE e CPFL Energia apoiam projeto de Veran\u00f3polis para a melhora da qualidade de vida dos idosos"},"content":{"rendered":"<p><strong><span style=\"color: #000000;\">Com a iniciativa, Veran\u00f3polis pode ser a primeira cidade brasileira Amiga do Idoso pela Organiza\u00e7\u00e3o Mundial da Sa\u00fade<\/span><\/strong><\/p>\n<p><span style=\"color: #000000;\"><span style=\"color: #993300;\">Veran\u00f3polis, 28 de julho de 2016<\/span> &#8211; Um projeto apoiado pela Rio Grande Energia (RGE) e o Grupo CPFL Energia pode tornar Veran\u00f3polis, na Serra Ga\u00facha, o primeiro munic\u00edpio brasileiro a receber o selo de Cidade Amiga do Idoso da Organiza\u00e7\u00e3o Mundial da Sa\u00fade (OMS). No pr\u00f3ximo dia 29, data de abertura da 18\u00aa Jornada de Inverno da Sociedade Brasileira de Geriatria e Gerontologia, a Prefeitura Municipal assinar\u00e1 a carta de compromisso com a\u00e7\u00f5es que ser\u00e3o desenvolvidas na cidade at\u00e9 2019. O documento ser\u00e1 encaminhado \u00e0 OMS para oficializar a participa\u00e7\u00e3o de Veran\u00f3polis na Rede Mundial de Cidades Amigas do Idoso.<\/span><\/p>\n<p><span style=\"color: #000000;\">O programa Cidades Amigas do Idoso, da OMS, \u00e9 um trabalho cont\u00ednuo de avalia\u00e7\u00f5es e aprimoramento, especialmente ligado \u00e0s a\u00e7\u00f5es do poder p\u00fablico, que se divide em ciclos de 3 a 5 anos. Cada um dos ciclos \u00e9 subdividido em quatro fases. A primeira delas \u00e9 a do planejamento. A segunda \u00e9 a elabora\u00e7\u00e3o de um plano de a\u00e7\u00e3o, que ser\u00e1 apresentado \u00e0 comunidade no dia 29. As outras duas fases s\u00e3o de implementa\u00e7\u00e3o do plano e monitoramento de seu resultado e, por fim, a an\u00e1lise dos benef\u00edcios proporcionados \u00e0 popula\u00e7\u00e3o.<\/span><\/p>\n<p><span style=\"color: #000000;\">Para o desenvolvimento do projeto, os idosos de Veran\u00f3polis foram convidados a avaliar as condi\u00e7\u00f5es do munic\u00edpio para o envelhecimento ativo. Em uma pesquisa realizada ao longo do \u00faltimo ano, os entrevistados foram abordados sobre os investimentos realizados pelo poder p\u00fablico em infraestrutura, lazer, transporte, moradia e qualidade de vida.<\/span><\/p>\n<p><span style=\"color: #000000;\">Na pesquisa, foram entrevistados 836 moradores da cidade com mais de 60 anos (363 homens e 473 mulheres). Deste total, 78,1% vivem na \u00e1rea urbana e outros 21,9% na \u00e1rea rural. Conforme o declarado na pesquisa, 26,3% ganham at\u00e9 um sal\u00e1rio m\u00ednimo por m\u00eas, 33,2% recebem entre um e dois e apenas 9,6% tem remunera\u00e7\u00e3o superior a cinco sal\u00e1rios por m\u00eas.<\/span><\/p>\n<p><span style=\"color: #000000;\">Nas entrevistas, eles apontaram que o munic\u00edpio, reconhecida nacionalmente como a Capital da Longevidade, conta com pr\u00e9dios p\u00fablicos com boa circula\u00e7\u00e3o e acesso, que h\u00e1 bancos para descanso em \u00e1reas p\u00fablicas, que os motoristas de \u00f4nibus s\u00e3o educados, que h\u00e1 acesso \u00e0 informa\u00e7\u00e3o em locais p\u00fablicos e que s\u00e3o oferecidas oportunidades para levar uma vida mais saud\u00e1vel, entre outros pontos positivos destacados.<\/span><\/p>\n<p><span style=\"color: #000000;\">Por\u00e9m, a maior parte dos participantes da consulta tamb\u00e9m citou sobre a falta de manuten\u00e7\u00e3o das cal\u00e7adas, a car\u00eancia de institui\u00e7\u00f5es especializadas no atendimento de idosos e oferta limitada de atividades culturais e sociais para a terceira idade, al\u00e9m da inseguran\u00e7a na cidade.<\/span><\/p>\n<p><span style=\"color: #000000;\">O efeito pr\u00e1tico do plano de a\u00e7\u00e3o \u00e9 o compromisso da prefeitura de Veran\u00f3polis em revitalizar as cal\u00e7adas e o passeio p\u00fablico, construir um centro de conviv\u00eancia para os idosos e criar mecanismos para a inclus\u00e3o digital dos moradores. Tamb\u00e9m ficou acertado, com base nas demandas da pr\u00f3pria comunidade, que o poder p\u00fablico vai incentivar a participa\u00e7\u00e3o em programas sociais e de valoriza\u00e7\u00e3o pessoal e investir na sa\u00fade da popula\u00e7\u00e3o. Em Veran\u00f3polis, a CPFL, por meio da doa\u00e7\u00e3o de recursos do seu Imposto de Renda para o Conselho Municipal do Idoso, financiou o trabalho de pesquisa que serviu para elabora\u00e7\u00e3o do plano de pol\u00edticas intersetoriais que v\u00e3o beneficiais os idosos e credenciais o munic\u00edpio \u00e0 certifica\u00e7\u00e3o da OMS.<\/span><\/p>\n<p><span style=\"color: #000000;\">A CPFL Energia, por meio de sua Diretoria de Sustentabilidade, vem apoiando o projeto por entender que Veran\u00f3polis, pelo hist\u00f3rico ligado \u00e0 valoriza\u00e7\u00e3o do idoso, tem um ambiente prop\u00edcio ao envelhecimento ativo. Desde 2014, o Grupo destinou R$ 611 mil na iniciativa, cujos recursos foram usados para financiar as pesquisas com a popula\u00e7\u00e3o que serviram para a elabora\u00e7\u00e3o do diagn\u00f3stico e do plano de a\u00e7\u00e3o das pol\u00edticas p\u00fablicas da cidade.<\/span><\/p>\n<p><span style=\"color: #000000;\">Outras duas cidades s\u00e3o incentivadas pelo Grupo CPFL<\/span><\/p>\n<p><span style=\"color: #000000;\">O projeto Cidades Amigas do Idoso tem quase uma d\u00e9cada de exist\u00eancia e foi criado pela OMS para promover iniciativas que favore\u00e7am o envelhecimento ativo da popula\u00e7\u00e3o. O Grupo CPFL participa desta a\u00e7\u00e3o mundial, que transforma munic\u00edpios em Cidades Amigas do Idoso, por meio do projeto Munic\u00edpios para Todas as Idades,\u00a0 investindo recursos da sua dedu\u00e7\u00e3o fiscal. Al\u00e9m da cidade ga\u00facha, Jaguari\u00fana e Campinas, ambas em S\u00e3o Paulo, integram a iniciativa.<\/span><\/p>\n<p><span style=\"color: #000000;\">Para receber a certifica\u00e7\u00e3o internacional, o munic\u00edpio proponente precisa preencher uma s\u00e9rie de requisitos que atestem seu compromisso com conceitos estabelecidos no Marco Pol\u00edtico de Envelhecimento Ativo, editado pela OMS em 2002 e revisado pelo Centro Internacional de Longevidade Brasil (ILC-Brasil) em 2015. No Marco Pol\u00edtico, h\u00e1 um progn\u00f3stico sobre envelhecimento e a longevidade e quais a\u00e7\u00f5es devem ser adotadas para que aconte\u00e7am mudan\u00e7as nas \u00e1reas da sa\u00fade, servi\u00e7os sociais, emprego e renda, moradia, transporte, justi\u00e7a e desenvolvimento para a popula\u00e7\u00e3o.<\/span><\/p>\n<p><strong><span style=\"color: #000000;\">Sobre a RGE<\/span><\/strong><\/p>\n<p><span style=\"color: #000000;\">A Rio Grande Energia (RGE) \u00e9 a distribuidora de energia el\u00e9trica da regi\u00e3o norte-nordeste do Estado do Rio Grande do Sul. Originada do modelo de concess\u00e3o p\u00fablica para distribui\u00e7\u00e3o de energia el\u00e9trica em 21 de outubro de 1997, a empresa atende 264 munic\u00edpios ga\u00fachos, o que representa 54% do total de munic\u00edpios do Estado.<\/span><\/p>\n<p><strong><span style=\"color: #000000;\">Sobre a CPFL Energia<\/span><\/strong><\/p>\n<p><span style=\"color: #000000;\">A CPFL Energia, h\u00e1 103 anos no setor el\u00e9trico, atua nos segmentos de distribui\u00e7\u00e3o, gera\u00e7\u00e3o, comercializa\u00e7\u00e3o, servi\u00e7os e telecomunica\u00e7\u00f5es. \u00c9 l\u00edder no mercado de distribui\u00e7\u00e3o, com 13% de participa\u00e7\u00e3o, totalizando mais de 7,5 milh\u00f5es de clientes nos Estados de S\u00e3o Paulo, Rio Grande do Sul, Minas Gerais e Paran\u00e1.<\/span><\/p>\n<p><span style=\"color: #000000;\">Mais Informa\u00e7\u00f5es:<\/span>\u00a0<span style=\"color: #0000ff;\"><a style=\"color: #0000ff;\" href=\"http:\/\/www.rge-rs.com.br\/\" target=\"_blank\"><span lang=\"EN-US\">www.rge-rs.com.br<\/span><\/a><\/span><\/p>\n","protected":false},"excerpt":{"rendered":"<p>Com a iniciativa, Veran\u00f3polis pode ser a primeira cidade brasileira Amiga do Idoso pela Organiza\u00e7\u00e3o Mundial da Sa\u00fade Veran\u00f3polis, 28 de julho de 2016 &#8211; Um projeto apoiado pela Rio Grande Energia (RGE) e o Grupo CPFL Energia pode tornar Veran\u00f3polis, na Serra Ga\u00facha, o primeiro munic\u00edpio brasileiro a receber o selo de Cidade Amiga [&hellip;]<\/p>\n","protected":false},"author":1,"featured_media":0,"comment_status":"open","ping_status":"open","sticky":false,"template":"","format":"standard","meta":{"_uag_custom_page_level_css":"","footnotes":""},"categories":[27],"tags":[2791,3129,5437,5660,8521,9672,10387,12346],"class_list":["post-2862","post","type-post","status-publish","format-standard","hentry","category-acontece","tag-conselho-municipal-do-idoso","tag-cpfl-energia","tag-gerontologia","tag-grupo-cpfl","tag-organizacao-mundial-da-saude-oms","tag-projeto-cidades-amigas-do-idoso","tag-rio-grande-energia-rge","tag-veranopolisrs"],"blocksy_meta":[],"spectra_blocks_featured_image_url":null,"spectra_blocks_author_info":{"display_name":"Jornal da Constru\u00e7\u00e3o Civil","avatar_url":"https:\/\/secure.gravatar.com\/avatar\/973c9774fd44ddaceb026973c4962faa70fc512bc4c9da68e8ebb40fecee6540?s=96&d=mm&r=g","author_link":"https:\/\/construcaocivil.siriusmarketingedesign.com.br\/?author=1","description":"Desde de 2013, levando muitas informa\u00e7\u00f5es, lan\u00e7amentos e produtos de qualidade para toda cadeia produtiva da constru\u00e7\u00e3o. O Futuro da constru\u00e7\u00e3o passa por aqui,"},"uagb_featured_image_src":{"full":false,"thumbnail":false,"medium":false,"medium_large":false,"large":false,"1536x1536":false,"2048x2048":false},"uagb_author_info":{"display_name":"Jornal da Constru\u00e7\u00e3o Civil","author_link":"https:\/\/construcaocivil.siriusmarketingedesign.com.br\/?author=1"},"uagb_comment_info":0,"uagb_excerpt":"Com a iniciativa, Veran\u00f3polis pode ser a primeira cidade brasileira Amiga do Idoso pela Organiza\u00e7\u00e3o Mundial da Sa\u00fade Veran\u00f3polis, 28 de julho de 2016 &#8211; Um projeto apoiado pela Rio Grande Energia (RGE) e o Grupo CPFL Energia pode tornar Veran\u00f3polis, na Serra Ga\u00facha, o primeiro munic\u00edpio brasileiro a receber o selo de Cidade Amiga&hellip;","_links":{"self":[{"href":"https:\/\/construcaocivil.siriusmarketingedesign.com.br\/index.php?rest_route=\/wp\/v2\/posts\/2862","targetHints":{"allow":["GET"]}}],"collection":[{"href":"https:\/\/construcaocivil.siriusmarketingedesign.com.br\/index.php?rest_route=\/wp\/v2\/posts"}],"about":[{"href":"https:\/\/construcaocivil.siriusmarketingedesign.com.br\/index.php?rest_route=\/wp\/v2\/types\/post"}],"author":[{"embeddable":true,"href":"https:\/\/construcaocivil.siriusmarketingedesign.com.br\/index.php?rest_route=\/wp\/v2\/users\/1"}],"replies":[{"embeddable":true,"href":"https:\/\/construcaocivil.siriusmarketingedesign.com.br\/index.php?rest_route=%2Fwp%2Fv2%2Fcomments&post=2862"}],"version-history":[{"count":0,"href":"https:\/\/construcaocivil.siriusmarketingedesign.com.br\/index.php?rest_route=\/wp\/v2\/posts\/2862\/revisions"}],"wp:attachment":[{"href":"https:\/\/construcaocivil.siriusmarketingedesign.com.br\/index.php?rest_route=%2Fwp%2Fv2%2Fmedia&parent=2862"}],"wp:term":[{"taxonomy":"category","embeddable":true,"href":"https:\/\/construcaocivil.siriusmarketingedesign.com.br\/index.php?rest_route=%2Fwp%2Fv2%2Fcategories&post=2862"},{"taxonomy":"post_tag","embeddable":true,"href":"https:\/\/construcaocivil.siriusmarketingedesign.com.br\/index.php?rest_route=%2Fwp%2Fv2%2Ftags&post=2862"}],"curies":[{"name":"wp","href":"https:\/\/api.w.org\/{rel}","templated":true}]}}