{"id":2871,"date":"2016-07-28T20:10:19","date_gmt":"2016-07-28T20:10:19","guid":{"rendered":"http:\/\/www.jornaldaconstrucaocivil.com.br\/?p=2871"},"modified":"2016-07-28T20:10:19","modified_gmt":"2016-07-28T20:10:19","slug":"ministro-do-esporte-destaca-legado-dos-jogos-para-a-cidade","status":"publish","type":"post","link":"https:\/\/construcaocivil.siriusmarketingedesign.com.br\/?p=2871","title":{"rendered":"Ministro do Esporte destaca legado dos Jogos para a cidade"},"content":{"rendered":"<p><span style=\"color: #993300;\">Rio 2016\u00a0<\/span><\/p>\n<p><strong><span style=\"color: #000000;\">O ministro do Esporte, Leonardo Picciani, participou na manh\u00e3 de ontem, quarta-feira (27\/07) da cerim\u00f4nia de abertura do Rio Media Center (RMC), o centro de imprensa para jornalistas credenciados e n\u00e3o credenciados para a cobertura dos Jogos Ol\u00edmpicos Rio 2016. Em seu discurso, ele destacou o legado ol\u00edmpico no pa\u00eds:\u00a0<\/span><\/strong><\/p>\n<p><em>\u201cO legado n\u00e3o est\u00e1 apenas na cidade do Rio de Janeiro. Temos Centros de Treinamento e equipamentos que foram constru\u00eddos e ser\u00e3o destinados a todas as regi\u00f5es brasileiras. Dentro disso estamos aperfei\u00e7oando nossa Rede Nacional de Treinamento. A inten\u00e7\u00e3o \u00e9 unificar o funcionamento desses equipamentos em todas as regi\u00f5es do Brasil, para que os jovens possam us\u00e1-las e irem evoluindo ao longo de suas vidas esportivas. O legado ser\u00e1 integrado em todo o pa\u00eds e funcionar\u00e1 com uma l\u00f3gica \u00fanica\u201d<\/em>.<\/p>\n<p>O evento de abertura do RMC contou ainda com a presen\u00e7a do prefeito do Rio, Eduardo Paes; o secret\u00e1rio da Casa Civil do estado, Leonardo Esp\u00edndola; o presidente da Autoridade P\u00fablica Ol\u00edmpica (APO), Marcelo Pedroso; e Leslie Kikoler, chefe de gabinete do Comit\u00ea Rio 2016. Leonardo Picciani aposta na melhor participa\u00e7\u00e3o do Brasil na hist\u00f3ria dos Jogos e no impacto nacional na estrutura esportiva ap\u00f3s os Jogos Rio 2016:<\/p>\n<p><em>\u201cO Brasil sem d\u00favida nenhuma tem condi\u00e7\u00e3o de fazer sua melhor participa\u00e7\u00e3o na hist\u00f3ria dos Jogos. Muita gente s\u00f3 fala das medalhas, mas praticamente dobramos o tamanho da delega\u00e7\u00e3o de Londres para o Rio. De modo geral, creio que a Olimp\u00edada ser\u00e1 uma grande oportunidade de desenvolver a cultura do esporte no pa\u00eds\u201d<\/em>.<\/p>\n<p><span style=\"color: #993300;\">Fonte: Rio Media Center<\/span><\/p>\n<p>&nbsp;<\/p>\n","protected":false},"excerpt":{"rendered":"<p>Rio 2016\u00a0 O ministro do Esporte, Leonardo Picciani, participou na manh\u00e3 de ontem, quarta-feira (27\/07) da cerim\u00f4nia de abertura do Rio Media Center (RMC), o centro de imprensa para jornalistas credenciados e n\u00e3o credenciados para a cobertura dos Jogos Ol\u00edmpicos Rio 2016. Em seu discurso, ele destacou o legado ol\u00edmpico no pa\u00eds:\u00a0 \u201cO legado n\u00e3o [&hellip;]<\/p>\n","protected":false},"author":1,"featured_media":0,"comment_status":"open","ping_status":"open","sticky":false,"template":"","format":"standard","meta":{"_uag_custom_page_level_css":"","footnotes":""},"categories":[27],"tags":[1535,6529,6772,7754,10375],"class_list":["post-2871","post","type-post","status-publish","format-standard","hentry","category-acontece","tag-brasil","tag-jogos-olimpicos","tag-legado-olimpico","tag-ministro-dos-esportes","tag-rio-de-janeiro"],"blocksy_meta":[],"spectra_blocks_featured_image_url":null,"spectra_blocks_author_info":{"display_name":"Jornal da Constru\u00e7\u00e3o Civil","avatar_url":"https:\/\/secure.gravatar.com\/avatar\/973c9774fd44ddaceb026973c4962faa70fc512bc4c9da68e8ebb40fecee6540?s=96&d=mm&r=g","author_link":"https:\/\/construcaocivil.siriusmarketingedesign.com.br\/?author=1","description":"Desde de 2013, levando muitas informa\u00e7\u00f5es, lan\u00e7amentos e produtos de qualidade para toda cadeia produtiva da constru\u00e7\u00e3o. O Futuro da constru\u00e7\u00e3o passa por aqui,"},"uagb_featured_image_src":{"full":false,"thumbnail":false,"medium":false,"medium_large":false,"large":false,"1536x1536":false,"2048x2048":false},"uagb_author_info":{"display_name":"Jornal da Constru\u00e7\u00e3o Civil","author_link":"https:\/\/construcaocivil.siriusmarketingedesign.com.br\/?author=1"},"uagb_comment_info":0,"uagb_excerpt":"Rio 2016\u00a0 O ministro do Esporte, Leonardo Picciani, participou na manh\u00e3 de ontem, quarta-feira (27\/07) da cerim\u00f4nia de abertura do Rio Media Center (RMC), o centro de imprensa para jornalistas credenciados e n\u00e3o credenciados para a cobertura dos Jogos Ol\u00edmpicos Rio 2016. Em seu discurso, ele destacou o legado ol\u00edmpico no pa\u00eds:\u00a0 \u201cO legado n\u00e3o&hellip;","_links":{"self":[{"href":"https:\/\/construcaocivil.siriusmarketingedesign.com.br\/index.php?rest_route=\/wp\/v2\/posts\/2871","targetHints":{"allow":["GET"]}}],"collection":[{"href":"https:\/\/construcaocivil.siriusmarketingedesign.com.br\/index.php?rest_route=\/wp\/v2\/posts"}],"about":[{"href":"https:\/\/construcaocivil.siriusmarketingedesign.com.br\/index.php?rest_route=\/wp\/v2\/types\/post"}],"author":[{"embeddable":true,"href":"https:\/\/construcaocivil.siriusmarketingedesign.com.br\/index.php?rest_route=\/wp\/v2\/users\/1"}],"replies":[{"embeddable":true,"href":"https:\/\/construcaocivil.siriusmarketingedesign.com.br\/index.php?rest_route=%2Fwp%2Fv2%2Fcomments&post=2871"}],"version-history":[{"count":0,"href":"https:\/\/construcaocivil.siriusmarketingedesign.com.br\/index.php?rest_route=\/wp\/v2\/posts\/2871\/revisions"}],"wp:attachment":[{"href":"https:\/\/construcaocivil.siriusmarketingedesign.com.br\/index.php?rest_route=%2Fwp%2Fv2%2Fmedia&parent=2871"}],"wp:term":[{"taxonomy":"category","embeddable":true,"href":"https:\/\/construcaocivil.siriusmarketingedesign.com.br\/index.php?rest_route=%2Fwp%2Fv2%2Fcategories&post=2871"},{"taxonomy":"post_tag","embeddable":true,"href":"https:\/\/construcaocivil.siriusmarketingedesign.com.br\/index.php?rest_route=%2Fwp%2Fv2%2Ftags&post=2871"}],"curies":[{"name":"wp","href":"https:\/\/api.w.org\/{rel}","templated":true}]}}