{"id":2925,"date":"2016-08-02T21:00:49","date_gmt":"2016-08-02T21:00:49","guid":{"rendered":"http:\/\/www.jornaldaconstrucaocivil.com.br\/?p=2925"},"modified":"2016-08-02T21:00:49","modified_gmt":"2016-08-02T21:00:49","slug":"vendas-no-varejo-de-material-de-construcao-crescem-85-em-julho","status":"publish","type":"post","link":"https:\/\/construcaocivil.siriusmarketingedesign.com.br\/?p=2925","title":{"rendered":"Vendas no varejo de material de constru\u00e7\u00e3o  crescem 8,5% em julho"},"content":{"rendered":"<p><span style=\"color: #000080;\"><strong>Setor registra terceiro m\u00eas consecutivo com desempenho positivo no ano e, segundo expectativa da Anamaco, deve fechar 2016 com 5% de crescimento sobre 2015<\/strong><\/span><\/p>\n<figure id=\"attachment_2926\" aria-describedby=\"caption-attachment-2926\" style=\"width: 329px\" class=\"wp-caption alignleft\"><a href=\"http:\/\/www.jornaldaconstrucaocivil.com.br\/wp-content\/uploads\/2016\/08\/MATERIAL-DE-CONSTRUCAO.jpg\"><img loading=\"lazy\" decoding=\"async\" class=\"wp-image-2926\" src=\"http:\/\/www.jornaldaconstrucaocivil.com.br\/wp-content\/uploads\/2016\/08\/MATERIAL-DE-CONSTRUCAO.jpg\" alt=\"MATERIAL DE CONSTRUCAO\" width=\"329\" height=\"247\" \/><\/a><figcaption id=\"caption-attachment-2926\" class=\"wp-caption-text\"><span style=\"color: #993300;\">Vendas de material de constru\u00e7\u00e3o tem apresentado saldos positivos nos \u00faltimos tr\u00eas meses. <span style=\"color: #0000ff;\">Foto: JCC <\/span><\/span><\/figcaption><\/figure>\n<p><span style=\"color: #000000;\">As vendas no varejo de material de constru\u00e7\u00e3o cresceram 8,5% no m\u00eas de julho, na compara\u00e7\u00e3o com junho deste ano. O desempenho foi 4% superior ao registrado no mesmo per\u00edodo de 2015 e equivale ao terceiro m\u00eas consecutivo de crescimento do setor em 2016.<\/span><\/p>\n<p><span style=\"color: #000000;\">Os dados s\u00e3o do estudo mensal realizado pelo Instituto de Pesquisas da Anamaco, com o apoio da Abrafati, Instituto Crisotila Brasil, Anfacer e Siamfesp. O estudo ouviu 530 lojistas de todas as regi\u00f5es do pa\u00eds entre os dias 26 e 30 de julho. A margem de erro \u00e9 de 4,3%.<\/span><\/p>\n<p><span style=\"color: #000000;\">\u201cCom os bons resultados apresentados em julho, o setor, que acumula queda de 6% em 2016, deve praticamente zerar esse \u00edndice nos pr\u00f3ximos dois meses gra\u00e7as ao elevado grau de otimismo demonstrado na pesquisa. Nos \u00faltimos 12 meses, estamos com queda acumulada de 4%\u201d, explica o presidente da Anamaco, Cl\u00e1udio Conz.<\/span><\/p>\n<p><span style=\"color: #000000;\">Segundo ele, a expectativa da entidade \u00e9 que o varejo de material de constru\u00e7\u00e3o encerre o ano com crescimento de 5% sobre 2015. \u201cContinuamos firmes na nossa expectativa de fecharmos 2016 com crescimento, at\u00e9 porque, em mais de 30 anos de Anamaco, 2015 foi o primeiro ano que teve um segundo semestre com desempenho de vendas inferior ao primeiro. O frio tamb\u00e9m ajuda muito nas vendas e o tempo seco prolongado faz com que as obras tenham um bom andamento\u201d, completa.<\/span><\/p>\n<p><span style=\"color: #000000;\">O presidente da Anamaco tamb\u00e9m ressalta que este \u00e9 o melhor momento para o consumidor retomar as obras sem gastar mais do que gostaria. \u201cO cliente j\u00e1 percebeu que a defasagem dos pre\u00e7os dos materiais de constru\u00e7\u00e3o n\u00e3o deve durar, pois com os ajustes na produ\u00e7\u00e3o pelas ind\u00fastrias, os pre\u00e7os devem subir. Hoje, o cliente j\u00e1 tem dificuldade de encontrar a mesma disponibilidade de produtos e marcas que foram abundantes durante o ano passado. No momento, as lojas ainda est\u00e3o vendendo esses produtos, em m\u00e9dia mais baratos do que em 2015, por\u00e9m os estoques j\u00e1 est\u00e3o baixos e, assim que forem repostos, esses pre\u00e7os devem mudar\u201d, diz.<\/span><\/p>\n<p><span style=\"color: #000000;\">A pesquisa da Anamaco tamb\u00e9m indicou que a regi\u00e3o Sudeste foi a que mais se destacou no m\u00eas de julho, com 46% das lojas entrevistadas registrando aumento de vendas, numero 31% maior do que o de junho. No Nordeste, o \u00edndice foi de 36%, seguido do Sul (28%) e do Centro Oeste( 33%).<\/span><\/p>\n<p><span style=\"color: #000000;\">No levantamento por categorias, tintas registrou 10% de crescimento no m\u00eas, seguida por metais sanit\u00e1rios (4%). Fechaduras e ferragens e revestimentos cer\u00e2micos apresentaram estabilidade no per\u00edodo, j\u00e1 lou\u00e7as sanit\u00e1rias e telhas de fibrocimento apresentaram retra\u00e7\u00e3o de 2% 4% respectivamente.<\/span><\/p>\n<p><span style=\"color: #000000;\">Ainda de acordo com a \u201cPesquisa Tracking Anamaco\u201d, as estimativas para agosto s\u00e3o positivas: 59% dos entrevistados espera crescimento em rela\u00e7\u00e3o a julho. O grau de otimismo sobre as a\u00e7\u00f5es do Governo nos pr\u00f3ximos 12 meses cresceu de 46% para 55%. J\u00e1 a inten\u00e7\u00e3o de contratar novos funcion\u00e1rios subir de 13% para 15%. Cerca de 38% dos entrevistados tamb\u00e9m afirmou que pretende fazer novos investimentos nos pr\u00f3ximos 12 meses.<\/span><\/p>\n<p><span style=\"color: #000000;\">O varejo de material de constru\u00e7\u00e3o fechou 2015 com retra\u00e7\u00e3o de 5,8%. Foi a primeira retra\u00e7\u00e3o registrada pelo segmento nos \u00faltimos 12 anos. A Anamaco est\u00e1 finalizando os estudos para alterar o m\u00e9todo de c\u00e1lculo do faturamento do setor, em raz\u00e3o das novas medi\u00e7\u00f5es introduzidas pelo IBGE (Instituto Brasileiro de Geografia e Estat\u00edstica) em seus \u00edndices. Um estudo pr\u00e9vio, a ser finalizado em mar\u00e7o, apontou que o varejo de material de constru\u00e7\u00e3o teve um faturamento de R$ 115 bilh\u00f5es em 2015.<\/span><\/p>\n<p><span style=\"color: #800080;\">Fonte: Assessoria de Imprensa Anamaco\u00a0<\/span><\/p>\n","protected":false},"excerpt":{"rendered":"<p>Setor registra terceiro m\u00eas consecutivo com desempenho positivo no ano e, segundo expectativa da Anamaco, deve fechar 2016 com 5% de crescimento sobre 2015 As vendas no varejo de material de constru\u00e7\u00e3o cresceram 8,5% no m\u00eas de julho, na compara\u00e7\u00e3o com junho deste ano. O desempenho foi 4% superior ao registrado no mesmo per\u00edodo de [&hellip;]<\/p>\n","protected":false},"author":1,"featured_media":2926,"comment_status":"open","ping_status":"open","sticky":false,"template":"","format":"standard","meta":{"_uag_custom_page_level_css":"","footnotes":""},"categories":[33],"tags":[2079,5846,6992,7362,8170,10327,11433],"class_list":["post-2925","post","type-post","status-publish","format-standard","has-post-thumbnail","hentry","category-mercado","tag-centro-oeste","tag-ibge","tag-lojas","tag-material-de-construcao","tag-norte","tag-revestimentos-ceramicos","tag-sudeste"],"blocksy_meta":[],"spectra_blocks_featured_image_url":[],"spectra_blocks_author_info":{"display_name":"Jornal da Constru\u00e7\u00e3o Civil","avatar_url":"https:\/\/secure.gravatar.com\/avatar\/973c9774fd44ddaceb026973c4962faa70fc512bc4c9da68e8ebb40fecee6540?s=96&d=mm&r=g","author_link":"https:\/\/construcaocivil.siriusmarketingedesign.com.br\/?author=1","description":"Desde de 2013, levando muitas informa\u00e7\u00f5es, lan\u00e7amentos e produtos de qualidade para toda cadeia produtiva da constru\u00e7\u00e3o. O Futuro da constru\u00e7\u00e3o passa por aqui,"},"uagb_featured_image_src":{"full":false,"thumbnail":false,"medium":false,"medium_large":false,"large":false,"1536x1536":false,"2048x2048":false},"uagb_author_info":{"display_name":"Jornal da Constru\u00e7\u00e3o Civil","author_link":"https:\/\/construcaocivil.siriusmarketingedesign.com.br\/?author=1"},"uagb_comment_info":0,"uagb_excerpt":"Setor registra terceiro m\u00eas consecutivo com desempenho positivo no ano e, segundo expectativa da Anamaco, deve fechar 2016 com 5% de crescimento sobre 2015 As vendas no varejo de material de constru\u00e7\u00e3o cresceram 8,5% no m\u00eas de julho, na compara\u00e7\u00e3o com junho deste ano. O desempenho foi 4% superior ao registrado no mesmo per\u00edodo de&hellip;","_links":{"self":[{"href":"https:\/\/construcaocivil.siriusmarketingedesign.com.br\/index.php?rest_route=\/wp\/v2\/posts\/2925","targetHints":{"allow":["GET"]}}],"collection":[{"href":"https:\/\/construcaocivil.siriusmarketingedesign.com.br\/index.php?rest_route=\/wp\/v2\/posts"}],"about":[{"href":"https:\/\/construcaocivil.siriusmarketingedesign.com.br\/index.php?rest_route=\/wp\/v2\/types\/post"}],"author":[{"embeddable":true,"href":"https:\/\/construcaocivil.siriusmarketingedesign.com.br\/index.php?rest_route=\/wp\/v2\/users\/1"}],"replies":[{"embeddable":true,"href":"https:\/\/construcaocivil.siriusmarketingedesign.com.br\/index.php?rest_route=%2Fwp%2Fv2%2Fcomments&post=2925"}],"version-history":[{"count":0,"href":"https:\/\/construcaocivil.siriusmarketingedesign.com.br\/index.php?rest_route=\/wp\/v2\/posts\/2925\/revisions"}],"wp:attachment":[{"href":"https:\/\/construcaocivil.siriusmarketingedesign.com.br\/index.php?rest_route=%2Fwp%2Fv2%2Fmedia&parent=2925"}],"wp:term":[{"taxonomy":"category","embeddable":true,"href":"https:\/\/construcaocivil.siriusmarketingedesign.com.br\/index.php?rest_route=%2Fwp%2Fv2%2Fcategories&post=2925"},{"taxonomy":"post_tag","embeddable":true,"href":"https:\/\/construcaocivil.siriusmarketingedesign.com.br\/index.php?rest_route=%2Fwp%2Fv2%2Ftags&post=2925"}],"curies":[{"name":"wp","href":"https:\/\/api.w.org\/{rel}","templated":true}]}}