{"id":2928,"date":"2016-08-02T21:08:01","date_gmt":"2016-08-02T21:08:01","guid":{"rendered":"http:\/\/www.jornaldaconstrucaocivil.com.br\/?p=2928"},"modified":"2016-08-02T21:08:01","modified_gmt":"2016-08-02T21:08:01","slug":"simposio-debate-tendencias-em-eficiencia-energetica-e-sustentabilidade-para-supermercados","status":"publish","type":"post","link":"https:\/\/construcaocivil.siriusmarketingedesign.com.br\/?p=2928","title":{"rendered":"Simp\u00f3sio debate tend\u00eancias em efici\u00eancia energ\u00e9tica e sustentabilidade para supermercados"},"content":{"rendered":"<p><span style=\"color: #993300;\">Acontece\u00a0<\/span><\/p>\n<p><span style=\"color: #000080;\"><strong>Iniciativa ser\u00e1 transmitida ao vivo pela internet e contar\u00e1 com a participa\u00e7\u00e3o de palestrantes do Minist\u00e9rio do Meio Ambiente, Grupo P\u00e3o de A\u00e7\u00facar, Greenyellow, Plotter Racks, Eletrofrio, Ecosuporte<\/strong><\/span><\/p>\n<p><span style=\"color: #000000;\">Com a energia el\u00e9trica cara e a restri\u00e7\u00e3o para uso do R22 (HCFCs), o setor supermercadista tem investido em solu\u00e7\u00f5es energeticamente eficientes e ecologicamente corretas. Os sistemas de refrigera\u00e7\u00e3o e ar condicionado respondem por uma grande parte do consumo de energia no setor varejista e, com isso, a automa\u00e7\u00e3o tem sido uma das solu\u00e7\u00f5es empregadas para reduzir em curto prazo o consumo.<\/span><\/p>\n<p><span style=\"color: #000000;\">Para promover a discuss\u00e3o sobre o setor, a Danfoss promove o 1\u00ba Simp\u00f3sio Danfoss sobre tend\u00eancias em efici\u00eancia energ\u00e9tica e sustentabilidade para supermercados no dia 16 de agosto, das 9h \u00e0s 12h30, no audit\u00f3rio da Associa\u00e7\u00e3o Paulista de Supermercados (APAS). A iniciativa tem o apoio da APAS e contar\u00e1 tamb\u00e9m com transmiss\u00e3o ao vivo pela fanpage da Danfoss no Facebook <span style=\"color: #0000ff;\">(www.facebook.com\/DanfossBrasil)<\/span>.<\/span><\/p>\n<p>A inscri\u00e7\u00e3o \u00e9 gratuita e deve ser feita por meio do email<span style=\"color: #0000ff;\">\u00a0rsvp@mcmdigital.co<\/span>\u00a0ou no telefone <span style=\"color: #0000ff;\">(11) 3670-4450.\u00a0<\/span><\/p>\n<p><span style=\"color: #000000;\"><strong><u>Servi\u00e7o<\/u><\/strong><\/span><\/p>\n<p><span style=\"color: #000000;\"><strong><em>1\u00ba Simp\u00f3sio Danfoss sobre tend\u00eancias em efici\u00eancia energ\u00e9tica e sustentabilidade para supermercados<\/em><\/strong><\/span><\/p>\n<p><span style=\"color: #000000;\">Dia 16 de agosto, das 9h \u00e0s 12h30<\/span><\/p>\n<p><span style=\"color: #000000;\">Audit\u00f3rio da APAS<\/span><\/p>\n<p><span style=\"color: #000000;\">Rua Pio XI, 1200, Alto da Lapa, S\u00e3o Paulo<\/span><\/p>\n<p><span style=\"color: #000000;\">Inscri\u00e7\u00f5es gratuitas: <span style=\"color: #0000ff;\"><a style=\"color: #0000ff;\" href=\"mailto:rsvp@msmdigital.co\">rsvp@mcmdigital.co<\/a><\/span> ou <span style=\"color: #0000ff;\">(11) 3670-4450<\/span><\/span><\/p>\n<p><span style=\"color: #000000;\">Transmiss\u00e3o ao vivo: <span style=\"color: #0000ff;\"><a style=\"color: #0000ff;\" href=\"http:\/\/www.facebook.com\/DanfossBrasil\">www.facebook.com\/DanfossBrasil<\/a><\/span><\/span><\/p>\n<p>&nbsp;<\/p>\n<p>&nbsp;<\/p>\n","protected":false},"excerpt":{"rendered":"<p>Acontece\u00a0 Iniciativa ser\u00e1 transmitida ao vivo pela internet e contar\u00e1 com a participa\u00e7\u00e3o de palestrantes do Minist\u00e9rio do Meio Ambiente, Grupo P\u00e3o de A\u00e7\u00facar, Greenyellow, Plotter Racks, Eletrofrio, Ecosuporte Com a energia el\u00e9trica cara e a restri\u00e7\u00e3o para uso do R22 (HCFCs), o setor supermercadista tem investido em solu\u00e7\u00f5es energeticamente eficientes e ecologicamente corretas. Os [&hellip;]<\/p>\n","protected":false},"author":1,"featured_media":0,"comment_status":"open","ping_status":"open","sticky":false,"template":"","format":"standard","meta":{"_uag_custom_page_level_css":"","footnotes":""},"categories":[29],"tags":[3986,5686,7718,9031,11457],"class_list":["post-2928","post","type-post","status-publish","format-standard","hentry","category-energia","tag-eficiencia-energetica","tag-grupo-pao-de-acucar","tag-ministerio-do-meio-ambiente","tag-plotter-racks","tag-supermercados"],"blocksy_meta":[],"spectra_blocks_featured_image_url":null,"spectra_blocks_author_info":{"display_name":"Jornal da Constru\u00e7\u00e3o Civil","avatar_url":"https:\/\/secure.gravatar.com\/avatar\/973c9774fd44ddaceb026973c4962faa70fc512bc4c9da68e8ebb40fecee6540?s=96&d=mm&r=g","author_link":"https:\/\/construcaocivil.siriusmarketingedesign.com.br\/?author=1","description":"Desde de 2013, levando muitas informa\u00e7\u00f5es, lan\u00e7amentos e produtos de qualidade para toda cadeia produtiva da constru\u00e7\u00e3o. O Futuro da constru\u00e7\u00e3o passa por aqui,"},"uagb_featured_image_src":{"full":false,"thumbnail":false,"medium":false,"medium_large":false,"large":false,"1536x1536":false,"2048x2048":false},"uagb_author_info":{"display_name":"Jornal da Constru\u00e7\u00e3o Civil","author_link":"https:\/\/construcaocivil.siriusmarketingedesign.com.br\/?author=1"},"uagb_comment_info":0,"uagb_excerpt":"Acontece\u00a0 Iniciativa ser\u00e1 transmitida ao vivo pela internet e contar\u00e1 com a participa\u00e7\u00e3o de palestrantes do Minist\u00e9rio do Meio Ambiente, Grupo P\u00e3o de A\u00e7\u00facar, Greenyellow, Plotter Racks, Eletrofrio, Ecosuporte Com a energia el\u00e9trica cara e a restri\u00e7\u00e3o para uso do R22 (HCFCs), o setor supermercadista tem investido em solu\u00e7\u00f5es energeticamente eficientes e ecologicamente corretas. Os&hellip;","_links":{"self":[{"href":"https:\/\/construcaocivil.siriusmarketingedesign.com.br\/index.php?rest_route=\/wp\/v2\/posts\/2928","targetHints":{"allow":["GET"]}}],"collection":[{"href":"https:\/\/construcaocivil.siriusmarketingedesign.com.br\/index.php?rest_route=\/wp\/v2\/posts"}],"about":[{"href":"https:\/\/construcaocivil.siriusmarketingedesign.com.br\/index.php?rest_route=\/wp\/v2\/types\/post"}],"author":[{"embeddable":true,"href":"https:\/\/construcaocivil.siriusmarketingedesign.com.br\/index.php?rest_route=\/wp\/v2\/users\/1"}],"replies":[{"embeddable":true,"href":"https:\/\/construcaocivil.siriusmarketingedesign.com.br\/index.php?rest_route=%2Fwp%2Fv2%2Fcomments&post=2928"}],"version-history":[{"count":0,"href":"https:\/\/construcaocivil.siriusmarketingedesign.com.br\/index.php?rest_route=\/wp\/v2\/posts\/2928\/revisions"}],"wp:attachment":[{"href":"https:\/\/construcaocivil.siriusmarketingedesign.com.br\/index.php?rest_route=%2Fwp%2Fv2%2Fmedia&parent=2928"}],"wp:term":[{"taxonomy":"category","embeddable":true,"href":"https:\/\/construcaocivil.siriusmarketingedesign.com.br\/index.php?rest_route=%2Fwp%2Fv2%2Fcategories&post=2928"},{"taxonomy":"post_tag","embeddable":true,"href":"https:\/\/construcaocivil.siriusmarketingedesign.com.br\/index.php?rest_route=%2Fwp%2Fv2%2Ftags&post=2928"}],"curies":[{"name":"wp","href":"https:\/\/api.w.org\/{rel}","templated":true}]}}