{"id":2933,"date":"2016-08-03T15:12:23","date_gmt":"2016-08-03T15:12:23","guid":{"rendered":"http:\/\/www.jornaldaconstrucaocivil.com.br\/?p=2933"},"modified":"2016-08-03T15:12:23","modified_gmt":"2016-08-03T15:12:23","slug":"fundo-brasil-lancou-nesta-semana-campanha-para-mobilizar-a-sociedade-na-luta-por-direitos-e-contra-as-ameacas-de-retrocessos","status":"publish","type":"post","link":"https:\/\/construcaocivil.siriusmarketingedesign.com.br\/?p=2933","title":{"rendered":"Fundo Brasil lan\u00e7ou nesta semana campanha para mobilizar a sociedade na luta por direitos e contra as amea\u00e7as de retrocessos"},"content":{"rendered":"<p><span style=\"color: #000080;\"><strong>N\u00e3o t\u00e1 tranquilo nem favor\u00e1vel para os direitos humanos<\/strong><\/span><\/p>\n<p><span style=\"color: #993300;\">Julho &#8211;<\/span> Ao contr\u00e1rio do que diz o refr\u00e3o do funk famoso, para os direitos humanos a situa\u00e7\u00e3o n\u00e3o est\u00e1 tranquila nem favor\u00e1vel no Brasil. A forte atua\u00e7\u00e3o de for\u00e7as conservadoras amea\u00e7a direitos conquistados nas \u00faltimas d\u00e9cadas e cria um cen\u00e1rio de retrocessos.<\/p>\n<figure id=\"attachment_2934\" aria-describedby=\"caption-attachment-2934\" style=\"width: 275px\" class=\"wp-caption alignleft\"><a href=\"http:\/\/www.jornaldaconstrucaocivil.com.br\/wp-content\/uploads\/2016\/08\/LETICIA-SABATELLA.jpg\"><img loading=\"lazy\" decoding=\"async\" class=\"wp-image-2934\" src=\"http:\/\/www.jornaldaconstrucaocivil.com.br\/wp-content\/uploads\/2016\/08\/LETICIA-SABATELLA.jpg\" alt=\"LETICIA SABATELLA\" width=\"275\" height=\"155\" \/><\/a><figcaption id=\"caption-attachment-2934\" class=\"wp-caption-text\"><span style=\"color: #800080;\">Let\u00edcia Sabatella \u00e9 destaque na campanha. <\/span><\/figcaption><\/figure>\n<p>A atual agenda pol\u00edtica conservadora coloca em quest\u00e3o avan\u00e7os que o pa\u00eds fez a partir da Constitui\u00e7\u00e3o de 1988, um marco institucional do reordenamento da sociedade ap\u00f3s a ditadura militar.<\/p>\n<p>Como exemplos desse retrocesso \u00e9 poss\u00edvel citar as repress\u00f5es oficiais a manifesta\u00e7\u00f5es de jovens estudantes, os assassinatos de jovens e at\u00e9 crian\u00e7as por for\u00e7as policiais, os conflitos que amea\u00e7am as conquistas de terras ind\u00edgenas e a viol\u00eancia contra mulheres e popula\u00e7\u00e3o LGBT.<\/p>\n<p>Nesse contexto, o Fundo Brasil de Direitos Humanos lan\u00e7a a campanha <span style=\"color: #0000ff;\">#N\u00e3oT\u00e1TranquiloN\u00e3oT\u00e1Favor\u00e1vel<\/span>, que busca a mobiliza\u00e7\u00e3o da sociedade a favor da luta por direitos e do pr\u00f3prio fortalecimento.<\/p>\n<p>O objetivo \u00e9 conquistar o apoio da popula\u00e7\u00e3o para causas como o fim da viol\u00eancia praticada contra a juventude negra, o fim da homofobia e do machismo, por exemplo.<\/p>\n<p>H\u00e1 v\u00e1rias formas de participar da mobiliza\u00e7\u00e3o: enviar <span style=\"color: #0000ff;\">selfies<\/span> ou <span style=\"color: #0000ff;\">v\u00eddeos<\/span>; criar <span style=\"color: #0000ff;\">hashtags<\/span> ou utilizar as que est\u00e3o dispon\u00edveis no <span style=\"color: #0000ff;\">hotsite<\/span>; baixar imagens para usar no Facebook ou compartilhar a campanha com amigos por meio das redes sociais.<\/p>\n<p><em>\u201cVivemos um momento em que apoiar ideias transformadoras e lideran\u00e7as coletivas \u00e9 fundamental. O per\u00edodo \u00e9 de transi\u00e7\u00e3o, pautado pelo di\u00e1logo entre a gera\u00e7\u00e3o que conquistou direitos e segue lutando e a gera\u00e7\u00e3o que quer preserv\u00e1-los e busca novas conquistas\u201d<\/em>, afirma Ana Val\u00e9ria Ara\u00fajo, coordenadora do Fundo Brasil.<\/p>\n<p>A campanha j\u00e1 conta com a participa\u00e7\u00e3o de v\u00e1rios ativistas que fazem parte do Conselho Curador do Fundo Brasil, como a atriz Let\u00edcia Sabatella, o jornalista Bruno Torturra e Atila Roque, diretor executivo da Anistia Internacional.<\/p>\n<p><strong><span style=\"color: #000000;\">Fundo Brasil<\/span><\/strong><\/p>\n<p>O Fundo Brasil \u00e9 uma funda\u00e7\u00e3o independente, sem fins lucrativos, que tem a proposta inovadora de construir mecanismos sustent\u00e1veis para destinar recursos a defensores e defensoras de direitos humanos em todas as regi\u00f5es do pais.<\/p>\n<p>A funda\u00e7\u00e3o atua como uma ponte, um elo de liga\u00e7\u00e3o entre organiza\u00e7\u00f5es locais e potenciais doadores de recursos.<\/p>\n<p>Em quase dez anos de atua\u00e7\u00e3o, a funda\u00e7\u00e3o j\u00e1 destinou R$ 12 milh\u00f5es a cerca de 300 projetos em todas as regi\u00f5es do pa\u00eds. Al\u00e9m da doa\u00e7\u00e3o de recursos, os projetos selecionados s\u00e3o apoiados por meio de atividades de forma\u00e7\u00e3o e visitas de monitoramento que fortalecem as organiza\u00e7\u00f5es de direitos humanos.<\/p>\n<p><strong><span style=\"color: #000000;\">Saiba mais<\/span><\/strong><\/p>\n<p><span style=\"color: #0000ff;\"><span style=\"color: #000000;\">Site:<\/span> www.fundodireitoshumanos.org.br<\/span><\/p>\n<p><span style=\"color: #0000ff;\"><span style=\"color: #000000;\">Facebook:<\/span> www.facebook.com\/fundobrasil<\/span><\/p>\n<p><span style=\"color: #0000ff;\"><span style=\"color: #000000;\">Twitter:<\/span> twitter.com\/fundobrasil<\/span><\/p>\n","protected":false},"excerpt":{"rendered":"<p>N\u00e3o t\u00e1 tranquilo nem favor\u00e1vel para os direitos humanos Julho &#8211; Ao contr\u00e1rio do que diz o refr\u00e3o do funk famoso, para os direitos humanos a situa\u00e7\u00e3o n\u00e3o est\u00e1 tranquila nem favor\u00e1vel no Brasil. A forte atua\u00e7\u00e3o de for\u00e7as conservadoras amea\u00e7a direitos conquistados nas \u00faltimas d\u00e9cadas e cria um cen\u00e1rio de retrocessos. A atual agenda [&hellip;]<\/p>\n","protected":false},"author":1,"featured_media":2934,"comment_status":"open","ping_status":"open","sticky":false,"template":"","format":"standard","meta":{"_uag_custom_page_level_css":"","footnotes":""},"categories":[27],"tags":[738,3705,5300,6609,6846,12424],"class_list":["post-2933","post","type-post","status-publish","format-standard","has-post-thumbnail","hentry","category-acontece","tag-anistia-internacional","tag-direitos-humanos","tag-funk-famoso","tag-juventude-negra","tag-leticia-sabatella","tag-violencia-contra-mulheres"],"blocksy_meta":[],"spectra_blocks_featured_image_url":[],"spectra_blocks_author_info":{"display_name":"Jornal da Constru\u00e7\u00e3o Civil","avatar_url":"https:\/\/secure.gravatar.com\/avatar\/973c9774fd44ddaceb026973c4962faa70fc512bc4c9da68e8ebb40fecee6540?s=96&d=mm&r=g","author_link":"https:\/\/construcaocivil.siriusmarketingedesign.com.br\/?author=1","description":"Desde de 2013, levando muitas informa\u00e7\u00f5es, lan\u00e7amentos e produtos de qualidade para toda cadeia produtiva da constru\u00e7\u00e3o. O Futuro da constru\u00e7\u00e3o passa por aqui,"},"uagb_featured_image_src":{"full":false,"thumbnail":false,"medium":false,"medium_large":false,"large":false,"1536x1536":false,"2048x2048":false},"uagb_author_info":{"display_name":"Jornal da Constru\u00e7\u00e3o Civil","author_link":"https:\/\/construcaocivil.siriusmarketingedesign.com.br\/?author=1"},"uagb_comment_info":0,"uagb_excerpt":"N\u00e3o t\u00e1 tranquilo nem favor\u00e1vel para os direitos humanos Julho &#8211; Ao contr\u00e1rio do que diz o refr\u00e3o do funk famoso, para os direitos humanos a situa\u00e7\u00e3o n\u00e3o est\u00e1 tranquila nem favor\u00e1vel no Brasil. A forte atua\u00e7\u00e3o de for\u00e7as conservadoras amea\u00e7a direitos conquistados nas \u00faltimas d\u00e9cadas e cria um cen\u00e1rio de retrocessos. A atual agenda&hellip;","_links":{"self":[{"href":"https:\/\/construcaocivil.siriusmarketingedesign.com.br\/index.php?rest_route=\/wp\/v2\/posts\/2933","targetHints":{"allow":["GET"]}}],"collection":[{"href":"https:\/\/construcaocivil.siriusmarketingedesign.com.br\/index.php?rest_route=\/wp\/v2\/posts"}],"about":[{"href":"https:\/\/construcaocivil.siriusmarketingedesign.com.br\/index.php?rest_route=\/wp\/v2\/types\/post"}],"author":[{"embeddable":true,"href":"https:\/\/construcaocivil.siriusmarketingedesign.com.br\/index.php?rest_route=\/wp\/v2\/users\/1"}],"replies":[{"embeddable":true,"href":"https:\/\/construcaocivil.siriusmarketingedesign.com.br\/index.php?rest_route=%2Fwp%2Fv2%2Fcomments&post=2933"}],"version-history":[{"count":0,"href":"https:\/\/construcaocivil.siriusmarketingedesign.com.br\/index.php?rest_route=\/wp\/v2\/posts\/2933\/revisions"}],"wp:attachment":[{"href":"https:\/\/construcaocivil.siriusmarketingedesign.com.br\/index.php?rest_route=%2Fwp%2Fv2%2Fmedia&parent=2933"}],"wp:term":[{"taxonomy":"category","embeddable":true,"href":"https:\/\/construcaocivil.siriusmarketingedesign.com.br\/index.php?rest_route=%2Fwp%2Fv2%2Fcategories&post=2933"},{"taxonomy":"post_tag","embeddable":true,"href":"https:\/\/construcaocivil.siriusmarketingedesign.com.br\/index.php?rest_route=%2Fwp%2Fv2%2Ftags&post=2933"}],"curies":[{"name":"wp","href":"https:\/\/api.w.org\/{rel}","templated":true}]}}