{"id":2936,"date":"2016-08-03T15:21:02","date_gmt":"2016-08-03T15:21:02","guid":{"rendered":"http:\/\/www.jornaldaconstrucaocivil.com.br\/?p=2936"},"modified":"2016-08-03T15:21:02","modified_gmt":"2016-08-03T15:21:02","slug":"seminario-na-unicamp-discute-saidas-institucionais-para-conflitos-por-terras-no-brasil","status":"publish","type":"post","link":"https:\/\/construcaocivil.siriusmarketingedesign.com.br\/?p=2936","title":{"rendered":"Semin\u00e1rio na Unicamp discute sa\u00eddas institucionais  para conflitos por terras no Brasil"},"content":{"rendered":"<p><span style=\"color: #000080;\"><strong>O 2\u00ba Semin\u00e1rio Desenvolvimento Econ\u00f4mico e Governan\u00e7a de Terras analisa a complexidade da ocupa\u00e7\u00e3o do solo rural e urbano e seus impactos para governo, setor privado e sociedade civil.<\/strong><\/span><\/p>\n<p><span style=\"color: #000000;\"><span style=\"color: #993300;\">Campinas &#8211;<\/span> A ocupa\u00e7\u00e3o do solo no Brasil \u00e9 um tema marcado por conflitos e por uma elevada complexidade institucional. Indefini\u00e7\u00f5es de conceitos, superposi\u00e7\u00e3o de \u00f3rg\u00e3os p\u00fablicos e falta de clareza sobre quem pode exercer o direito de propriedade gera impactos tanto para a economia quanto para a sociedade civil, podendo chegar a conflitos. Para analisar este tema, especialistas do Brasil e do mundo e representantes do governo, setor privado e sociedade civil se encontrar\u00e3o na Universidade de Campinas (Unicamp) nos dias <span style=\"color: #ff0000;\">4 e 5 de agosto<\/span>, no 2\u00ba Semin\u00e1rio Desenvolvimento Econ\u00f4mico e Governan\u00e7a de Terras.<\/span><\/p>\n<p><span style=\"color: #000000;\">O semin\u00e1rio contar\u00e1 com a presen\u00e7a representantes de \u00f3rg\u00e3os de governo, mercado financeiro, produtores rurais, cart\u00f3rios e sociedade civil. Entre eles, est\u00e3o:<\/span><\/p>\n<p><span style=\"color: #000000;\">James C. Riddell, da Universidade de Minnesota, coordenador do Land Tenure Center e especialista internacional em governan\u00e7a de terras, tendo acompanhado conflitos de terras nos cinco continentes do globo.<\/span><\/p>\n<p><span style=\"color: #000000;\">Richard Torsiano, consultor da FAO e ex-diretor de ordenamento fundi\u00e1rio do INCRA<\/span><\/p>\n<p><span style=\"color: #000000;\">Girolamo Treccani, professor da UFPA (Universidade Federal do Par\u00e1) e consultor da Federa\u00e7\u00e3o dos Trabalhadores Agr\u00edcolas do Par\u00e1<\/span><\/p>\n<p><span style=\"color: #000000;\">Jo\u00e3o Paulo de Farias Santos, consultor da Advocacia Geral da Uni\u00e3o<\/span><\/p>\n<p><span style=\"color: #000000;\">Francisco de Godoy Bueno, s\u00f3cio do escrit\u00f3rio Bueno, Mesquita e Advogados e Vice-Presidente da Sociedade Rural Brasileira<\/span><\/p>\n<p><span style=\"color: #000000;\">Ao final do segundo dia, os participantes ser\u00e3o convidados a analisar e propor solu\u00e7\u00f5es para um caso concreto de conflito envolvendo a propriedade de terras. O caso ser\u00e1 anunciado apenas no dia.<\/span><\/p>\n<p><span style=\"color: #000000;\"><em>\u201cSem os direitos de propriedade (rural e urbano) bem definidos n\u00e3o h\u00e1 possibilidade de desenvolvimento do pa\u00eds. Para isso \u00e9 preciso melhorar muito a governan\u00e7a fundi\u00e1ria do Brasil\u201d<\/em>, afirmou Bastiaan Reydon, professor titular do Instituto de Economia da Unicamp e coordenador do Grupo de Trabalho de Governan\u00e7a de Terras.<\/span><\/p>\n<p><strong><span style=\"color: #000000;\">Programa\u00e7\u00e3o:<\/span><\/strong><\/p>\n<p><span style=\"color: #993300;\">4 de agosto:<\/span><\/p>\n<p><span style=\"color: #000000;\">8h30 \u00e0s 10h45 &#8211; Mesa 1: Desenvolvimento Econ\u00f4mico e Governan\u00e7a de Terras<\/span><\/p>\n<p><span style=\"color: #000000;\">11h00 \u00e0s 12h30 &#8211; Mesa 2: Indefini\u00e7\u00e3o Jur\u00eddica da Propriedade &#8211; aspectos legais associados<\/span><\/p>\n<p><span style=\"color: #000000;\">14h00 \u00e0s 15h30 &#8211; Sess\u00f5es de apresenta\u00e7\u00e3o de artigos<\/span><\/p>\n<p><span style=\"color: #000000;\">16h00 \u00e0s 18h00 &#8211; Mesa 3: Debilidade da Governan\u00e7a de Terras: a percep\u00e7\u00e3o da sociedade<\/span><\/p>\n<p><span style=\"color: #993300;\">5 de agosto:<\/span><\/p>\n<p><span style=\"color: #000000;\">8h30 \u00e0s 10h45 &#8211; Mesa 4: Pol\u00edticas em prol da governan\u00e7a &#8211; registro, cadastro e regulariza\u00e7\u00e3o<\/span><\/p>\n<p><span style=\"color: #000000;\">11h00 \u00e0s 12h30 &#8211; Mesa 5: Debilidade da Governan\u00e7a de Terras: o impacto no setor privado<\/span><\/p>\n<p><span style=\"color: #000000;\">14h00 \u00e0s 15h30 &#8211; Sess\u00f5es de apresenta\u00e7\u00e3o de artigos<\/span><\/p>\n<p><span style=\"color: #000000;\">16h00 \u00e0s 18h00 &#8211; Mesa 6: Governan\u00e7a polic\u00eantrica na pr\u00e1tica (caso concreto)<\/span><\/p>\n<p><span style=\"color: #000000;\">Inscri\u00e7\u00f5es gratuitas: <span style=\"color: #0000ff;\">http:\/\/www.governancadeterras.com.br\/inscricoes-seminario-2016\/<\/span><\/span><\/p>\n<p><span style=\"color: #ff0000;\">(Se houver interesse em obter certificado de participa\u00e7\u00e3o, h\u00e1 uma taxa de R$ 25 para estudantes e R$ 50 para n\u00e3o estudantes)<\/span><\/p>\n<p dir=\"ltr\">Mais informa\u00e7\u00f5es:\u00a0Paulo Roberto Silva &#8211;\u00a0<span style=\"color: #0000ff;\">paulo@commcloud.com.br<\/span><\/p>\n","protected":false},"excerpt":{"rendered":"<p>O 2\u00ba Semin\u00e1rio Desenvolvimento Econ\u00f4mico e Governan\u00e7a de Terras analisa a complexidade da ocupa\u00e7\u00e3o do solo rural e urbano e seus impactos para governo, setor privado e sociedade civil. Campinas &#8211; A ocupa\u00e7\u00e3o do solo no Brasil \u00e9 um tema marcado por conflitos e por uma elevada complexidade institucional. Indefini\u00e7\u00f5es de conceitos, superposi\u00e7\u00e3o de \u00f3rg\u00e3os [&hellip;]<\/p>\n","protected":false},"author":1,"featured_media":0,"comment_status":"open","ping_status":"open","sticky":false,"template":"","format":"standard","meta":{"_uag_custom_page_level_css":"","footnotes":""},"categories":[27],"tags":[1769,2739,5990,8405,10531,10855,12061],"class_list":["post-2936","post","type-post","status-publish","format-standard","hentry","category-acontece","tag-campinas","tag-conflitos-por-terras","tag-incra","tag-ocupacao-do-solo","tag-rural-e-urbano","tag-seminario-desenvolvimento-economico-e-governanca-de-terras","tag-unicamp"],"blocksy_meta":[],"spectra_blocks_featured_image_url":null,"spectra_blocks_author_info":{"display_name":"Jornal da Constru\u00e7\u00e3o Civil","avatar_url":"https:\/\/secure.gravatar.com\/avatar\/973c9774fd44ddaceb026973c4962faa70fc512bc4c9da68e8ebb40fecee6540?s=96&d=mm&r=g","author_link":"https:\/\/construcaocivil.siriusmarketingedesign.com.br\/?author=1","description":"Desde de 2013, levando muitas informa\u00e7\u00f5es, lan\u00e7amentos e produtos de qualidade para toda cadeia produtiva da constru\u00e7\u00e3o. O Futuro da constru\u00e7\u00e3o passa por aqui,"},"uagb_featured_image_src":{"full":false,"thumbnail":false,"medium":false,"medium_large":false,"large":false,"1536x1536":false,"2048x2048":false},"uagb_author_info":{"display_name":"Jornal da Constru\u00e7\u00e3o Civil","author_link":"https:\/\/construcaocivil.siriusmarketingedesign.com.br\/?author=1"},"uagb_comment_info":0,"uagb_excerpt":"O 2\u00ba Semin\u00e1rio Desenvolvimento Econ\u00f4mico e Governan\u00e7a de Terras analisa a complexidade da ocupa\u00e7\u00e3o do solo rural e urbano e seus impactos para governo, setor privado e sociedade civil. Campinas &#8211; A ocupa\u00e7\u00e3o do solo no Brasil \u00e9 um tema marcado por conflitos e por uma elevada complexidade institucional. Indefini\u00e7\u00f5es de conceitos, superposi\u00e7\u00e3o de \u00f3rg\u00e3os&hellip;","_links":{"self":[{"href":"https:\/\/construcaocivil.siriusmarketingedesign.com.br\/index.php?rest_route=\/wp\/v2\/posts\/2936","targetHints":{"allow":["GET"]}}],"collection":[{"href":"https:\/\/construcaocivil.siriusmarketingedesign.com.br\/index.php?rest_route=\/wp\/v2\/posts"}],"about":[{"href":"https:\/\/construcaocivil.siriusmarketingedesign.com.br\/index.php?rest_route=\/wp\/v2\/types\/post"}],"author":[{"embeddable":true,"href":"https:\/\/construcaocivil.siriusmarketingedesign.com.br\/index.php?rest_route=\/wp\/v2\/users\/1"}],"replies":[{"embeddable":true,"href":"https:\/\/construcaocivil.siriusmarketingedesign.com.br\/index.php?rest_route=%2Fwp%2Fv2%2Fcomments&post=2936"}],"version-history":[{"count":0,"href":"https:\/\/construcaocivil.siriusmarketingedesign.com.br\/index.php?rest_route=\/wp\/v2\/posts\/2936\/revisions"}],"wp:attachment":[{"href":"https:\/\/construcaocivil.siriusmarketingedesign.com.br\/index.php?rest_route=%2Fwp%2Fv2%2Fmedia&parent=2936"}],"wp:term":[{"taxonomy":"category","embeddable":true,"href":"https:\/\/construcaocivil.siriusmarketingedesign.com.br\/index.php?rest_route=%2Fwp%2Fv2%2Fcategories&post=2936"},{"taxonomy":"post_tag","embeddable":true,"href":"https:\/\/construcaocivil.siriusmarketingedesign.com.br\/index.php?rest_route=%2Fwp%2Fv2%2Ftags&post=2936"}],"curies":[{"name":"wp","href":"https:\/\/api.w.org\/{rel}","templated":true}]}}