{"id":2950,"date":"2016-08-04T17:12:38","date_gmt":"2016-08-04T17:12:38","guid":{"rendered":"http:\/\/www.jornaldaconstrucaocivil.com.br\/?p=2950"},"modified":"2016-08-04T17:12:38","modified_gmt":"2016-08-04T17:12:38","slug":"maior-centro-de-tecnologia-em-aeracao-tem-obras-adiantadas","status":"publish","type":"post","link":"https:\/\/construcaocivil.siriusmarketingedesign.com.br\/?p=2950","title":{"rendered":"Maior centro de tecnologia em aera\u00e7\u00e3o tem obras adiantadas"},"content":{"rendered":"<p><span style=\"color: #993300;\">Acontece\u00a0<\/span><\/p>\n<p><strong><span style=\"color: #000000;\">Com data marcada para inaugura\u00e7\u00e3o em janeiro de 2017, o Centro de Tecnologia, Inova\u00e7\u00e3o e Fabrica\u00e7\u00e3o da B&amp;F Dias est\u00e1 com suas obras adiantadas. Localizado \u00e0s margens do Rio Capivari no munic\u00edpio de Vinhedo, o projeto conta com 24.000 m2 de extens\u00e3o total e mais de 5 mil m\u00b2 de \u00e1rea constru\u00edda.<\/span><\/strong><\/p>\n<figure id=\"attachment_2951\" aria-describedby=\"caption-attachment-2951\" style=\"width: 362px\" class=\"wp-caption alignleft\"><a href=\"http:\/\/www.jornaldaconstrucaocivil.com.br\/wp-content\/uploads\/2016\/08\/EDF-NOVA-SEDE-Ok-2.jpg\"><img loading=\"lazy\" decoding=\"async\" class=\"wp-image-2951\" src=\"http:\/\/www.jornaldaconstrucaocivil.com.br\/wp-content\/uploads\/2016\/08\/EDF-NOVA-SEDE-Ok-2-1024x709.jpg\" alt=\"EDF NOVA SEDE Ok (2)\" width=\"362\" height=\"251\" \/><\/a><figcaption id=\"caption-attachment-2951\" class=\"wp-caption-text\">Constru\u00e7\u00e3o da nova sede da B&amp;F Dias, em Vinhedo(SP).<\/figcaption><\/figure>\n<p><span style=\"color: #000000;\">Voltado totalmente ao meio ambiente, o novo centro foi projetado mantendo a \u00e1rea de preserva\u00e7\u00e3o da Mata Atl\u00e2ntica com suas caracter\u00edsticas originais. O local ainda contar\u00e1 com laborat\u00f3rios e centro de testes de desenvolvimento de produtos e materiais, audit\u00f3rio e esta\u00e7\u00e3o de tratamento de esgoto com reuso. Ainda na propriedade, a empresa est\u00e1 restaurando uma barragem no Rio Capivari que foi constru\u00edda em 1932, que na \u00e9poca fornecia energia el\u00e9trica para a regi\u00e3o conhecida como Fazenda Santa C\u00e2ndida. Ap\u00f3s a inaugura\u00e7\u00e3o, a barragem ser\u00e1 aberta para visita\u00e7\u00e3o monitorada de escolas da regi\u00e3o e clientes da empresa.<\/span><\/p>\n<p><span style=\"color: #000000;\">Instalada em Vinhedo desde 2003, a f\u00e1brica sede da empresa est\u00e1 sem op\u00e7\u00e3o de expans\u00e3o, o que motivou a mudan\u00e7a. \u201cApesar da crise no pa\u00eds e a incerteza sobre os pr\u00f3ximos meses, entendemos que a realiza\u00e7\u00e3o desse centro nos elevar\u00e1 a uma nova plataforma de inova\u00e7\u00e3o e neg\u00f3cios\u201d, explica Felipe Dias, Diretor Industrial da empresa.<\/span><\/p>\n<p>&nbsp;<\/p>\n<p>&nbsp;<\/p>\n<p><strong>Sobre a B&amp;F Dias<\/strong><\/p>\n<p><span style=\"color: #000000;\">A B&amp;F \u00e9 a maior empresa de sistemas de aera\u00e7\u00e3o por ar difuso na Am\u00e9rica Latina, com mais de 2500 plantas de tratamento de efluentes fornecidas em diversos pa\u00edses e, representante oficial da tecnologia Cleartec\u00ae no Brasil.<\/span><\/p>\n","protected":false},"excerpt":{"rendered":"<p>Acontece\u00a0 Com data marcada para inaugura\u00e7\u00e3o em janeiro de 2017, o Centro de Tecnologia, Inova\u00e7\u00e3o e Fabrica\u00e7\u00e3o da B&amp;F Dias est\u00e1 com suas obras adiantadas. Localizado \u00e0s margens do Rio Capivari no munic\u00edpio de Vinhedo, o projeto conta com 24.000 m2 de extens\u00e3o total e mais de 5 mil m\u00b2 de \u00e1rea constru\u00edda. Voltado totalmente [&hellip;]<\/p>\n","protected":false},"author":1,"featured_media":0,"comment_status":"open","ping_status":"open","sticky":false,"template":"","format":"standard","meta":{"_uag_custom_page_level_css":"","footnotes":""},"categories":[27],"tags":[681,1153,2109,6132,7337,8211,12418],"class_list":["post-2950","post","type-post","status-publish","format-standard","hentry","category-acontece","tag-america-latina","tag-bf-dias","tag-centro-de-tecnologia","tag-inovacao","tag-mata-atlantica","tag-nova-sede","tag-vinhedosp"],"blocksy_meta":[],"spectra_blocks_featured_image_url":null,"spectra_blocks_author_info":{"display_name":"Jornal da Constru\u00e7\u00e3o Civil","avatar_url":"https:\/\/secure.gravatar.com\/avatar\/973c9774fd44ddaceb026973c4962faa70fc512bc4c9da68e8ebb40fecee6540?s=96&d=mm&r=g","author_link":"https:\/\/construcaocivil.siriusmarketingedesign.com.br\/?author=1","description":"Desde de 2013, levando muitas informa\u00e7\u00f5es, lan\u00e7amentos e produtos de qualidade para toda cadeia produtiva da constru\u00e7\u00e3o. O Futuro da constru\u00e7\u00e3o passa por aqui,"},"uagb_featured_image_src":{"full":false,"thumbnail":false,"medium":false,"medium_large":false,"large":false,"1536x1536":false,"2048x2048":false},"uagb_author_info":{"display_name":"Jornal da Constru\u00e7\u00e3o Civil","author_link":"https:\/\/construcaocivil.siriusmarketingedesign.com.br\/?author=1"},"uagb_comment_info":0,"uagb_excerpt":"Acontece\u00a0 Com data marcada para inaugura\u00e7\u00e3o em janeiro de 2017, o Centro de Tecnologia, Inova\u00e7\u00e3o e Fabrica\u00e7\u00e3o da B&amp;F Dias est\u00e1 com suas obras adiantadas. Localizado \u00e0s margens do Rio Capivari no munic\u00edpio de Vinhedo, o projeto conta com 24.000 m2 de extens\u00e3o total e mais de 5 mil m\u00b2 de \u00e1rea constru\u00edda. Voltado totalmente&hellip;","_links":{"self":[{"href":"https:\/\/construcaocivil.siriusmarketingedesign.com.br\/index.php?rest_route=\/wp\/v2\/posts\/2950","targetHints":{"allow":["GET"]}}],"collection":[{"href":"https:\/\/construcaocivil.siriusmarketingedesign.com.br\/index.php?rest_route=\/wp\/v2\/posts"}],"about":[{"href":"https:\/\/construcaocivil.siriusmarketingedesign.com.br\/index.php?rest_route=\/wp\/v2\/types\/post"}],"author":[{"embeddable":true,"href":"https:\/\/construcaocivil.siriusmarketingedesign.com.br\/index.php?rest_route=\/wp\/v2\/users\/1"}],"replies":[{"embeddable":true,"href":"https:\/\/construcaocivil.siriusmarketingedesign.com.br\/index.php?rest_route=%2Fwp%2Fv2%2Fcomments&post=2950"}],"version-history":[{"count":0,"href":"https:\/\/construcaocivil.siriusmarketingedesign.com.br\/index.php?rest_route=\/wp\/v2\/posts\/2950\/revisions"}],"wp:attachment":[{"href":"https:\/\/construcaocivil.siriusmarketingedesign.com.br\/index.php?rest_route=%2Fwp%2Fv2%2Fmedia&parent=2950"}],"wp:term":[{"taxonomy":"category","embeddable":true,"href":"https:\/\/construcaocivil.siriusmarketingedesign.com.br\/index.php?rest_route=%2Fwp%2Fv2%2Fcategories&post=2950"},{"taxonomy":"post_tag","embeddable":true,"href":"https:\/\/construcaocivil.siriusmarketingedesign.com.br\/index.php?rest_route=%2Fwp%2Fv2%2Ftags&post=2950"}],"curies":[{"name":"wp","href":"https:\/\/api.w.org\/{rel}","templated":true}]}}