{"id":2954,"date":"2016-08-04T17:21:48","date_gmt":"2016-08-04T17:21:48","guid":{"rendered":"http:\/\/www.jornaldaconstrucaocivil.com.br\/?p=2954"},"modified":"2016-08-04T17:21:48","modified_gmt":"2016-08-04T17:21:48","slug":"resende-sedia-festival-de-balonismo-neste-final-de-semana","status":"publish","type":"post","link":"https:\/\/construcaocivil.siriusmarketingedesign.com.br\/?p=2954","title":{"rendered":"Resende sedia Festival de Balonismo neste final de semana"},"content":{"rendered":"<p><span style=\"color: #993300;\">Cidade\u00a0<\/span><\/p>\n<p><span style=\"color: #000000;\"><span style=\"color: #800080;\">Agosto, 2016 &#8211;<\/span><\/span><strong><span style=\"color: #000000;\"> A Prefeitura informa que neste final de semana, dias 5, 6 e 7, ser\u00e1 realizado no munic\u00edpio o Festival de Balonismo de Resende. O evento foi certificado pela Lei Municipal de Incentivo ao Esporte e \u00e9 organizado pela Maiss Entretenimento, Associa\u00e7\u00e3o Esporte para Todos e Rio Go Vertical by Daniel Guerra, com o apoio da Prefeitura de Resende, por meio das Secretarias Municipais de Esporte e de Turismo.<\/span><\/strong><\/p>\n<figure id=\"attachment_2956\" aria-describedby=\"caption-attachment-2956\" style=\"width: 343px\" class=\"wp-caption alignleft\"><a href=\"http:\/\/www.jornaldaconstrucaocivil.com.br\/wp-content\/uploads\/2016\/08\/1\u00ba-Festival-de-Balonismo-de-Resende-Foto-Marco-Mariano-RESENDE-2.jpg\"><img loading=\"lazy\" decoding=\"async\" class=\"wp-image-2956\" src=\"http:\/\/www.jornaldaconstrucaocivil.com.br\/wp-content\/uploads\/2016\/08\/1\u00ba-Festival-de-Balonismo-de-Resende-Foto-Marco-Mariano-RESENDE-2-1024x768.jpg\" alt=\"1\u00ba Festival de Balonismo de Resende - Foto Marco  Mariano RESENDE (2)\" width=\"343\" height=\"257\" \/><\/a><figcaption id=\"caption-attachment-2956\" class=\"wp-caption-text\"><span style=\"color: #800080;\">1\u00ba Festival de Balonismo de Resende &#8211; Foto Marco Mariano. <\/span><\/figcaption><\/figure>\n<p><span style=\"color: #000000;\">O festival ter\u00e1 in\u00edcio no dia 5, sexta-feira, \u00e0s 18 horas, com a recep\u00e7\u00e3o e orienta\u00e7\u00e3o das equipes no audit\u00f3rio da C\u00e2mara dos Dirigentes Lojistas (CDL) de Resende. No dia 6, s\u00e1bado, das 6 \u00e0s 11 horas e das 15 \u00e0s 17 horas, haver\u00e1 decolagens na Academia Militar das Agulhas Negras (AMAN), com voo e saltos de paraquedistas.<\/span><\/p>\n<p><span style=\"color: #000000;\">Ainda no dia 6, \u00e0s 20 horas, no estacionamento do Parque de Exposi\u00e7\u00f5es, no bairro Morada da Colina, est\u00e1 previsto a realiza\u00e7\u00e3o do espet\u00e1culo noturno \u201cNight Glow\u201d, que \u00e9 uma exibi\u00e7\u00e3o dos bal\u00f5es iluminados e presos ao solo.<\/span><\/p>\n<p><span style=\"color: #000000;\">No dia 7, domingo, das 6 \u00e0s 11 horas, prosseguem as decolagens na AMAN. Toda a programa\u00e7\u00e3o do Festival est\u00e1 sujeita \u00e0 confirma\u00e7\u00e3o dependendo da condi\u00e7\u00e3o meteorol\u00f3gica, podendo sofrer altera\u00e7\u00f5es de hor\u00e1rios e datas. A entrada \u00e9 gratuita, mas os voos s\u00e3o agendados e pagos.<\/span><\/p>\n<p>&nbsp;<\/p>\n<p>&nbsp;<\/p>\n<p>&nbsp;<\/p>\n<p><strong><span style=\"color: #000000;\">Servi\u00e7o:<\/span><\/strong><\/p>\n<p><span style=\"color: #993300;\">Festival de Balonismo de Resende<\/span><\/p>\n<p><span style=\"color: #000000;\">&#8211; 05\/08 (SEXTA) \u00e0s 18 horas: recep\u00e7\u00e3o e orienta\u00e7\u00e3o das equipes no audit\u00f3rio da CDL Resende.<\/span><\/p>\n<p><span style=\"color: #000000;\">&#8211; 06\/08 (S\u00c1BADO) das 6 \u00e0s 11 horas e das 15 \u00e0s 17 horas: decolagens na AMAN.<\/span><\/p>\n<p><span style=\"color: #000000;\">&#8211; 06\/08 (S\u00c1BADO) \u00e0s 20 horas: NIGHT GLOW no estacionamento do Parque de Exposi\u00e7\u00f5es.<\/span><\/p>\n<p><span style=\"color: #000000;\">&#8211; 07\/08 (DOMINGO) das 6 \u00e0s 11 horas: decolagens na AMAN.<\/span><\/p>\n<p><span style=\"color: #000000;\">Fonte: Ascom\/Prefeitura de Resende-RJ<\/span><\/p>\n<p>&nbsp;<\/p>\n","protected":false},"excerpt":{"rendered":"<p>Cidade\u00a0 Agosto, 2016 &#8211; A Prefeitura informa que neste final de semana, dias 5, 6 e 7, ser\u00e1 realizado no munic\u00edpio o Festival de Balonismo de Resende. O evento foi certificado pela Lei Municipal de Incentivo ao Esporte e \u00e9 organizado pela Maiss Entretenimento, Associa\u00e7\u00e3o Esporte para Todos e Rio Go Vertical by Daniel Guerra, [&hellip;]<\/p>\n","protected":false},"author":1,"featured_media":2956,"comment_status":"open","ping_status":"open","sticky":false,"template":"","format":"standard","meta":{"_uag_custom_page_level_css":"","footnotes":""},"categories":[37],"tags":[644,5011,9296,10214,11442],"class_list":["post-2954","post","type-post","status-publish","format-standard","has-post-thumbnail","hentry","category-sustentabilidade","tag-aman","tag-festival-de-balonismo","tag-prefeitura-de-resende","tag-resende","tag-sul-fluminese"],"blocksy_meta":[],"spectra_blocks_featured_image_url":[],"spectra_blocks_author_info":{"display_name":"Jornal da Constru\u00e7\u00e3o Civil","avatar_url":"https:\/\/secure.gravatar.com\/avatar\/973c9774fd44ddaceb026973c4962faa70fc512bc4c9da68e8ebb40fecee6540?s=96&d=mm&r=g","author_link":"https:\/\/construcaocivil.siriusmarketingedesign.com.br\/?author=1","description":"Desde de 2013, levando muitas informa\u00e7\u00f5es, lan\u00e7amentos e produtos de qualidade para toda cadeia produtiva da constru\u00e7\u00e3o. O Futuro da constru\u00e7\u00e3o passa por aqui,"},"uagb_featured_image_src":{"full":false,"thumbnail":false,"medium":false,"medium_large":false,"large":false,"1536x1536":false,"2048x2048":false},"uagb_author_info":{"display_name":"Jornal da Constru\u00e7\u00e3o Civil","author_link":"https:\/\/construcaocivil.siriusmarketingedesign.com.br\/?author=1"},"uagb_comment_info":0,"uagb_excerpt":"Cidade\u00a0 Agosto, 2016 &#8211; A Prefeitura informa que neste final de semana, dias 5, 6 e 7, ser\u00e1 realizado no munic\u00edpio o Festival de Balonismo de Resende. O evento foi certificado pela Lei Municipal de Incentivo ao Esporte e \u00e9 organizado pela Maiss Entretenimento, Associa\u00e7\u00e3o Esporte para Todos e Rio Go Vertical by Daniel Guerra,&hellip;","_links":{"self":[{"href":"https:\/\/construcaocivil.siriusmarketingedesign.com.br\/index.php?rest_route=\/wp\/v2\/posts\/2954","targetHints":{"allow":["GET"]}}],"collection":[{"href":"https:\/\/construcaocivil.siriusmarketingedesign.com.br\/index.php?rest_route=\/wp\/v2\/posts"}],"about":[{"href":"https:\/\/construcaocivil.siriusmarketingedesign.com.br\/index.php?rest_route=\/wp\/v2\/types\/post"}],"author":[{"embeddable":true,"href":"https:\/\/construcaocivil.siriusmarketingedesign.com.br\/index.php?rest_route=\/wp\/v2\/users\/1"}],"replies":[{"embeddable":true,"href":"https:\/\/construcaocivil.siriusmarketingedesign.com.br\/index.php?rest_route=%2Fwp%2Fv2%2Fcomments&post=2954"}],"version-history":[{"count":0,"href":"https:\/\/construcaocivil.siriusmarketingedesign.com.br\/index.php?rest_route=\/wp\/v2\/posts\/2954\/revisions"}],"wp:attachment":[{"href":"https:\/\/construcaocivil.siriusmarketingedesign.com.br\/index.php?rest_route=%2Fwp%2Fv2%2Fmedia&parent=2954"}],"wp:term":[{"taxonomy":"category","embeddable":true,"href":"https:\/\/construcaocivil.siriusmarketingedesign.com.br\/index.php?rest_route=%2Fwp%2Fv2%2Fcategories&post=2954"},{"taxonomy":"post_tag","embeddable":true,"href":"https:\/\/construcaocivil.siriusmarketingedesign.com.br\/index.php?rest_route=%2Fwp%2Fv2%2Ftags&post=2954"}],"curies":[{"name":"wp","href":"https:\/\/api.w.org\/{rel}","templated":true}]}}