{"id":2978,"date":"2016-08-08T17:54:26","date_gmt":"2016-08-08T17:54:26","guid":{"rendered":"http:\/\/www.jornaldaconstrucaocivil.com.br\/?p=2978"},"modified":"2016-08-08T17:54:26","modified_gmt":"2016-08-08T17:54:26","slug":"bandeira-amarela-pode-voltar-em-setembro","status":"publish","type":"post","link":"https:\/\/construcaocivil.siriusmarketingedesign.com.br\/?p=2978","title":{"rendered":"Bandeira Amarela pode voltar em setembro"},"content":{"rendered":"<p><span style=\"color: #993300;\">Energia<\/span><\/p>\n<p><span style=\"color: #000080;\">Agosto, 2016 &#8211;<strong> Apesar de o pa\u00eds contar com uma sobra estrutural de energia da ordem de 15GW, e apesar do risco de racionamento de energia em 2016 ser zero (conforme anunciado pelo governo no dia 03\/08), os brasileiros correm o s\u00e9rio risco de serem assombrados pela de volta das Bandeiras Tarif\u00e1rias na conta de luz, j\u00e1 em setembro.<\/strong><\/span><\/p>\n<p><span style=\"color: #000000;\">De acordo com simula\u00e7\u00f5es realizadas pela Compass, o PLD (pre\u00e7o spot) da primeira semana de setembro pode atingir R$218\/MWh, disparando assim o gatilho da Bandeira Amarela (R$211\/MWh).<\/span><\/p>\n<p><span style=\"color: #000000;\">O conceito das bandeiras \u00e9 alertar o consumidor sobre o risco de racionamento de energia, atrav\u00e9s do aumento na conta de luz da sociedade de R$15\/MWh (Bandeira Amarela) ou at\u00e9 R$45\/MWh (Bandeira Vermelha). Essa penalidade econ\u00f4mica foi criada para incentivar as pessoas a economizar energia, contribuindo assim para a preserva\u00e7\u00e3o dos reservat\u00f3rios das usinas hidrel\u00e9tricas.<\/span><\/p>\n<p><span style=\"color: #000000;\">Essa situa\u00e7\u00e3o \u00e9 surreal, num momento onde um dos maiores problemas do setor el\u00e9trico \u00e9 a justamente a sobrecontrata\u00e7\u00e3o de energia das distribuidoras, onde algumas apresentam sobras da ordem de 17%. Com a Bandeira Amarela, essa sobra vai aumentar.<\/span><\/p>\n<p><span style=\"color: #000000;\">A alta abrupta do PLD (que come\u00e7ou o ano em R$30\/MWh) \u00e9 fruto de orienta\u00e7\u00f5es dadas pela Aneel sobre a forma de representa\u00e7\u00e3o da vaz\u00e3o da Usina de Sobradinho na modelagem do pre\u00e7o (o que aumentou o PLD de julho em 65%). Com vis\u00e3o divergente e tecnicamente fundamentada, a CCEE pediu a republica\u00e7\u00e3o do PLD.<\/span><\/p>\n<p><span style=\"color: #000000;\">Outro fator tamb\u00e9m determinante para essa disparada do pre\u00e7o foi a recente revis\u00e3o do consumo futuro de energia, que passou a ser mais otimista em rela\u00e7\u00e3o ao crescimento da economia.<\/span><\/p>\n<p><span style=\"color: #000000;\">Em poucos meses o pre\u00e7o da energia subiu de R$30 para R$200\/MWh, sem grandes altera\u00e7\u00f5es clim\u00e1ticas e sem observarmos, ainda, a retomada do consumo. A imprevisibilidade est\u00e1 de volta no setor el\u00e9trico brasileiro e a conta, mais uma vez, cair\u00e1 no colo do consumidor.<\/span><\/p>\n<p>&nbsp;<\/p>\n","protected":false},"excerpt":{"rendered":"<p>Energia Agosto, 2016 &#8211; Apesar de o pa\u00eds contar com uma sobra estrutural de energia da ordem de 15GW, e apesar do risco de racionamento de energia em 2016 ser zero (conforme anunciado pelo governo no dia 03\/08), os brasileiros correm o s\u00e9rio risco de serem assombrados pela de volta das Bandeiras Tarif\u00e1rias na conta [&hellip;]<\/p>\n","protected":false},"author":1,"featured_media":0,"comment_status":"open","ping_status":"open","sticky":false,"template":"","format":"standard","meta":{"_uag_custom_page_level_css":"","footnotes":""},"categories":[29],"tags":[1274,1535,2989,3426,4293,4861,5354,11516],"class_list":["post-2978","post","type-post","status-publish","format-standard","hentry","category-energia","tag-bandeira-amarela","tag-brasil","tag-consumidor","tag-demanda-de-consumo-de-energia","tag-energia-eletrica","tag-familia","tag-gastos","tag-tarifa"],"blocksy_meta":[],"spectra_blocks_featured_image_url":null,"spectra_blocks_author_info":{"display_name":"Jornal da Constru\u00e7\u00e3o Civil","avatar_url":"https:\/\/secure.gravatar.com\/avatar\/973c9774fd44ddaceb026973c4962faa70fc512bc4c9da68e8ebb40fecee6540?s=96&d=mm&r=g","author_link":"https:\/\/construcaocivil.siriusmarketingedesign.com.br\/?author=1","description":"Desde de 2013, levando muitas informa\u00e7\u00f5es, lan\u00e7amentos e produtos de qualidade para toda cadeia produtiva da constru\u00e7\u00e3o. O Futuro da constru\u00e7\u00e3o passa por aqui,"},"uagb_featured_image_src":{"full":false,"thumbnail":false,"medium":false,"medium_large":false,"large":false,"1536x1536":false,"2048x2048":false},"uagb_author_info":{"display_name":"Jornal da Constru\u00e7\u00e3o Civil","author_link":"https:\/\/construcaocivil.siriusmarketingedesign.com.br\/?author=1"},"uagb_comment_info":0,"uagb_excerpt":"Energia Agosto, 2016 &#8211; Apesar de o pa\u00eds contar com uma sobra estrutural de energia da ordem de 15GW, e apesar do risco de racionamento de energia em 2016 ser zero (conforme anunciado pelo governo no dia 03\/08), os brasileiros correm o s\u00e9rio risco de serem assombrados pela de volta das Bandeiras Tarif\u00e1rias na conta&hellip;","_links":{"self":[{"href":"https:\/\/construcaocivil.siriusmarketingedesign.com.br\/index.php?rest_route=\/wp\/v2\/posts\/2978","targetHints":{"allow":["GET"]}}],"collection":[{"href":"https:\/\/construcaocivil.siriusmarketingedesign.com.br\/index.php?rest_route=\/wp\/v2\/posts"}],"about":[{"href":"https:\/\/construcaocivil.siriusmarketingedesign.com.br\/index.php?rest_route=\/wp\/v2\/types\/post"}],"author":[{"embeddable":true,"href":"https:\/\/construcaocivil.siriusmarketingedesign.com.br\/index.php?rest_route=\/wp\/v2\/users\/1"}],"replies":[{"embeddable":true,"href":"https:\/\/construcaocivil.siriusmarketingedesign.com.br\/index.php?rest_route=%2Fwp%2Fv2%2Fcomments&post=2978"}],"version-history":[{"count":0,"href":"https:\/\/construcaocivil.siriusmarketingedesign.com.br\/index.php?rest_route=\/wp\/v2\/posts\/2978\/revisions"}],"wp:attachment":[{"href":"https:\/\/construcaocivil.siriusmarketingedesign.com.br\/index.php?rest_route=%2Fwp%2Fv2%2Fmedia&parent=2978"}],"wp:term":[{"taxonomy":"category","embeddable":true,"href":"https:\/\/construcaocivil.siriusmarketingedesign.com.br\/index.php?rest_route=%2Fwp%2Fv2%2Fcategories&post=2978"},{"taxonomy":"post_tag","embeddable":true,"href":"https:\/\/construcaocivil.siriusmarketingedesign.com.br\/index.php?rest_route=%2Fwp%2Fv2%2Ftags&post=2978"}],"curies":[{"name":"wp","href":"https:\/\/api.w.org\/{rel}","templated":true}]}}