{"id":2987,"date":"2016-08-08T23:28:29","date_gmt":"2016-08-08T23:28:29","guid":{"rendered":"http:\/\/www.jornaldaconstrucaocivil.com.br\/?p=2987"},"modified":"2016-08-08T23:28:29","modified_gmt":"2016-08-08T23:28:29","slug":"abimaq-realiza-encontros-em-brasilia","status":"publish","type":"post","link":"https:\/\/construcaocivil.siriusmarketingedesign.com.br\/?p=2987","title":{"rendered":"ABIMAQ realiza encontros em Bras\u00edlia"},"content":{"rendered":"<div><strong>Durante dois dias de reuni\u00f5es com autoridades, a entidade levou pleitos e se disp\u00f4s a cooperar com o governo na an\u00e1lise de temas relacionados ao segmento<\/strong><\/div>\n<div>\n<p><span style=\"color: #993300;\">Agosto, 2016 &#8211;<\/span><span style=\"color: #000000;\"> Cumprindo com uma agenda intensa de reuni\u00f5es em Bras\u00edlia, a presid\u00eancia executiva e a diretoria da ABIMAQ estiveram reunidas com autoridades respons\u00e1veis pela an\u00e1lise e proposi\u00e7\u00e3o de altera\u00e7\u00e3o em temas de grande interesse para os associados da ABIMAQ que fornecem para o setor de petr\u00f3leo e g\u00e1s.<\/span><\/p>\n<p><span style=\"color: #000000;\">Por meio de seu presidente executivo, Jos\u00e9 Velloso, e seus diretores Alberto Machado, de Petr\u00f3leo, G\u00e1s, Bioenergia e Petroqu\u00edmica; e Walter Filippetti, de Rela\u00e7\u00f5es Governamentais; a ABIMAQ se reuniu com o ministro do Tribunal de Contas da Uni\u00e3o (TCU), Jos\u00e9 M\u00facio; a diretora do Departamento das Ind\u00fastrias para a Mobilidade e Log\u00edstica da Secretaria de Desenvolvimento e Competitividade Industrial do Minist\u00e9rio do Desenvolvimento, Ind\u00fastria e Com\u00e9rcio Exterior (MDIC), Margarete Maria Gandini; o secret\u00e1rio de Petr\u00f3leo, M\u00e1rcio F\u00e9lix, e o ministro Fernando Coelho Filho, ambos do Minist\u00e9rio de Minas e Energia (MME).<\/span><\/p>\n<p><span style=\"color: #000000;\"><strong>Tribunal de contas da Uni\u00e3o<\/strong><\/span><\/p>\n<p><span style=\"color: #000000;\">Durante a reuni\u00e3o com o ministro Jos\u00e9 M\u00facio, foi abordado o relat\u00f3rio que est\u00e1 sendo elaborado para avaliar o aumento de custos nos empreendimentos da Petrobras, supostamente motivado pelas exig\u00eancias de Conte\u00fado Local.<\/span><\/p>\n<p><span style=\"color: #000000;\">De acordo com Alberto Machado, o objetivo foi explicar ao ministro o verdadeiro peso do Conte\u00fado Local nas compras, de modo a permitir que o TCU proceda a uma an\u00e1lise isenta e baseada em fatos e dados reais da ind\u00fastria e, com isso, esclarecer informa\u00e7\u00f5es distorcidas que t\u00eam sido divulgadas pelos diversos meios de comunica\u00e7\u00e3o.<\/span><\/p>\n<p><span style=\"color: #000000;\"><em>\u201cO ministro entendeu os argumentos e determinou que o assunto seja tratado diretamente com a equipe t\u00e9cnica que est\u00e1 trabalhando no relat\u00f3rio, de modo a evitar que a ind\u00fastria seja prejudicada em raz\u00e3o de premissas equivocadas que possam vir a n\u00e3o considerar as caracter\u00edsticas espec\u00edficas do setor no Brasil\u201d<\/em>, destacou Machado.<\/span><\/p>\n<p><span style=\"color: #000000;\">Minist\u00e9rio do Desenvolvimento, Ind\u00fastria e Com\u00e9rcio Exterior\u00a0<\/span><\/p>\n<p><span style=\"color: #000000;\">Em encontro com a diretora do MDIC, a ABIMAQ apresentou propostas para serem consideradas nas altera\u00e7\u00f5es do Repetro (regime aduaneiro especial de exporta\u00e7\u00e3o e de importa\u00e7\u00e3o de bens que se destina \u00e0s atividades de pesquisa e de lavra das jazidas de petr\u00f3leo e g\u00e1s natural), na Pol\u00edtica de Conte\u00fado Local e na regulamenta\u00e7\u00e3o do Decreto N\u00ba 8.637, de 15 de janeiro de 2016, esta \u00faltima sob a coordena\u00e7\u00e3o de Margarete Maria.<\/span><\/p>\n<p><span style=\"color: #000000;\">Segundo Machado, os assuntos foram detalhados item a item e a diretora do MDIC firmou o compromisso de convocar a coopera\u00e7\u00e3o da ABIMAQ quando o assunto estiver sendo tratado no Comit\u00ea Operacional previsto no citado Decreto.<\/span><\/p>\n<p><span style=\"color: #000000;\"><em>\u201cAparentemente, as propostas apresentadas foram bem recebidas e, em um primeiro momento, n\u00e3o foram rejeitadas\u201d<\/em>, avalia Machado.<\/span><\/p>\n<p><strong><span style=\"color: #000000;\">Minist\u00e9rio de Minas e Energia<\/span><\/strong><\/p>\n<p><span style=\"color: #000000;\">Durante a reuni\u00e3o com o rec\u00e9m-empossado secret\u00e1rio de Petr\u00f3leo do MME, M\u00e1rcio F\u00e9lix, a\u00a0 ABIMAQ teve a oportunidade de detalhar todos os seus argumentos e as suas propostas relacionadas ao setor, que ser\u00e3o devidamente consideradas pelo minist\u00e9rio em sua an\u00e1lise.<\/span><\/p>\n<p><span style=\"color: #000000;\">J\u00e1 no encontro com o ministro do MME, Fernando Coelho Filho, foram tratados assuntos relativos aos setores de petr\u00f3leo e g\u00e1s, minera\u00e7\u00e3o e energia e\u00f3lica. Em todos os casos foram apresentados os pleitos e as propostas da ABIMAQ, que ser\u00e3o levados em conta nas reformula\u00e7\u00f5es em curso no Repetro e Conte\u00fado Local, no caso do setor de \u00f3leo e g\u00e1s, no C\u00f3digo de Minera\u00e7\u00e3o que tramita no Congresso e no fornecimento de geradores de energia e\u00f3lica.<\/span><\/p>\n<p><span style=\"color: #000000;\">De acordo com Machado, todos os assuntos foram endere\u00e7ados pelo ministro aos respectivos secret\u00e1rios respons\u00e1veis, com a determina\u00e7\u00e3o de que sejam analisados com a participa\u00e7\u00e3o da ABIMAQ.<\/span><\/p>\n<p><span style=\"color: #000000;\">O presidente da CSCM, Ingo Dietzold, teve a oportunidade de defender os pleitos de modifica\u00e7\u00e3o do texto original do C\u00f3digo de Minera\u00e7\u00e3o.<\/span><\/p>\n<p><span style=\"color: #993300;\">Fonte: Assessoria de Imprensa ABIMAQ<\/span><\/p>\n<\/div>\n<div><\/div>\n","protected":false},"excerpt":{"rendered":"<p>Durante dois dias de reuni\u00f5es com autoridades, a entidade levou pleitos e se disp\u00f4s a cooperar com o governo na an\u00e1lise de temas relacionados ao segmento Agosto, 2016 &#8211; Cumprindo com uma agenda intensa de reuni\u00f5es em Bras\u00edlia, a presid\u00eancia executiva e a diretoria da ABIMAQ estiveram reunidas com autoridades respons\u00e1veis pela an\u00e1lise e proposi\u00e7\u00e3o [&hellip;]<\/p>\n","protected":false},"author":1,"featured_media":0,"comment_status":"open","ping_status":"open","sticky":false,"template":"","format":"standard","meta":{"_uag_custom_page_level_css":"","footnotes":""},"categories":[33],"tags":[309,7714,8859,8867,11960],"class_list":["post-2987","post","type-post","status-publish","format-standard","hentry","category-mercado","tag-abimaq","tag-ministerio-de-minas-e-energia","tag-petrobras","tag-petroleo","tag-tribunal-de-contas-da-uniao-tcu"],"blocksy_meta":[],"spectra_blocks_featured_image_url":null,"spectra_blocks_author_info":{"display_name":"Jornal da Constru\u00e7\u00e3o Civil","avatar_url":"https:\/\/secure.gravatar.com\/avatar\/973c9774fd44ddaceb026973c4962faa70fc512bc4c9da68e8ebb40fecee6540?s=96&d=mm&r=g","author_link":"https:\/\/construcaocivil.siriusmarketingedesign.com.br\/?author=1","description":"Desde de 2013, levando muitas informa\u00e7\u00f5es, lan\u00e7amentos e produtos de qualidade para toda cadeia produtiva da constru\u00e7\u00e3o. O Futuro da constru\u00e7\u00e3o passa por aqui,"},"uagb_featured_image_src":{"full":false,"thumbnail":false,"medium":false,"medium_large":false,"large":false,"1536x1536":false,"2048x2048":false},"uagb_author_info":{"display_name":"Jornal da Constru\u00e7\u00e3o Civil","author_link":"https:\/\/construcaocivil.siriusmarketingedesign.com.br\/?author=1"},"uagb_comment_info":0,"uagb_excerpt":"Durante dois dias de reuni\u00f5es com autoridades, a entidade levou pleitos e se disp\u00f4s a cooperar com o governo na an\u00e1lise de temas relacionados ao segmento Agosto, 2016 &#8211; Cumprindo com uma agenda intensa de reuni\u00f5es em Bras\u00edlia, a presid\u00eancia executiva e a diretoria da ABIMAQ estiveram reunidas com autoridades respons\u00e1veis pela an\u00e1lise e proposi\u00e7\u00e3o&hellip;","_links":{"self":[{"href":"https:\/\/construcaocivil.siriusmarketingedesign.com.br\/index.php?rest_route=\/wp\/v2\/posts\/2987","targetHints":{"allow":["GET"]}}],"collection":[{"href":"https:\/\/construcaocivil.siriusmarketingedesign.com.br\/index.php?rest_route=\/wp\/v2\/posts"}],"about":[{"href":"https:\/\/construcaocivil.siriusmarketingedesign.com.br\/index.php?rest_route=\/wp\/v2\/types\/post"}],"author":[{"embeddable":true,"href":"https:\/\/construcaocivil.siriusmarketingedesign.com.br\/index.php?rest_route=\/wp\/v2\/users\/1"}],"replies":[{"embeddable":true,"href":"https:\/\/construcaocivil.siriusmarketingedesign.com.br\/index.php?rest_route=%2Fwp%2Fv2%2Fcomments&post=2987"}],"version-history":[{"count":0,"href":"https:\/\/construcaocivil.siriusmarketingedesign.com.br\/index.php?rest_route=\/wp\/v2\/posts\/2987\/revisions"}],"wp:attachment":[{"href":"https:\/\/construcaocivil.siriusmarketingedesign.com.br\/index.php?rest_route=%2Fwp%2Fv2%2Fmedia&parent=2987"}],"wp:term":[{"taxonomy":"category","embeddable":true,"href":"https:\/\/construcaocivil.siriusmarketingedesign.com.br\/index.php?rest_route=%2Fwp%2Fv2%2Fcategories&post=2987"},{"taxonomy":"post_tag","embeddable":true,"href":"https:\/\/construcaocivil.siriusmarketingedesign.com.br\/index.php?rest_route=%2Fwp%2Fv2%2Ftags&post=2987"}],"curies":[{"name":"wp","href":"https:\/\/api.w.org\/{rel}","templated":true}]}}