{"id":3012,"date":"2016-08-10T17:21:21","date_gmt":"2016-08-10T17:21:21","guid":{"rendered":"http:\/\/www.jornaldaconstrucaocivil.com.br\/?p=3012"},"modified":"2016-08-10T17:21:21","modified_gmt":"2016-08-10T17:21:21","slug":"construcao-civil-defende-reformas-para-reanimar-a-economia","status":"publish","type":"post","link":"https:\/\/construcaocivil.siriusmarketingedesign.com.br\/?p=3012","title":{"rendered":"Constru\u00e7\u00e3o Civil defende reformas para reanimar a economia"},"content":{"rendered":"<p><span style=\"color: #000080;\"><strong>Dirigentes do setor enxergam distens\u00e3o e querem ajudar na\u00a0 recupera\u00e7\u00e3o do emprego e da renda<\/strong><\/span><\/p>\n<p><span style=\"color: #993300;\">Agosto, 2016 &#8211;<\/span><span style=\"color: #000000;\"> Empres\u00e1rios e dirigentes da constru\u00e7\u00e3o civil avaliam ter sido estancado o processo de deteriora\u00e7\u00e3o da economia brasileira e defendem um avan\u00e7o mais r\u00e1pido na ado\u00e7\u00e3o de medidas que recuperem a confian\u00e7a do empreendedor e melhorem o ambiente de neg\u00f3cios no pa\u00eds.<\/span> <span style=\"color: #800080;\"><em>\u201cN\u00f3s estamos caminhando no fundo do po\u00e7o, os sinais come\u00e7am a mudar. \u201d<\/em><\/span>,<span style=\"color: #000000;\"> diz Jos\u00e9 Carlos Martins, presidente da C\u00e2mara Brasileira da Ind\u00fastria da Constru\u00e7\u00e3o (CBIC).<\/span> <span style=\"color: #800080;\"><em>\u201cEsse \u00e9 o momento de construirmos uma arrancada e reanimar a economia. A constru\u00e7\u00e3o civil tem grande contribui\u00e7\u00e3o a dar, pois \u00e9 um setor que responde r\u00e1pido na gera\u00e7\u00e3o de emprego e renda\u201d<\/em><\/span>.<\/p>\n<figure id=\"attachment_3013\" aria-describedby=\"caption-attachment-3013\" style=\"width: 276px\" class=\"wp-caption alignleft\"><a href=\"http:\/\/www.jornaldaconstrucaocivil.com.br\/wp-content\/uploads\/2016\/08\/CBIC-ECONOMIA.jpg\"><img loading=\"lazy\" decoding=\"async\" class=\"wp-image-3013\" src=\"http:\/\/www.jornaldaconstrucaocivil.com.br\/wp-content\/uploads\/2016\/08\/CBIC-ECONOMIA.jpg\" alt=\"CBIC - ECONOMIA\" width=\"276\" height=\"207\" \/><\/a><figcaption id=\"caption-attachment-3013\" class=\"wp-caption-text\"><span style=\"color: #993300;\">Constru\u00e7\u00e3o Civil pressiona para retomada do crescimento no pa\u00eds. <span style=\"color: #0000ff;\">Foto: JCC <\/span><\/span><\/figcaption><\/figure>\n<p><span style=\"color: #000000;\">\u00c9 com essa expectativa que ser\u00e1 realizado o<\/span> <span style=\"color: #000080;\">Encontro com a Constru\u00e7\u00e3o Civil \u2013 Unindo for\u00e7as para construir o futuro do Brasil<\/span>,<span style=\"color: #000000;\"> evento em que vai reunir na capital federal dirigentes de 98 entidades, empres\u00e1rios e trabalhadores de todos os segmentos da constru\u00e7\u00e3o civil (construtoras, mercado imobili\u00e1rio, fabricantes de material de constru\u00e7\u00e3o, lojistas, projetistas, arquitetos, engenheiro e outros) para demonstrar ao presidente interino Michel Temer a import\u00e2ncia do setor para o desenvolvimento nacional e dar apoio \u00e0s a\u00e7\u00f5es necess\u00e1rias \u00e0 retomada do crescimento e ao restabelecimento de um ambiente de normalidade no pa\u00eds.<\/span><\/p>\n<p><span style=\"color: #000000;\">O encontro est\u00e1 marcado para 11\/08 (quinta-feira), \u00e0s 11h00, no Pal\u00e1cio do Planalto. Est\u00e3o confirmadas as presen\u00e7as de cerca de 800 pessoas. \u201cA constru\u00e7\u00e3o civil est\u00e1 unida e apoiar\u00e1 o que for bom para o Brasil, como \u00e9 sua tradi\u00e7\u00e3o\u201d, frisa Martins.<\/span><\/p>\n<p><span style=\"color: #000000;\">A recupera\u00e7\u00e3o da economia brasileira, em um ciclo sustent\u00e1vel, tem sido debatida por empres\u00e1rios e dirigentes da constru\u00e7\u00e3o civil. A agenda proposta pelo setor inclui a aprova\u00e7\u00e3o de reformas estruturantes, com a moderniza\u00e7\u00e3o da Previd\u00eancia e da legisla\u00e7\u00e3o trabalhista; e a ado\u00e7\u00e3o de mecanismos para o melhor controle dos gastos p\u00fablicos.<\/span> <span style=\"color: #800080;\"><em>\u201cA cria\u00e7\u00e3o do teto, proposta pelo governo, ser\u00e1 de grande import\u00e2ncia para restabelecer a confian\u00e7a do investidor\u201d<\/em><\/span>, <span style=\"color: #000000;\">diz Martins.<\/span><\/p>\n<p><span style=\"color: #000000;\">A constru\u00e7\u00e3o civil tamb\u00e9m espera por medidas que levem \u00e0 retomada do investimento, entre elas o aperfei\u00e7oamento da modelagem e maior celeridade nos projetos de concess\u00f5es e parcerias p\u00fablico-privadas (PPP), de modo que mais empresas possam participar das licita\u00e7\u00f5es e outros segmentos sejam agregados.<\/span><span style=\"color: #800080;\"><em> \u201cNa medida em que o governo n\u00e3o ter\u00e1 recursos para investir, a iniciativa privada pode desempenhar papel importante na recupera\u00e7\u00e3o do investimento\u201d<\/em><\/span>,<span style=\"color: #000000;\"> diz o presidente da CBIC<\/span>.<\/p>\n<p><strong><span style=\"color: #993300;\">MARQUE NA AGENDA:<\/span><\/strong><\/p>\n<p><strong><span style=\"color: #993300;\">Encontro com a Constru\u00e7\u00e3o Civil \u2013 Unindo for\u00e7as para construir o futuro do Brasil<\/span><\/strong><\/p>\n<p><strong><span style=\"color: #993300;\">Data: 11\/08\/2016<\/span><\/strong><\/p>\n<p><strong><span style=\"color: #993300;\">Local: Pal\u00e1cio do Planalto<\/span><\/strong><\/p>\n<p><strong><span style=\"color: #993300;\">Hor\u00e1rio: 11h00<\/span><\/strong><\/p>\n<p><span style=\"color: #000000;\">Fonte: Boletim CBIC\u00a0<\/span><\/p>\n","protected":false},"excerpt":{"rendered":"<p>Dirigentes do setor enxergam distens\u00e3o e querem ajudar na\u00a0 recupera\u00e7\u00e3o do emprego e da renda Agosto, 2016 &#8211; Empres\u00e1rios e dirigentes da constru\u00e7\u00e3o civil avaliam ter sido estancado o processo de deteriora\u00e7\u00e3o da economia brasileira e defendem um avan\u00e7o mais r\u00e1pido na ado\u00e7\u00e3o de medidas que recuperem a confian\u00e7a do empreendedor e melhorem o ambiente [&hellip;]<\/p>\n","protected":false},"author":1,"featured_media":3013,"comment_status":"open","ping_status":"open","sticky":false,"template":"","format":"standard","meta":{"_uag_custom_page_level_css":"","footnotes":""},"categories":[27],"tags":[2029,2826,2963,3174,3856,4151,4187,7019,7643,8598],"class_list":["post-3012","post","type-post","status-publish","format-standard","has-post-thumbnail","hentry","category-acontece","tag-cbic","tag-construcao-civil","tag-construtoras","tag-crescimento-urgente","tag-economia","tag-emprego-e-renda","tag-empresarios","tag-lojistas","tag-michel-temer","tag-palacio-do-planalto"],"blocksy_meta":[],"spectra_blocks_featured_image_url":[],"spectra_blocks_author_info":{"display_name":"Jornal da Constru\u00e7\u00e3o Civil","avatar_url":"https:\/\/secure.gravatar.com\/avatar\/973c9774fd44ddaceb026973c4962faa70fc512bc4c9da68e8ebb40fecee6540?s=96&d=mm&r=g","author_link":"https:\/\/construcaocivil.siriusmarketingedesign.com.br\/?author=1","description":"Desde de 2013, levando muitas informa\u00e7\u00f5es, lan\u00e7amentos e produtos de qualidade para toda cadeia produtiva da constru\u00e7\u00e3o. O Futuro da constru\u00e7\u00e3o passa por aqui,"},"uagb_featured_image_src":{"full":false,"thumbnail":false,"medium":false,"medium_large":false,"large":false,"1536x1536":false,"2048x2048":false},"uagb_author_info":{"display_name":"Jornal da Constru\u00e7\u00e3o Civil","author_link":"https:\/\/construcaocivil.siriusmarketingedesign.com.br\/?author=1"},"uagb_comment_info":0,"uagb_excerpt":"Dirigentes do setor enxergam distens\u00e3o e querem ajudar na\u00a0 recupera\u00e7\u00e3o do emprego e da renda Agosto, 2016 &#8211; Empres\u00e1rios e dirigentes da constru\u00e7\u00e3o civil avaliam ter sido estancado o processo de deteriora\u00e7\u00e3o da economia brasileira e defendem um avan\u00e7o mais r\u00e1pido na ado\u00e7\u00e3o de medidas que recuperem a confian\u00e7a do empreendedor e melhorem o ambiente&hellip;","_links":{"self":[{"href":"https:\/\/construcaocivil.siriusmarketingedesign.com.br\/index.php?rest_route=\/wp\/v2\/posts\/3012","targetHints":{"allow":["GET"]}}],"collection":[{"href":"https:\/\/construcaocivil.siriusmarketingedesign.com.br\/index.php?rest_route=\/wp\/v2\/posts"}],"about":[{"href":"https:\/\/construcaocivil.siriusmarketingedesign.com.br\/index.php?rest_route=\/wp\/v2\/types\/post"}],"author":[{"embeddable":true,"href":"https:\/\/construcaocivil.siriusmarketingedesign.com.br\/index.php?rest_route=\/wp\/v2\/users\/1"}],"replies":[{"embeddable":true,"href":"https:\/\/construcaocivil.siriusmarketingedesign.com.br\/index.php?rest_route=%2Fwp%2Fv2%2Fcomments&post=3012"}],"version-history":[{"count":0,"href":"https:\/\/construcaocivil.siriusmarketingedesign.com.br\/index.php?rest_route=\/wp\/v2\/posts\/3012\/revisions"}],"wp:attachment":[{"href":"https:\/\/construcaocivil.siriusmarketingedesign.com.br\/index.php?rest_route=%2Fwp%2Fv2%2Fmedia&parent=3012"}],"wp:term":[{"taxonomy":"category","embeddable":true,"href":"https:\/\/construcaocivil.siriusmarketingedesign.com.br\/index.php?rest_route=%2Fwp%2Fv2%2Fcategories&post=3012"},{"taxonomy":"post_tag","embeddable":true,"href":"https:\/\/construcaocivil.siriusmarketingedesign.com.br\/index.php?rest_route=%2Fwp%2Fv2%2Ftags&post=3012"}],"curies":[{"name":"wp","href":"https:\/\/api.w.org\/{rel}","templated":true}]}}