{"id":3033,"date":"2016-08-11T19:36:33","date_gmt":"2016-08-11T19:36:33","guid":{"rendered":"http:\/\/www.jornaldaconstrucaocivil.com.br\/?p=3033"},"modified":"2016-08-11T19:36:33","modified_gmt":"2016-08-11T19:36:33","slug":"tcu-participa-da-primeira-reuniao-do-plano-novo-chico","status":"publish","type":"post","link":"https:\/\/construcaocivil.siriusmarketingedesign.com.br\/?p=3033","title":{"rendered":"TCU participa da primeira reuni\u00e3o do Plano Novo Chico"},"content":{"rendered":"<p><span style=\"color: #000080;\"><strong>Coordenado pelo Minist\u00e9rio da Integra\u00e7\u00e3o Nacional, encontro ter\u00e1 como objetivo a constru\u00e7\u00e3o do planejamento para a\u00e7\u00f5es de revitaliza\u00e7\u00e3o do rio<\/strong><\/span><\/p>\n<p><span style=\"color: #000000;\"><span style=\"color: #993300;\">Bras\u00edlia-DF, 11\/8\/2016<\/span> &#8211; Para garantir prioridade \u00e0s a\u00e7\u00f5es de revitaliza\u00e7\u00e3o do rio S\u00e3o Francisco e melhor governan\u00e7a dos recursos financeiros aplicados nessas iniciativas, a primeira reuni\u00e3o da C\u00e2mara T\u00e9cnica do novo Programa de Revitaliza\u00e7\u00e3o da Bacia Hidrogr\u00e1fica do Rio S\u00e3o Francisco &#8211; Plano Novo Chico &#8211; tamb\u00e9m contar\u00e1 com a participa\u00e7\u00e3o de ministros e t\u00e9cnicos do Tribunal de Contas da Uni\u00e3o (TCU). O convite foi feito pelo ministro da Integra\u00e7\u00e3o Nacional, Helder Barbalho, ao presidente do TCU, Aroldo Cedraz, que prontamente aceitou. O encontro acontecer\u00e1 na pr\u00f3xima segunda-feira (15), na sede do Minist\u00e9rio da Integra\u00e7\u00e3o Nacional. Os gestores participaram hoje (11) do semin\u00e1rio \u2018Di\u00e1logo P\u00fablico: Revitaliza\u00e7\u00e3o do S\u00e3o Francisco\u2019, promovido pelo \u00f3rg\u00e3o de controle.<\/span><\/p>\n<p><span style=\"color: #000000;\">Durante o debate, o ministro Helder Barbalho destacou a relev\u00e2ncia das contribui\u00e7\u00f5es do Tribunal para a elabora\u00e7\u00e3o do Plano Novo Chico, lan\u00e7ado nesta semana (9) pelo Governo Federal.<em> \u201cLogo nos primeiros dias \u00e0 frente do minist\u00e9rio, o TCU alertou a nova gest\u00e3o sobre a import\u00e2ncia da revitaliza\u00e7\u00e3o do S\u00e3o Francisco. Buscamos contemplar as determina\u00e7\u00f5es do \u00f3rg\u00e3o e chegamos a um arranjo institucional que favorece as a\u00e7\u00f5es de planejamento e coordena\u00e7\u00e3o de todos os envolvidos\u201d<\/em>, frisou.<\/span><\/p>\n<p><span style=\"color: #000000;\">A C\u00e2mara T\u00e9cnica do programa ser\u00e1 respons\u00e1vel por propor metas, estrat\u00e9gias e crit\u00e9rios para as a\u00e7\u00f5es que contribuam para revitaliza\u00e7\u00e3o do rio. O grupo \u00e9 composto por representantes dos seguintes \u00f3rg\u00e3os: minist\u00e9rios do Meio Ambiente; Cidades; Ci\u00eancia, Tecnologia, Inova\u00e7\u00f5es e Comunica\u00e7\u00f5es; Agricultura, Pecu\u00e1ria e Abastecimento; e Secretaria Especial de Agricultura Familiar e do Desenvolvimento Agr\u00e1rio; Companhia de Desenvolvimento dos Vales do S\u00e3o Francisco e Parna\u00edba (Codevasf); Funda\u00e7\u00e3o Nacional da Sa\u00fade (Funasa); Ag\u00eancia Nacional de \u00c1guas (ANA); al\u00e9m do Comit\u00ea da Bacia Hidrogr\u00e1fica do Rio S\u00e3o Francisco (CBHSF).<\/span><\/p>\n<p><span style=\"color: #000000;\"><strong>Novo Chico<\/strong><\/span><\/p>\n<p><span style=\"color: #000000;\">Al\u00e9m da institui\u00e7\u00e3o da C\u00e2mara T\u00e9cnica, o Programa de Revitaliza\u00e7\u00e3o Bacia Hidrogr\u00e1fica do Rio S\u00e3o Francisco tamb\u00e9m criou o Comit\u00ea Gestor, que ter\u00e1 car\u00e1ter deliberativo e a miss\u00e3o de planejar, coordenar e monitorar as a\u00e7\u00f5es. A C\u00e2mara e o Comit\u00ea foram oficialmente instaurados pelo Decreto n\u00ba. 8.834 de 2016, publicado na \u00faltima quarta-feira (10), no Di\u00e1rio Oficial da Uni\u00e3o (DOU).<\/span><\/p>\n<p><span style=\"color: #000000;\">O Plano Novo Chico vai assegurar a oferta e qualidade de \u00e1gua do rio. Ser\u00e3o beneficiadas 16,5 milh\u00f5es de pessoas em 505 munic\u00edpios nos estados de Goi\u00e1s, Minas Gerais, Bahia, Sergipe, Alagoas e Pernambuco, que representam 8,1% da popula\u00e7\u00e3o brasileira.<\/span><\/p>\n<p><span style=\"color: #000000;\">Na primeira fase do programa ser\u00e1 priorizada a conclus\u00e3o das obras de abastecimento de \u00e1gua e de esgotamento sanit\u00e1rio que est\u00e3o em execu\u00e7\u00e3o e v\u00e3o beneficiar 217 cidades.<\/span><\/p>\n<p><span style=\"color: #0000ff;\"><a style=\"color: #0000ff;\" href=\"http:\/\/www.mi.gov.br\/documents\/1406782\/0\/Apresentacao+-+08ago16.pdf\/24d0fbca-bc74-44df-8ad6-f475e11cfb55\" target=\"_blank\">Saiba mais sobre o Plano Novo Chico<\/a>.<\/span><\/p>\n<p><b>Conhe\u00e7a algumas a\u00e7\u00f5es:<\/b><\/p>\n<p><span style=\"color: #0000ff;\"><a style=\"color: #0000ff;\" href=\"http:\/\/www.mi.gov.br\/web\/guest\/area-de-imprensa\/todas-as-noticias\/-\/asset_publisher\/YEkzzDUSRvZi\/content\/obras-de-esgotamento-sanitario-evitam-a-poluicao-do-rio-sao-francisco?inheritRedirect=false&amp;redirect=http%3A%2F%2Fwww.mi.gov.br%2Fweb%2Fguest%2Farea-de-imprensa%2Ftodas-as-noticias%3Fp_p_id%3D101_INSTANCE_YEkzzDUSRvZi%26p_p_lifecycle%3D0%26p_p_state%3Dnormal%26p_p_mode%3Dview%26p_p_col_id%3Dcolumn-1%26p_p_col_pos%3D1%26p_p_col_count%3D2\">Obras de esgotamento sanit\u00e1rio evitam a polui\u00e7\u00e3o do rio S\u00e3o Francisco<\/a><\/span><\/p>\n<p><span style=\"color: #0000ff;\"><a style=\"color: #0000ff;\" href=\"http:\/\/www.mi.gov.br\/web\/guest\/area-de-imprensa\/todas-as-noticias\/-\/asset_publisher\/YEkzzDUSRvZi\/content\/acoes-de-revitalizacao-recuperam-mais-de-1-100-nascentes-do-rio-sao-francisco?inheritRedirect=false&amp;redirect=http%3A%2F%2Fwww.mi.gov.br%2Fweb%2Fguest%2Farea-de-imprensa%2Ftodas-as-noticias%3Fp_p_id%3D101_INSTANCE_YEkzzDUSRvZi%26p_p_lifecycle%3D0%26p_p_state%3Dnormal%26p_p_mode%3Dview%26p_p_col_id%3Dcolumn-1%26p_p_col_pos%3D1%26p_p_col_count%3D2\">A\u00e7\u00f5es de revitaliza\u00e7\u00e3o recuperam mais de 1.100 nascentes do S\u00e3o Francisco<\/a><\/span><\/p>\n<p><span style=\"color: #000000;\">Fonte:\u00a0Assessoria de Comunica\u00e7\u00e3o Social\u00a0do\u00a0Minist\u00e9rio\u00a0da\u00a0Integra\u00e7\u00e3o Nacional<\/span><\/p>\n<p>&nbsp;<\/p>\n","protected":false},"excerpt":{"rendered":"<p>Coordenado pelo Minist\u00e9rio da Integra\u00e7\u00e3o Nacional, encontro ter\u00e1 como objetivo a constru\u00e7\u00e3o do planejamento para a\u00e7\u00f5es de revitaliza\u00e7\u00e3o do rio Bras\u00edlia-DF, 11\/8\/2016 &#8211; Para garantir prioridade \u00e0s a\u00e7\u00f5es de revitaliza\u00e7\u00e3o do rio S\u00e3o Francisco e melhor governan\u00e7a dos recursos financeiros aplicados nessas iniciativas, a primeira reuni\u00e3o da C\u00e2mara T\u00e9cnica do novo Programa de Revitaliza\u00e7\u00e3o da [&hellip;]<\/p>\n","protected":false},"author":1,"featured_media":0,"comment_status":"open","ping_status":"open","sticky":false,"template":"","format":"standard","meta":{"_uag_custom_page_level_css":"","footnotes":""},"categories":[27],"tags":[502,1161,3638,7755,8998,10342,11960],"class_list":["post-3033","post","type-post","status-publish","format-standard","hentry","category-acontece","tag-agencia-nacional-de-aguas-ana","tag-bacia-hidrografica-do-rio-sao-francisco","tag-diario-oficial-da-uniao-dou","tag-ministro-helder-barbalho","tag-plano-novo-chico","tag-revitalizacao-do-sao-francisco","tag-tribunal-de-contas-da-uniao-tcu"],"blocksy_meta":[],"spectra_blocks_featured_image_url":null,"spectra_blocks_author_info":{"display_name":"Jornal da Constru\u00e7\u00e3o Civil","avatar_url":"https:\/\/secure.gravatar.com\/avatar\/973c9774fd44ddaceb026973c4962faa70fc512bc4c9da68e8ebb40fecee6540?s=96&d=mm&r=g","author_link":"https:\/\/construcaocivil.siriusmarketingedesign.com.br\/?author=1","description":"Desde de 2013, levando muitas informa\u00e7\u00f5es, lan\u00e7amentos e produtos de qualidade para toda cadeia produtiva da constru\u00e7\u00e3o. O Futuro da constru\u00e7\u00e3o passa por aqui,"},"uagb_featured_image_src":{"full":false,"thumbnail":false,"medium":false,"medium_large":false,"large":false,"1536x1536":false,"2048x2048":false},"uagb_author_info":{"display_name":"Jornal da Constru\u00e7\u00e3o Civil","author_link":"https:\/\/construcaocivil.siriusmarketingedesign.com.br\/?author=1"},"uagb_comment_info":0,"uagb_excerpt":"Coordenado pelo Minist\u00e9rio da Integra\u00e7\u00e3o Nacional, encontro ter\u00e1 como objetivo a constru\u00e7\u00e3o do planejamento para a\u00e7\u00f5es de revitaliza\u00e7\u00e3o do rio Bras\u00edlia-DF, 11\/8\/2016 &#8211; Para garantir prioridade \u00e0s a\u00e7\u00f5es de revitaliza\u00e7\u00e3o do rio S\u00e3o Francisco e melhor governan\u00e7a dos recursos financeiros aplicados nessas iniciativas, a primeira reuni\u00e3o da C\u00e2mara T\u00e9cnica do novo Programa de Revitaliza\u00e7\u00e3o da&hellip;","_links":{"self":[{"href":"https:\/\/construcaocivil.siriusmarketingedesign.com.br\/index.php?rest_route=\/wp\/v2\/posts\/3033","targetHints":{"allow":["GET"]}}],"collection":[{"href":"https:\/\/construcaocivil.siriusmarketingedesign.com.br\/index.php?rest_route=\/wp\/v2\/posts"}],"about":[{"href":"https:\/\/construcaocivil.siriusmarketingedesign.com.br\/index.php?rest_route=\/wp\/v2\/types\/post"}],"author":[{"embeddable":true,"href":"https:\/\/construcaocivil.siriusmarketingedesign.com.br\/index.php?rest_route=\/wp\/v2\/users\/1"}],"replies":[{"embeddable":true,"href":"https:\/\/construcaocivil.siriusmarketingedesign.com.br\/index.php?rest_route=%2Fwp%2Fv2%2Fcomments&post=3033"}],"version-history":[{"count":0,"href":"https:\/\/construcaocivil.siriusmarketingedesign.com.br\/index.php?rest_route=\/wp\/v2\/posts\/3033\/revisions"}],"wp:attachment":[{"href":"https:\/\/construcaocivil.siriusmarketingedesign.com.br\/index.php?rest_route=%2Fwp%2Fv2%2Fmedia&parent=3033"}],"wp:term":[{"taxonomy":"category","embeddable":true,"href":"https:\/\/construcaocivil.siriusmarketingedesign.com.br\/index.php?rest_route=%2Fwp%2Fv2%2Fcategories&post=3033"},{"taxonomy":"post_tag","embeddable":true,"href":"https:\/\/construcaocivil.siriusmarketingedesign.com.br\/index.php?rest_route=%2Fwp%2Fv2%2Ftags&post=3033"}],"curies":[{"name":"wp","href":"https:\/\/api.w.org\/{rel}","templated":true}]}}