{"id":3035,"date":"2016-08-11T20:01:04","date_gmt":"2016-08-11T20:01:04","guid":{"rendered":"http:\/\/www.jornaldaconstrucaocivil.com.br\/?p=3035"},"modified":"2016-08-11T20:01:04","modified_gmt":"2016-08-11T20:01:04","slug":"belas-artes-e-docol-trazem-marva-griffin-para-o-design-weekend-2016","status":"publish","type":"post","link":"https:\/\/construcaocivil.siriusmarketingedesign.com.br\/?p=3035","title":{"rendered":"Belas Artes e Docol trazem Marva Griffin para o Design Weekend 2016"},"content":{"rendered":"<p><span style=\"color: #993300;\">Aconteceu\u00a0<\/span><\/p>\n<p><span style=\"color: #000000;\"><span style=\"color: #800080;\">Agosto, 2016<\/span> &#8211; A parceria entre a institui\u00e7\u00e3o de ensino Centro Universit\u00e1rio Belas Artes de S\u00e3o Paulo e a fabricante de metais sanit\u00e1rios Docol trouxe para o Brasil, durante a Design Weekend (DW!) em S\u00e3o Paulo, a curadora do Sal\u00e3o Sat\u00e9lite de Mil\u00e3o, Marva Griffin. Reconhecida por descobrir e revelar os grandes nomes do design mundial, Marva ministrou uma palestra sobre os 20 anos da mostra, seguida de uma mesa redonda que discutiu o Jovem Designer no mundo, o encontro aconteceu no dia 9 de agosto, no n\u00facleo de design da Belas Artes.<\/span><\/p>\n<figure id=\"attachment_3036\" aria-describedby=\"caption-attachment-3036\" style=\"width: 261px\" class=\"wp-caption alignleft\"><a href=\"http:\/\/www.jornaldaconstrucaocivil.com.br\/wp-content\/uploads\/2016\/08\/14MARVA-II.jpg\"><img loading=\"lazy\" decoding=\"async\" class=\"wp-image-3036\" src=\"http:\/\/www.jornaldaconstrucaocivil.com.br\/wp-content\/uploads\/2016\/08\/14MARVA-II.jpg\" alt=\"14MARVA II\" width=\"261\" height=\"375\" \/><\/a><figcaption id=\"caption-attachment-3036\" class=\"wp-caption-text\"><span style=\"color: #993300;\">Marva Griffin, curadora do Sal\u00e3o Sat\u00e9lite de Mil\u00e3o, esteve na Design Weekend 2016. <span style=\"color: #0000ff;\">Cr\u00e9ditos: Divulga\u00e7\u00e3o <\/span><\/span><\/figcaption><\/figure>\n<p><span style=\"color: #000000;\">A a\u00e7\u00e3o integra a programa\u00e7\u00e3o da semana de design da institui\u00e7\u00e3o de ensino, a Belas Artes Design Week, dentro do calend\u00e1rio oficial da 5\u00aa edi\u00e7\u00e3o do DW!, que acontece de 10 a 14 de agosto de 2016 na capital paulista. Na sequ\u00eancia da palestra, uma mesa redonda mediada pelo jornalista e cr\u00edtico de design Marcelo Lima, com a participa\u00e7\u00e3o de Marva, al\u00e9m do presidente da Docol Guilherme Bertani, o designer Pedro Paulo Franco, da Lot Of Brasil e o arquiteto pernambucano Ricardo Bello Dias debateram sobre o <em>\u201cO jovem designer no mundo: Perspectivas e Desafios\u201d<\/em> num bate-papo que visou compartilhar experi\u00eancias dos participantes, absorvendo tamb\u00e9m a expertise de Marva no papel da vanguarda do design.<\/span><\/p>\n<p><span style=\"color: #000000;\">Criado por Marva em 1997, o Sal\u00e3o Sat\u00e9lite acontece paralelamente ao Sal\u00e3o Internacional do M\u00f3vel de Mil\u00e3o, voltado para designers de at\u00e9 35 anos, estudantes e escolas de design. <em>\u201cA Belas Artes participou pela primeira vez do Sal\u00e3o Sat\u00e9lite este ano e \u00e9ramos a \u00fanica institui\u00e7\u00e3o da Am\u00e9rica presente, expondo os projetos dos nossos alunos. Estar em eventos fora do Brasil e trazer grandes refer\u00eancias para dentro da nossa escola fazem parte da nossa estrat\u00e9gia de internacionaliza\u00e7\u00e3o, porque hoje n\u00e3o \u00e9 mais poss\u00edvel pensar em educa\u00e7\u00e3o sem considerar o mercado internacional. A economia criativa depende dessa conex\u00e3o mundial\u201d<\/em>, explica Patr\u00edcia Cardim, diretora-geral da Belas Artes.<\/span><\/p>\n<p><span style=\"color: #000000;\">\u00c0s v\u00e9speras de completar 20 anos, o Sal\u00e3o Sat\u00e9lite de Mil\u00e3o dita tend\u00eancias que refletem diretamente nos padr\u00f5es de comportamento e na maneira como o mundo consome arte, design e informa\u00e7\u00e3o. Ele tamb\u00e9m foi respons\u00e1vel por revelar talentos e nomes como Studio Nendo, Sebastian Wrong e Nina Zupanc, e exerceu influ\u00eancia nas carreiras dos brasileiros Irm\u00e3os Campana, por exemplo. <em>\u201cMarva Griffin tem um papel muito representativo para os jovens no cen\u00e1rio do design atual. Ela promove a pesquisa de novas formas e conceitos, mas, principalmente, d\u00e1 aos estudantes a oportunidade de apresentarem suas ideias e cria\u00e7\u00f5es no Sal\u00e3o de Mil\u00e3o. Suas realiza\u00e7\u00f5es foram uma fonte de inspira\u00e7\u00e3o para n\u00f3s e para o trabalho que fazemos no Instituto Campana para apoiar os jovens e ajud\u00e1-los a construir oportunidades de carreira\u201d<\/em>, contam Fernando e Humberto Campana.<\/span><\/p>\n<p><span style=\"color: #000000;\">A Docol acredita no conte\u00fado como fonte de inspira\u00e7\u00e3o e, por isso, firmou a parceria com a Belas Artes.<em> \u201cTer a Marva Griffin em uma semana que o mercado discute design \u00e9 uma oportunidade para conhecer a vis\u00e3o de um universo contempor\u00e2neo sob o olhar de algu\u00e9m que \u00e9 refer\u00eancia mundial na \u00e1rea. N\u00f3s acreditamos que o bom design \u00e9 transformador e \u00e9 a soma de v\u00e1rios elementos que, no nosso caso, passa pelo uso racional da \u00e1gua, tecnologia, inova\u00e7\u00e3o e beleza\u201d,<\/em> finaliza Guilherme Bertani, presidente\u00a0da Docol.\u00a0<\/span><\/p>\n","protected":false},"excerpt":{"rendered":"<p>Aconteceu\u00a0 Agosto, 2016 &#8211; A parceria entre a institui\u00e7\u00e3o de ensino Centro Universit\u00e1rio Belas Artes de S\u00e3o Paulo e a fabricante de metais sanit\u00e1rios Docol trouxe para o Brasil, durante a Design Weekend (DW!) em S\u00e3o Paulo, a curadora do Sal\u00e3o Sat\u00e9lite de Mil\u00e3o, Marva Griffin. Reconhecida por descobrir e revelar os grandes nomes do [&hellip;]<\/p>\n","protected":false},"author":1,"featured_media":3040,"comment_status":"open","ping_status":"open","sticky":false,"template":"","format":"standard","meta":{"_uag_custom_page_level_css":"","footnotes":""},"categories":[27],"tags":[1328,3541,3551,3785,7324,7608,10566,12409],"class_list":["post-3035","post","type-post","status-publish","format-standard","has-post-thumbnail","hentry","category-acontece","tag-belas-artes","tag-design-weekend-2016","tag-designer-no-mundo","tag-docol","tag-marva-griffin","tag-metais-e-loucas-sanitarias","tag-salao-internacional-do-movel-de-milao","tag-vila-mariana-sp"],"blocksy_meta":[],"spectra_blocks_featured_image_url":[],"spectra_blocks_author_info":{"display_name":"Jornal da Constru\u00e7\u00e3o Civil","avatar_url":"https:\/\/secure.gravatar.com\/avatar\/973c9774fd44ddaceb026973c4962faa70fc512bc4c9da68e8ebb40fecee6540?s=96&d=mm&r=g","author_link":"https:\/\/construcaocivil.siriusmarketingedesign.com.br\/?author=1","description":"Desde de 2013, levando muitas informa\u00e7\u00f5es, lan\u00e7amentos e produtos de qualidade para toda cadeia produtiva da constru\u00e7\u00e3o. O Futuro da constru\u00e7\u00e3o passa por aqui,"},"uagb_featured_image_src":{"full":false,"thumbnail":false,"medium":false,"medium_large":false,"large":false,"1536x1536":false,"2048x2048":false},"uagb_author_info":{"display_name":"Jornal da Constru\u00e7\u00e3o Civil","author_link":"https:\/\/construcaocivil.siriusmarketingedesign.com.br\/?author=1"},"uagb_comment_info":0,"uagb_excerpt":"Aconteceu\u00a0 Agosto, 2016 &#8211; A parceria entre a institui\u00e7\u00e3o de ensino Centro Universit\u00e1rio Belas Artes de S\u00e3o Paulo e a fabricante de metais sanit\u00e1rios Docol trouxe para o Brasil, durante a Design Weekend (DW!) em S\u00e3o Paulo, a curadora do Sal\u00e3o Sat\u00e9lite de Mil\u00e3o, Marva Griffin. Reconhecida por descobrir e revelar os grandes nomes do&hellip;","_links":{"self":[{"href":"https:\/\/construcaocivil.siriusmarketingedesign.com.br\/index.php?rest_route=\/wp\/v2\/posts\/3035","targetHints":{"allow":["GET"]}}],"collection":[{"href":"https:\/\/construcaocivil.siriusmarketingedesign.com.br\/index.php?rest_route=\/wp\/v2\/posts"}],"about":[{"href":"https:\/\/construcaocivil.siriusmarketingedesign.com.br\/index.php?rest_route=\/wp\/v2\/types\/post"}],"author":[{"embeddable":true,"href":"https:\/\/construcaocivil.siriusmarketingedesign.com.br\/index.php?rest_route=\/wp\/v2\/users\/1"}],"replies":[{"embeddable":true,"href":"https:\/\/construcaocivil.siriusmarketingedesign.com.br\/index.php?rest_route=%2Fwp%2Fv2%2Fcomments&post=3035"}],"version-history":[{"count":0,"href":"https:\/\/construcaocivil.siriusmarketingedesign.com.br\/index.php?rest_route=\/wp\/v2\/posts\/3035\/revisions"}],"wp:attachment":[{"href":"https:\/\/construcaocivil.siriusmarketingedesign.com.br\/index.php?rest_route=%2Fwp%2Fv2%2Fmedia&parent=3035"}],"wp:term":[{"taxonomy":"category","embeddable":true,"href":"https:\/\/construcaocivil.siriusmarketingedesign.com.br\/index.php?rest_route=%2Fwp%2Fv2%2Fcategories&post=3035"},{"taxonomy":"post_tag","embeddable":true,"href":"https:\/\/construcaocivil.siriusmarketingedesign.com.br\/index.php?rest_route=%2Fwp%2Fv2%2Ftags&post=3035"}],"curies":[{"name":"wp","href":"https:\/\/api.w.org\/{rel}","templated":true}]}}