{"id":304,"date":"2015-11-04T03:57:07","date_gmt":"2015-11-04T03:57:07","guid":{"rendered":"http:\/\/www.jornaldaconstrucaocivil.com.br\/?p=304"},"modified":"2015-11-04T03:57:07","modified_gmt":"2015-11-04T03:57:07","slug":"vendas-de-material-de-construcao-crescem-8-em-outubro-sobre-setembro","status":"publish","type":"post","link":"https:\/\/construcaocivil.siriusmarketingedesign.com.br\/?p=304","title":{"rendered":"Vendas de material de constru\u00e7\u00e3o crescem 8% em outubro sobre setembro"},"content":{"rendered":"<p class=\"p3\"><span class=\"s1\" style=\"color: #000000;\"><strong><em>\u00cdndice, no entanto, \u00e9 8% menor do que o desempenho no mesmo per\u00edodo de 2014.\u00a0 Anamaco espera fechar o ano com retra\u00e7\u00e3o de 5%<\/em><\/strong><\/span><\/p>\n<p class=\"p3\"><span style=\"color: #000000;\">As vendas de material de constru\u00e7\u00e3o tiveram crescimento de 8% em outubro, na compara\u00e7\u00e3o com setembro. O desempenho, no entanto, ficou 8% abaixo do registrado no mesmo per\u00edodo de 2014.<\/span><\/p>\n<p class=\"p4\"><span class=\"s1\" style=\"color: #000000;\">Os dados s\u00e3o do estudo mensal realizado pelo Instituto de Pesquisas da Anamaco com o apoio da Abrafati, Instituto Crisotila Brasil, Anfacer e Siamfesp. O levantamento ouviu 530 lojistas das cinco regi\u00f5es do pa\u00eds entre os dias 27 e 30 de outubro e a margem de erro \u00e9 de 4,3%.<\/span><\/p>\n<p class=\"p4\"><span class=\"s1\" style=\"color: #000000;\">Segundo o levantamento, as lojas de porte m\u00e9dio e grande foram as que registraram os melhores resultados no m\u00eas (12% e 13%, respectivamente). J\u00e1 os pequenos estabelecimentos tiveram, em m\u00e9dia, 2% de crescimento. No acumulado do ano, o setor tem desempenho negativo de 5%, mesmo \u00edndice apresentado nos \u00faltimos 12 meses.<\/span><\/p>\n<div><span style=\"color: #000000;\"><em>\u201cJ\u00e1 esper\u00e1vamos uma melhora nas vendas do m\u00eas de outubro, pois muitas lojas de material de constru\u00e7\u00e3o est\u00e3o fazendo promo\u00e7\u00f5es, tentando atrair o consumidor. Al\u00e9m disso, apesar da crise econ\u00f4mica, temos uma tradi\u00e7\u00e3o no comportamento do brasileiro, que costuma investir em pequenas reformas para deixar a casa bonita para as festas de fim de ano\u201d<\/em>, explica Cl\u00e1udio Conz, presidente da Anamaco. <em>&#8220;Com o cen\u00e1rio de incertezas econ\u00f4micas, o consumidor tende a frear novos investimentos, mas tamb\u00e9m temos em nosso favor a necessidade de manuten\u00e7\u00e3o dos mais de 64 milh\u00f5es de im\u00f3veis, que funcionam como seres vivos, demandando reforma por conta de seu uso e desgaste natural. Por conta da crise, o consumidor estava adiando reformas e novas constru\u00e7\u00f5es, mas ele n\u00e3o conseguir\u00e1 fazer isso por muito tempo. \u00c9 o banheiro que est\u00e1 com infiltra\u00e7\u00e3o, \u00e9 o encanamento que est\u00e1 com vazamento, \u00e9 a necessidade de trocar a fia\u00e7\u00e3o da casa, e tudo isso far\u00e1 com que, mais cedo ou mais tarde, ele volte \u00e0s nossas lojas\u201d<\/em>, completa.<\/span><\/div>\n<div><span style=\"color: #000000;\">\u00a0<a href=\"http:\/\/www.jornaldaconstrucaocivil.com.br\/wp-content\/uploads\/2015\/11\/ANAMACO-HJ-I.png\"><img loading=\"lazy\" decoding=\"async\" class=\"size-medium wp-image-305 aligncenter\" src=\"http:\/\/www.jornaldaconstrucaocivil.com.br\/wp-content\/uploads\/2015\/11\/ANAMACO-HJ-I-300x224.png\" alt=\"ANAMACO HJ I\" width=\"300\" height=\"224\" \/><\/a><\/span><\/div>\n<p>&nbsp;<\/p>\n<p class=\"p4\"><span class=\"s1\" style=\"color: #000000;\">Todas as categorias pesquisadas registraram crescimento de vendas em outubro, principalmente revestimentos cer\u00e2micos (11%), cimentos e telhas de fibrocimento (10%), tintas (9%), lou\u00e7as sanit\u00e1rias (7%), metais sanit\u00e1rios (6%) e fechaduras e ferragens (5%).<\/span><\/p>\n<div><span style=\"color: #000000;\">No levantamento por regi\u00f5es, o destaque ficou para o Sudeste (10%), seguido do Sul (9%), Nordeste (7%) e Norte (5%). No Centro-Oeste as vendas ficaram est\u00e1veis.<\/span><\/div>\n<div><span style=\"color: #000000;\">\u00a0<\/span><\/div>\n<div><span style=\"color: #000000;\">Em outubro, tamb\u00e9m diminuiu o otimismo dos lojistas com rela\u00e7\u00e3o \u00e0s a\u00e7\u00f5es do Governo nos pr\u00f3ximos 12 meses. J\u00e1 a inten\u00e7\u00e3o de novos investimentos retraiu em todas as regi\u00f5es, com exce\u00e7\u00e3o do Centro-Oeste e Nordeste. No geral, cerca de 11% dos entrevistados pretendem contratar novos funcion\u00e1rios em novembro.<\/span><\/div>\n<div><a href=\"http:\/\/www.jornaldaconstrucaocivil.com.br\/wp-content\/uploads\/2015\/11\/ANAMACO-II.png\"><img loading=\"lazy\" decoding=\"async\" class=\"size-medium wp-image-306 aligncenter\" src=\"http:\/\/www.jornaldaconstrucaocivil.com.br\/wp-content\/uploads\/2015\/11\/ANAMACO-II-300x221.png\" alt=\"ANAMACO II\" width=\"300\" height=\"221\" \/><\/a><\/div>\n<div>\n<p class=\"p4\"><span class=\"s1\" style=\"color: #000000;\">Para o presidente da Anamaco, \u00a0os resultados de outubro pouco alteram as perspectivas para o ano de 2015. <em>\u201cO setor deve fechar o ano com uma retra\u00e7\u00e3o de 5% na compara\u00e7\u00e3o com 2014. \u00c9 a primeira vez, desde 1991, que n\u00f3s n\u00e3o teremos crescimento, mas isso est\u00e1 diretamente ligado \u00e0 diminui\u00e7\u00e3o da oferta de cr\u00e9dito e ao aumento do desemprego. Os nossos estabelecimentos em todo o Brasil cortaram cerca de 43 mil postos de trabalho (empregamos cerca de um milh\u00e3o de pessoas em todo o pa\u00eds), al\u00e9m de termos registrado fechamento de pequenas e m\u00e9dias lojas\u201d<\/em>, explica.<\/span><\/p>\n<p class=\"p4\"><span class=\"s1\" style=\"color: #000000;\">Conz, no entanto, acredita que o setor conseguir\u00e1 reverter esse quadro em 2016: <em>\u201cO ano que vem ser\u00e1 mais positivo para o varejo de material de constru\u00e7\u00e3o, principalmente a m\u00e9dio e longo prazo. Como eu disse, os im\u00f3veis brasileiros precisam de manuten\u00e7\u00e3o e reforma e as pessoas que est\u00e3o adiando obras agora acabar\u00e3o gastando mais, porque quando voc\u00ea adia uma reforma, isso pode demandar mais material de constru\u00e7\u00e3o para o conserto. \u00c9 igual uma infiltra\u00e7\u00e3o que voc\u00ea demora para resolver\u2026dependendo do tempo que voc\u00ea leva, o estrago pode ser muito maior. Al\u00e9m disso, os grandes bancos j\u00e1 demonstram inten\u00e7\u00e3o de impulsionar as linhas de cr\u00e9dito destinadas \u00e0 compra de materiais de constru\u00e7\u00e3o para compensar o fraco desempenho de outras linhas de financiamento e isso deve ajudar a impulsionar a nossa retomada de crescimento\u201d<\/em>, finaliza.<\/span><\/p>\n<p class=\"p4\"><span style=\"color: #993366;\">Fonte: Assessoria de Imprensa Anamaco<\/span><\/p>\n<\/div>\n","protected":false},"excerpt":{"rendered":"<p>\u00cdndice, no entanto, \u00e9 8% menor do que o desempenho no mesmo per\u00edodo de 2014.\u00a0 Anamaco espera fechar o ano com retra\u00e7\u00e3o de 5% As vendas de material de constru\u00e7\u00e3o tiveram crescimento de 8% em outubro, na compara\u00e7\u00e3o com setembro. O desempenho, no entanto, ficou 8% abaixo do registrado no mesmo per\u00edodo de 2014. Os [&hellip;]<\/p>\n","protected":false},"author":1,"featured_media":0,"comment_status":"open","ping_status":"open","sticky":false,"template":"","format":"standard","meta":{"_uag_custom_page_level_css":"","footnotes":""},"categories":[33],"tags":[705,6992,7362,10287,12262],"class_list":["post-304","post","type-post","status-publish","format-standard","hentry","category-mercado","tag-anamaco","tag-lojas","tag-material-de-construcao","tag-retracao","tag-vendas"],"blocksy_meta":[],"spectra_blocks_featured_image_url":null,"spectra_blocks_author_info":{"display_name":"Jornal da Constru\u00e7\u00e3o Civil","avatar_url":"https:\/\/secure.gravatar.com\/avatar\/973c9774fd44ddaceb026973c4962faa70fc512bc4c9da68e8ebb40fecee6540?s=96&d=mm&r=g","author_link":"https:\/\/construcaocivil.siriusmarketingedesign.com.br\/?author=1","description":"Desde de 2013, levando muitas informa\u00e7\u00f5es, lan\u00e7amentos e produtos de qualidade para toda cadeia produtiva da constru\u00e7\u00e3o. O Futuro da constru\u00e7\u00e3o passa por aqui,"},"uagb_featured_image_src":{"full":false,"thumbnail":false,"medium":false,"medium_large":false,"large":false,"1536x1536":false,"2048x2048":false},"uagb_author_info":{"display_name":"Jornal da Constru\u00e7\u00e3o Civil","author_link":"https:\/\/construcaocivil.siriusmarketingedesign.com.br\/?author=1"},"uagb_comment_info":0,"uagb_excerpt":"\u00cdndice, no entanto, \u00e9 8% menor do que o desempenho no mesmo per\u00edodo de 2014.\u00a0 Anamaco espera fechar o ano com retra\u00e7\u00e3o de 5% As vendas de material de constru\u00e7\u00e3o tiveram crescimento de 8% em outubro, na compara\u00e7\u00e3o com setembro. O desempenho, no entanto, ficou 8% abaixo do registrado no mesmo per\u00edodo de 2014. Os&hellip;","_links":{"self":[{"href":"https:\/\/construcaocivil.siriusmarketingedesign.com.br\/index.php?rest_route=\/wp\/v2\/posts\/304","targetHints":{"allow":["GET"]}}],"collection":[{"href":"https:\/\/construcaocivil.siriusmarketingedesign.com.br\/index.php?rest_route=\/wp\/v2\/posts"}],"about":[{"href":"https:\/\/construcaocivil.siriusmarketingedesign.com.br\/index.php?rest_route=\/wp\/v2\/types\/post"}],"author":[{"embeddable":true,"href":"https:\/\/construcaocivil.siriusmarketingedesign.com.br\/index.php?rest_route=\/wp\/v2\/users\/1"}],"replies":[{"embeddable":true,"href":"https:\/\/construcaocivil.siriusmarketingedesign.com.br\/index.php?rest_route=%2Fwp%2Fv2%2Fcomments&post=304"}],"version-history":[{"count":0,"href":"https:\/\/construcaocivil.siriusmarketingedesign.com.br\/index.php?rest_route=\/wp\/v2\/posts\/304\/revisions"}],"wp:attachment":[{"href":"https:\/\/construcaocivil.siriusmarketingedesign.com.br\/index.php?rest_route=%2Fwp%2Fv2%2Fmedia&parent=304"}],"wp:term":[{"taxonomy":"category","embeddable":true,"href":"https:\/\/construcaocivil.siriusmarketingedesign.com.br\/index.php?rest_route=%2Fwp%2Fv2%2Fcategories&post=304"},{"taxonomy":"post_tag","embeddable":true,"href":"https:\/\/construcaocivil.siriusmarketingedesign.com.br\/index.php?rest_route=%2Fwp%2Fv2%2Ftags&post=304"}],"curies":[{"name":"wp","href":"https:\/\/api.w.org\/{rel}","templated":true}]}}