{"id":3041,"date":"2016-08-11T20:36:42","date_gmt":"2016-08-11T20:36:42","guid":{"rendered":"http:\/\/www.jornaldaconstrucaocivil.com.br\/?p=3041"},"modified":"2016-08-11T20:36:42","modified_gmt":"2016-08-11T20:36:42","slug":"tiro-com-arco-sonho-olimpico-comecou-com-projeto-da-prefeitura-de-marica","status":"publish","type":"post","link":"https:\/\/construcaocivil.siriusmarketingedesign.com.br\/?p=3041","title":{"rendered":"Tiro com Arco: sonho ol\u00edmpico come\u00e7ou com projeto da Prefeitura de Maric\u00e1"},"content":{"rendered":"<p><span style=\"color: #003300;\">Rio 2016\u00a0<\/span><\/p>\n<p><span style=\"color: #000000;\"><span style=\"color: #993300;\">Agosto, 2016<\/span> &#8211; Quando a jovem Anne Marcelle Gomes dos Santos entrar nesta quinta-feira (11\/08) na quadra do Tiro com Arco, no Samb\u00f3dromo, pelos Jogos Ol\u00edmpicos Rio 2016, a participa\u00e7\u00e3o coroa uma iniciativa bem sucedida de forma\u00e7\u00e3o de atletas dentro das escolas. Gra\u00e7as a um projeto de base iniciado pela Prefeitura em Maric\u00e1, em 2012, mais de mil crian\u00e7as e adolescentes &#8211; o que inclui Anne e outros dois atletas hoje integrantes da sele\u00e7\u00e3o ol\u00edmpica &#8211; passaram pelo Centro de Treinamento da Confedera\u00e7\u00e3o Brasileira de Tiro com Arco (CBTArco) no bairro de Itapeba.<\/span><\/p>\n<figure id=\"attachment_3042\" aria-describedby=\"caption-attachment-3042\" style=\"width: 332px\" class=\"wp-caption alignleft\"><a href=\"http:\/\/www.jornaldaconstrucaocivil.com.br\/wp-content\/uploads\/2016\/08\/TIRO-COM-ARCO.jpg\"><img loading=\"lazy\" decoding=\"async\" class=\"wp-image-3042\" src=\"http:\/\/www.jornaldaconstrucaocivil.com.br\/wp-content\/uploads\/2016\/08\/TIRO-COM-ARCO-1024x607.jpg\" alt=\"TIRO COM ARCO\" width=\"332\" height=\"197\" \/><\/a><figcaption id=\"caption-attachment-3042\" class=\"wp-caption-text\"><span style=\"color: #800080;\">Tiro com Arco faz crescer demanda pelo esporte na cidade. <span style=\"color: #003300;\">Foto: ASCOM\/Prefeitura de Maric\u00e1-RJ<\/span><\/span><\/figcaption><\/figure>\n<p><span style=\"color: #000000;\">O modelo reuniu os principais elementos para o desenvolvimento do potencial ol\u00edmpico -comprovado pelo desempenho dos atletas nas competi\u00e7\u00f5es que antecederam aos Jogos: o poder p\u00fablico municipal cedeu a \u00e1rea para a instala\u00e7\u00e3o do CT,\u00a0 importou os equipamentos (kit correspondente a 30 arcos, al\u00e9m das flechas, alvos, miras, protetores e dedeiras) de primeiro n\u00edvel para que os atletas pudessem treinar e envolveu os alunos da rede p\u00fablica municipal, atrav\u00e9s da qual a &#8220;peneira&#8221; foi realizada. <\/span><\/p>\n<p>&nbsp;<\/p>\n<p><span style=\"color: #000000;\">Minist\u00e9rio do Esporte e a pr\u00f3pria CBTArco, com o processo t\u00e9cnico de desenvolvimento, completaram o processo. A medida permitiu que os alunos, mesmo iniciantes, pudessem praticar com material de mesmo n\u00edvel dos utilizados seus competidores.<\/span><\/p>\n<p><span style=\"color: #000000;\">O valor total, de R$ 2,6 milh\u00f5es, previa, al\u00e9m disso e da constru\u00e7\u00e3o dos CTs, a implanta\u00e7\u00e3o de n\u00facleos de base do esporte e a contrata\u00e7\u00e3o de equipes t\u00e9cnicas e de pessoal administrativo, o que foi feito. O N\u00facleo de Base do Tiro com Arco, em sua primeira fase, contou com o suporte de quatro instrutores e quatro monitores separados respectivamente por escolas (n\u00facleos) que, para otimizar a massifica\u00e7\u00e3o, se tornava rotativo (seis meses em cada escola).<\/span><\/p>\n<p><span style=\"color: #000000;\">As crian\u00e7as recebiam a visita dos instrutores em sala de aula e aqueles que se interessavam em praticar o esporte tinham o transporte fornecido pela Prefeitura para se deslocarem at\u00e9 o CT ap\u00f3s o hor\u00e1rio das aulas. Depois eram trazidos de volta \u00e0 escola. De l\u00e1 para c\u00e1, o sucesso de v\u00e1rios atletas revelados pelo projeto ainda motiva a garotada.<\/span><\/p>\n<p><span style=\"color: #000000;\">Atualmente as aulas de base s\u00e3o oferecidas gratuitamente para alunos da rede municipal de ensino cinco vezes por semana. A dura\u00e7\u00e3o m\u00e9dia do treino \u00e9 de duas horas, com acompanhamento de um educador f\u00edsico, da coordenadora t\u00e9cnica da confedera\u00e7\u00e3o e de mais quatro professores do projeto da Secretaria Municipal Adjunta de Esportes, que buscam melhorar a performance dos atletas maricaenses.<\/span><\/p>\n<p><span style=\"color: #000000;\">Deste grupo, o arqueiro Marcelo Filho foi descoberto entre os alunos do Centro Educacional Municipal Joana Benedicta Rangel, no Centro. Outros, como o vice-campe\u00e3o mundial e esperan\u00e7a ol\u00edmpica Marcus Vin\u00edcius Almeida, al\u00e9m de Anne Marcelle, est\u00e3o entre os primeiros revelados e lapidados pela estrutura montada para o aprimoramento de atletas de m\u00e9dio e alto rendimento. Ap\u00f3s o fim da participa\u00e7\u00e3o do Minist\u00e9rio do Esporte, em abril de 2013, a Prefeitura seguiu patrocinando o projeto buscando nas escolas da rede municipal de ensino (e nas unidades estaduais). Hoje, gra\u00e7as \u00e0 continuidade do modelo, cerca de 50 alunos treinam no CT de Itapeba.<\/span><\/p>\n<p><span style=\"color: #000000;\">Para os coordenadores Gilmar de Paula e M\u00f4nica Favarin, que integraram a primeira equipe do projeto, ver o qu\u00e3o longe chegaram aquelas ent\u00e3o crian\u00e7as \u00e9 motivo de orgulho. \u201cEles come\u00e7aram s\u00f3 puxando os el\u00e1sticos, meio que brincando, e agora v\u00e3o disputar medalhas ol\u00edmpicas. \u00c9 muito bom saber que voc\u00ea colaborou para este resultado\u201d, avalia Gilmar, que atualmente coordena outro projeto da secretaria no munic\u00edpio, o Navegar, que incentiva o desenvolvimento e o surgimento de atletas em esportes n\u00e1uticos. M\u00f4nica, por sua vez, segue ligada ao Tiro com Arco e tamb\u00e9m atua no Programa Segundo Tempo (do governo federal). Para ela, a cidade se tornou uma refer\u00eancia quando se fala na modalidade. \u201cHoje, as pessoas lembram imediatamente de Maric\u00e1 ao falarem de Tiro com Arco, mas o mais importante para n\u00f3s \u00e9 que os pais das crian\u00e7as v\u00eaem o projeto como algo que deu muito certo, a despeito de toda a desconfian\u00e7a que havia no in\u00edcio\u201d, lembra ela.<\/span><\/p>\n<p><span style=\"color: #000000;\">Nesses quatro anos, atletas de pa\u00edses como Cor\u00e9ia do Sul, R\u00fassia e Est\u00f4nia j\u00e1 vem fizeram intercambio no CT de Maric\u00e1 visando as Olimp\u00edadas. Com isso, os participantes do projeto tamb\u00e9m puderam travar contato com esportistas de primeiro n\u00edvel, o que tamb\u00e9m trouxe benef\u00edcios ao desenvolvimento de todos.<\/span><\/p>\n<p><span style=\"color: #993300;\">Fonte: Ascom\/Prefeitura de Maric\u00e1-RJ<\/span><\/p>\n","protected":false},"excerpt":{"rendered":"<p>Rio 2016\u00a0 Agosto, 2016 &#8211; Quando a jovem Anne Marcelle Gomes dos Santos entrar nesta quinta-feira (11\/08) na quadra do Tiro com Arco, no Samb\u00f3dromo, pelos Jogos Ol\u00edmpicos Rio 2016, a participa\u00e7\u00e3o coroa uma iniciativa bem sucedida de forma\u00e7\u00e3o de atletas dentro das escolas. Gra\u00e7as a um projeto de base iniciado pela Prefeitura em Maric\u00e1, [&hellip;]<\/p>\n","protected":false},"author":1,"featured_media":3042,"comment_status":"open","ping_status":"open","sticky":false,"template":"","format":"standard","meta":{"_uag_custom_page_level_css":"","footnotes":""},"categories":[37],"tags":[2035,2117,4545,5554,7291,9717,10368,11803],"class_list":["post-3041","post","type-post","status-publish","format-standard","has-post-thumbnail","hentry","category-sustentabilidade","tag-cbtarco","tag-centro-esportivo","tag-esporte","tag-governo-federal","tag-marica","tag-projeto-olimpico","tag-rio-2016","tag-tiro-com-arco"],"blocksy_meta":[],"spectra_blocks_featured_image_url":[],"spectra_blocks_author_info":{"display_name":"Jornal da Constru\u00e7\u00e3o Civil","avatar_url":"https:\/\/secure.gravatar.com\/avatar\/973c9774fd44ddaceb026973c4962faa70fc512bc4c9da68e8ebb40fecee6540?s=96&d=mm&r=g","author_link":"https:\/\/construcaocivil.siriusmarketingedesign.com.br\/?author=1","description":"Desde de 2013, levando muitas informa\u00e7\u00f5es, lan\u00e7amentos e produtos de qualidade para toda cadeia produtiva da constru\u00e7\u00e3o. O Futuro da constru\u00e7\u00e3o passa por aqui,"},"uagb_featured_image_src":{"full":false,"thumbnail":false,"medium":false,"medium_large":false,"large":false,"1536x1536":false,"2048x2048":false},"uagb_author_info":{"display_name":"Jornal da Constru\u00e7\u00e3o Civil","author_link":"https:\/\/construcaocivil.siriusmarketingedesign.com.br\/?author=1"},"uagb_comment_info":0,"uagb_excerpt":"Rio 2016\u00a0 Agosto, 2016 &#8211; Quando a jovem Anne Marcelle Gomes dos Santos entrar nesta quinta-feira (11\/08) na quadra do Tiro com Arco, no Samb\u00f3dromo, pelos Jogos Ol\u00edmpicos Rio 2016, a participa\u00e7\u00e3o coroa uma iniciativa bem sucedida de forma\u00e7\u00e3o de atletas dentro das escolas. Gra\u00e7as a um projeto de base iniciado pela Prefeitura em Maric\u00e1,&hellip;","_links":{"self":[{"href":"https:\/\/construcaocivil.siriusmarketingedesign.com.br\/index.php?rest_route=\/wp\/v2\/posts\/3041","targetHints":{"allow":["GET"]}}],"collection":[{"href":"https:\/\/construcaocivil.siriusmarketingedesign.com.br\/index.php?rest_route=\/wp\/v2\/posts"}],"about":[{"href":"https:\/\/construcaocivil.siriusmarketingedesign.com.br\/index.php?rest_route=\/wp\/v2\/types\/post"}],"author":[{"embeddable":true,"href":"https:\/\/construcaocivil.siriusmarketingedesign.com.br\/index.php?rest_route=\/wp\/v2\/users\/1"}],"replies":[{"embeddable":true,"href":"https:\/\/construcaocivil.siriusmarketingedesign.com.br\/index.php?rest_route=%2Fwp%2Fv2%2Fcomments&post=3041"}],"version-history":[{"count":0,"href":"https:\/\/construcaocivil.siriusmarketingedesign.com.br\/index.php?rest_route=\/wp\/v2\/posts\/3041\/revisions"}],"wp:attachment":[{"href":"https:\/\/construcaocivil.siriusmarketingedesign.com.br\/index.php?rest_route=%2Fwp%2Fv2%2Fmedia&parent=3041"}],"wp:term":[{"taxonomy":"category","embeddable":true,"href":"https:\/\/construcaocivil.siriusmarketingedesign.com.br\/index.php?rest_route=%2Fwp%2Fv2%2Fcategories&post=3041"},{"taxonomy":"post_tag","embeddable":true,"href":"https:\/\/construcaocivil.siriusmarketingedesign.com.br\/index.php?rest_route=%2Fwp%2Fv2%2Ftags&post=3041"}],"curies":[{"name":"wp","href":"https:\/\/api.w.org\/{rel}","templated":true}]}}