{"id":3046,"date":"2016-08-11T21:34:46","date_gmt":"2016-08-11T21:34:46","guid":{"rendered":"http:\/\/www.jornaldaconstrucaocivil.com.br\/?p=3046"},"modified":"2016-08-11T21:34:46","modified_gmt":"2016-08-11T21:34:46","slug":"presidente-interino-michel-temer-propoe-a-criacao-de-forum-permanente-para-dialogar-com-a-construcao-civil","status":"publish","type":"post","link":"https:\/\/construcaocivil.siriusmarketingedesign.com.br\/?p=3046","title":{"rendered":"Presidente interino, Michel Temer, prop\u00f5e a cria\u00e7\u00e3o de f\u00f3rum permanente para dialogar com a constru\u00e7\u00e3o civil"},"content":{"rendered":"<p><span style=\"color: #800080;\">Economia\u00a0<\/span><\/p>\n<p><span style=\"color: #993300;\">Agosto, 2016 &#8211;<\/span><span style=\"color: #000000;\"> O presidente em exerc\u00edcio, Michel Temer, prop\u00f4s hoje (11\/08) a cria\u00e7\u00e3o de um f\u00f3rum permanente de di\u00e1logo entre a Presid\u00eancia da Rep\u00fablica e representantes da constru\u00e7\u00e3o civil. O grupo a ser criado reunir-se-\u00e1 a cada 45 dias, no gabinete do Pal\u00e1cio, para avaliar o andamento das a\u00e7\u00f5es do destinadas ao setor. O an\u00fancio foi feito durante o<strong><span style=\"color: #000080;\"> \u201cEncontro com a Constru\u00e7\u00e3o Civil \u2013 Unindo for\u00e7as para construir o futuro do Brasil\u201d<\/span><\/strong>, que reuniu, no Pal\u00e1cio do Planalto, em Bras\u00edlia mais de 800 representantes de todos os segmentos do ciclo produtivo do setor, vindos de todos os 27 Estados brasileiros.<em> \u201cN\u00e3o h\u00e1 prosperidade sem a constru\u00e7\u00e3o civil\u201d<\/em>, afirmou Temer.<\/span><\/p>\n<figure id=\"attachment_3047\" aria-describedby=\"caption-attachment-3047\" style=\"width: 350px\" class=\"wp-caption alignleft\"><a href=\"http:\/\/www.jornaldaconstrucaocivil.com.br\/wp-content\/uploads\/2016\/08\/CBIC-HOJE.jpg\"><img loading=\"lazy\" decoding=\"async\" class=\"wp-image-3047\" src=\"http:\/\/www.jornaldaconstrucaocivil.com.br\/wp-content\/uploads\/2016\/08\/CBIC-HOJE.jpg\" alt=\"CBIC HOJE\" width=\"350\" height=\"233\" \/><\/a><figcaption id=\"caption-attachment-3047\" class=\"wp-caption-text\"><span style=\"color: #ff0000;\">Empres\u00e1rios e associados da CBIC das cinco regi\u00f5es do Pa\u00eds estiveram presentes no<span style=\"color: #0000ff;\"> \u201cEncontro com a Constru\u00e7\u00e3o Civil \u2013 Unindo for\u00e7as para construir o futuro do Brasil\u201d<\/span>. Foto: Guilherme Kardel<\/span><\/figcaption><\/figure>\n<p><span style=\"color: #000000;\">Porta-voz do setor, representando tamb\u00e9m as entidades dos demais segmentos da ind\u00fastria, o presidente da C\u00e2mara Brasileira da Ind\u00fastria da Constru\u00e7\u00e3o (CBIC), Jos\u00e9 Carlos Martins, manifestou apoio de empres\u00e1rios e trabalhadores ao governo Temer e \u00e0s medidas propostas para o Brasil recuperar a credibilidade e restabelecer um ambiente de normalidade no Pa\u00eds. <em>\u201cA constru\u00e7\u00e3o civil apoiar\u00e1 tudo o que favore\u00e7a a constru\u00e7\u00e3o de um pa\u00eds melhor\u201d<\/em>, destacou Martins.<\/span><\/p>\n<p><span style=\"color: #000000;\">O apoio tamb\u00e9m veio da classe laboral. \u201cOs trabalhadores entendem que a partir de setembro ser\u00e1 um governo que todos esperam\u201d, mencionou o deputado estadual Ant\u00f4nio Ramalho (PSDB\/SP). Ramalho destacou que o investimento no setor da constru\u00e7\u00e3o pode resolver parte do problema nacional e reafirmou a necessidade de uma agenda com o setor para desenvolver o pa\u00eds.<\/span><\/p>\n<p><span style=\"color: #000000;\">Tamb\u00e9m participaram do encontro os ministros das Cidades, Bruno Ara\u00fajo; do Trabalho e Previd\u00eancia Social, Ronaldo Nogueira; do Planejamento, Desenvolvimento e Gest\u00e3o, Dyogo de Oliveira; o presidente da Caixa Econ\u00f4mica Federal, Gilberto Occhi, entre outras autoridades e parlamentares, al\u00e9m de representantes da cadeia produtiva, mencionados no discurso do presidente da CBIC. Dentre eles, Cl\u00e1udio Elias Conz, presidente da Associa\u00e7\u00e3o Nacional dos Comerciantes de Materiais de constru\u00e7\u00e3o (Anamaco); Jos\u00e9 Roberto Bernasconi, presidente do Sindicato da Arquitetura e da Engenharia (Sinaenco), e Walter Cover, presidente da Associa\u00e7\u00e3o Brasileira da Ind\u00fastria de Materiais de Constru\u00e7\u00e3o (Abramat).<\/span><\/p>\n<p><span style=\"color: #993300;\">Fonte: Boletim CBIC<\/span><\/p>\n","protected":false},"excerpt":{"rendered":"<p>Economia\u00a0 Agosto, 2016 &#8211; O presidente em exerc\u00edcio, Michel Temer, prop\u00f4s hoje (11\/08) a cria\u00e7\u00e3o de um f\u00f3rum permanente de di\u00e1logo entre a Presid\u00eancia da Rep\u00fablica e representantes da constru\u00e7\u00e3o civil. O grupo a ser criado reunir-se-\u00e1 a cada 45 dias, no gabinete do Pal\u00e1cio, para avaliar o andamento das a\u00e7\u00f5es do destinadas ao setor. [&hellip;]<\/p>\n","protected":false},"author":1,"featured_media":3047,"comment_status":"open","ping_status":"open","sticky":false,"template":"","format":"standard","meta":{"_uag_custom_page_level_css":"","footnotes":""},"categories":[33],"tags":[340,705,1679,2029,2826,4257,7643,7750],"class_list":["post-3046","post","type-post","status-publish","format-standard","has-post-thumbnail","hentry","category-mercado","tag-abramat","tag-anamaco","tag-caixa-economica-federal","tag-cbic","tag-construcao-civil","tag-encontro-com-a-construcao-civil","tag-michel-temer","tag-ministro-das-cidades-bruno-araujo"],"blocksy_meta":[],"spectra_blocks_featured_image_url":[],"spectra_blocks_author_info":{"display_name":"Jornal da Constru\u00e7\u00e3o Civil","avatar_url":"https:\/\/secure.gravatar.com\/avatar\/973c9774fd44ddaceb026973c4962faa70fc512bc4c9da68e8ebb40fecee6540?s=96&d=mm&r=g","author_link":"https:\/\/construcaocivil.siriusmarketingedesign.com.br\/?author=1","description":"Desde de 2013, levando muitas informa\u00e7\u00f5es, lan\u00e7amentos e produtos de qualidade para toda cadeia produtiva da constru\u00e7\u00e3o. O Futuro da constru\u00e7\u00e3o passa por aqui,"},"uagb_featured_image_src":{"full":false,"thumbnail":false,"medium":false,"medium_large":false,"large":false,"1536x1536":false,"2048x2048":false},"uagb_author_info":{"display_name":"Jornal da Constru\u00e7\u00e3o Civil","author_link":"https:\/\/construcaocivil.siriusmarketingedesign.com.br\/?author=1"},"uagb_comment_info":0,"uagb_excerpt":"Economia\u00a0 Agosto, 2016 &#8211; O presidente em exerc\u00edcio, Michel Temer, prop\u00f4s hoje (11\/08) a cria\u00e7\u00e3o de um f\u00f3rum permanente de di\u00e1logo entre a Presid\u00eancia da Rep\u00fablica e representantes da constru\u00e7\u00e3o civil. O grupo a ser criado reunir-se-\u00e1 a cada 45 dias, no gabinete do Pal\u00e1cio, para avaliar o andamento das a\u00e7\u00f5es do destinadas ao setor.&hellip;","_links":{"self":[{"href":"https:\/\/construcaocivil.siriusmarketingedesign.com.br\/index.php?rest_route=\/wp\/v2\/posts\/3046","targetHints":{"allow":["GET"]}}],"collection":[{"href":"https:\/\/construcaocivil.siriusmarketingedesign.com.br\/index.php?rest_route=\/wp\/v2\/posts"}],"about":[{"href":"https:\/\/construcaocivil.siriusmarketingedesign.com.br\/index.php?rest_route=\/wp\/v2\/types\/post"}],"author":[{"embeddable":true,"href":"https:\/\/construcaocivil.siriusmarketingedesign.com.br\/index.php?rest_route=\/wp\/v2\/users\/1"}],"replies":[{"embeddable":true,"href":"https:\/\/construcaocivil.siriusmarketingedesign.com.br\/index.php?rest_route=%2Fwp%2Fv2%2Fcomments&post=3046"}],"version-history":[{"count":0,"href":"https:\/\/construcaocivil.siriusmarketingedesign.com.br\/index.php?rest_route=\/wp\/v2\/posts\/3046\/revisions"}],"wp:attachment":[{"href":"https:\/\/construcaocivil.siriusmarketingedesign.com.br\/index.php?rest_route=%2Fwp%2Fv2%2Fmedia&parent=3046"}],"wp:term":[{"taxonomy":"category","embeddable":true,"href":"https:\/\/construcaocivil.siriusmarketingedesign.com.br\/index.php?rest_route=%2Fwp%2Fv2%2Fcategories&post=3046"},{"taxonomy":"post_tag","embeddable":true,"href":"https:\/\/construcaocivil.siriusmarketingedesign.com.br\/index.php?rest_route=%2Fwp%2Fv2%2Ftags&post=3046"}],"curies":[{"name":"wp","href":"https:\/\/api.w.org\/{rel}","templated":true}]}}