{"id":3050,"date":"2016-08-11T21:47:01","date_gmt":"2016-08-11T21:47:01","guid":{"rendered":"http:\/\/www.jornaldaconstrucaocivil.com.br\/?p=3050"},"modified":"2016-08-11T21:47:01","modified_gmt":"2016-08-11T21:47:01","slug":"greenbuilding-brasil-2016-registra-cerca-de-mil-visitantes-na-plenaria-de-abertura-e-palestras-em-primeiro-dia-de-evento","status":"publish","type":"post","link":"https:\/\/construcaocivil.siriusmarketingedesign.com.br\/?p=3050","title":{"rendered":"Greenbuilding Brasil 2016 registra cerca de mil visitantes na plen\u00e1ria de abertura e palestras em primeiro dia de evento"},"content":{"rendered":"<p><span style=\"color: #000080;\"><strong>Constru\u00e7\u00e3o verde continua em debate nesta quarta tratando de materiais sustent\u00e1veis, consumo consciente de \u00e1gua e energia e estrat\u00e9gias para o desenvolvimento urbano de baixo carbono<\/strong><\/span><\/p>\n<p><span style=\"color: #000000;\"><span style=\"color: #800080;\">S\u00e3o Paulo, 2016 &#8211;<\/span> A aten\u00e7\u00e3o para com o meio ambiente e as formas de desenvolvimento sustent\u00e1vel vem sendo muito discutidas em m\u00faltiplas quest\u00f5es e cen\u00e1rios. Na abertura da Greenbuilding Brasil Confer\u00eancia Internacional e Expo 2016, na ter\u00e7a-feira (09), Felipe Faria, CEO do GBC Brasil, ressaltou a for\u00e7a e o poder da contribui\u00e7\u00e3o de cada um para a evolu\u00e7\u00e3o do movimento.<\/span><\/p>\n<p><span style=\"color: #000000;\">\u201cHoje somos 800 empresas e in\u00fameros parceiros entre associa\u00e7\u00f5es profissionais, academia e poder p\u00fablico e estamos vencendo juntos a maior barreira na promo\u00e7\u00e3o da sustentabilidade, que \u00e9 a falta de informa\u00e7\u00e3o. Buscamos o desenvolvimento em tr\u00eas pilares, o social, o ambiental e o econ\u00f4mico. No ano passado, durante o COP Paris, tivemos o Building Day dentro da programa\u00e7\u00e3o oficial do evento gerando uma pol\u00edtica global de efici\u00eancia energ\u00e9tica em edifica\u00e7\u00f5es para reduzir a emiss\u00e3o de CO2 at\u00e9 2050. Mais recentemente, a abertura dos Jogos Ol\u00edmpicos do Rio de Janeiro tratou do meio ambiente e sua preserva\u00e7\u00e3o. E qual vem sendo o nosso papel? Registramos o melhor quadrimestre em pedidos de certifica\u00e7\u00e3o desde 2012, com 81 novos projetos e um total de 1120 registrados, sendo 335 j\u00e1 certificados com excelentes exemplos em LEED, Referencial Casa e empreendimentos net zero energy\u201d, disse Faria em seu discurso.<\/span><\/p>\n<p><span style=\"color: #000000;\">As considera\u00e7\u00f5es do CEO, na s\u00e9tima edi\u00e7\u00e3o do evento considerado o mais importante da constru\u00e7\u00e3o sustent\u00e1vel da Am\u00e9rica Latina, foram precedidas da apresenta\u00e7\u00e3o de Mahesh Ramanujam, CEO do USGBC, que mostrou o cen\u00e1rio da constru\u00e7\u00e3o sustent\u00e1vel no mundo e as metas da organiza\u00e7\u00e3o para os pr\u00f3ximos anos. \u201cEmpreendimentos que pensem na sa\u00fade e bem-estar da popula\u00e7\u00e3o que usufrui do espa\u00e7o n\u00e3o s\u00e3o privil\u00e9gios. \u00c9 um direito, \u00e9 poss\u00edvel e j\u00e1 est\u00e1 se transformando em realidade\u201d, disse Ramanujam.<\/span><\/p>\n<p><span style=\"color: #000000;\">O arquiteto italiano Michele Olivieri, tamb\u00e9m palestrante da abertura da feira, mostrou a experi\u00eancia da It\u00e1lia em projetos sustent\u00e1veis e a utiliza\u00e7\u00e3o de novas possibilidades, bem como a criatividade, para solu\u00e7\u00f5es que respeitem e utilizem o meio ambiente a seu favor.<\/span><\/p>\n<p><span style=\"color: #000000;\">Nesta quarta-feira, segundo dia de evento, os destaques ser\u00e3o as sess\u00f5es educacionais que abordar\u00e3o, entre outros assuntos, estrat\u00e9gias de desenvolvimento urbano de baixo carbono no pa\u00eds, com a presen\u00e7a de Maur\u00edcio Guerra, representante da Prefeitura de Recife para falar das a\u00e7\u00f5es em estudo na cidade.<\/span><\/p>\n<p><span style=\"color: #000000;\">A tarde continua com um estudo de caso sobre condom\u00ednios horizontais e verticais e o projeto piloto de certifica\u00e7\u00e3o desses, al\u00e9m das apresenta\u00e7\u00f5es da gera\u00e7\u00e3o distribu\u00edda de energia solar e dos pontos fundamentais para obter uma real efici\u00eancia energ\u00e9tica em empreendimentos.<\/span><\/p>\n<p><span style=\"color: #000000;\">A Greenbuilding Brasil 2016 acontece at\u00e9 amanh\u00e3, quinta-feira, no SP Expo Exhibition &amp; Convention Center. No primeiro dia da feira, ter\u00e7a (09), os destaques foram a palestra especial de abertura com Joaquim Barbosa, sobre o poder da transforma\u00e7\u00e3o de cada um e a import\u00e2ncia da \u00e9tica e responsabilidade nos neg\u00f3cios, e as sess\u00f5es educacionais sobre opera\u00e7\u00f5es sustent\u00e1veis pioneiras, efici\u00eancia energ\u00e9tica em grandes grupos, como Saint Gobain e P\u00e3o de A\u00e7\u00facar, cidades mais ativas e possibilidades de gerenciamento para zerar res\u00edduos em edifica\u00e7\u00f5es.<\/span><\/p>\n<p><strong><span style=\"color: #000000;\">Servi\u00e7o<\/span><\/strong><\/p>\n<p><span style=\"color: #993300;\">Greenbuilding Brasil Confer\u00eancia Internacional &amp; Expo 2016<\/span><\/p>\n<p><span style=\"color: #993300;\">Data: 9 a 11 de agosto de 2016<\/span><\/p>\n<p><span style=\"color: #993300;\">Hor\u00e1rio da Exposi\u00e7\u00e3o: 10h \u00e0s 20h<\/span><\/p>\n<p><span style=\"color: #993300;\">Hor\u00e1rio do Congresso: 9h30 \u00e0s 18h30<\/span><\/p>\n<p><span style=\"color: #993300;\">Local: SP Expo Exhibition &amp; Convention Center.<\/span><\/p>\n<p><span style=\"color: #993300;\">Endere\u00e7o: Rodovia dos Imigrantes, s\/n &#8211; Vila \u00c1gua Funda, S\u00e3o Paulo<\/span><\/p>\n","protected":false},"excerpt":{"rendered":"<p>Constru\u00e7\u00e3o verde continua em debate nesta quarta tratando de materiais sustent\u00e1veis, consumo consciente de \u00e1gua e energia e estrat\u00e9gias para o desenvolvimento urbano de baixo carbono S\u00e3o Paulo, 2016 &#8211; A aten\u00e7\u00e3o para com o meio ambiente e as formas de desenvolvimento sustent\u00e1vel vem sendo muito discutidas em m\u00faltiplas quest\u00f5es e cen\u00e1rios. Na abertura da [&hellip;]<\/p>\n","protected":false},"author":1,"featured_media":0,"comment_status":"open","ping_status":"open","sticky":false,"template":"","format":"standard","meta":{"_uag_custom_page_level_css":"","footnotes":""},"categories":[27],"tags":[2903,5619,6770,10547,10668,11389,12401],"class_list":["post-3050","post","type-post","status-publish","format-standard","hentry","category-acontece","tag-construcao-verde","tag-greenbuilding-brasil-2016","tag-leed","tag-saint-gobain","tag-sao-paulo","tag-sp-expo-exhibition-convention-center","tag-vila-agua-funda"],"blocksy_meta":[],"spectra_blocks_featured_image_url":null,"spectra_blocks_author_info":{"display_name":"Jornal da Constru\u00e7\u00e3o Civil","avatar_url":"https:\/\/secure.gravatar.com\/avatar\/973c9774fd44ddaceb026973c4962faa70fc512bc4c9da68e8ebb40fecee6540?s=96&d=mm&r=g","author_link":"https:\/\/construcaocivil.siriusmarketingedesign.com.br\/?author=1","description":"Desde de 2013, levando muitas informa\u00e7\u00f5es, lan\u00e7amentos e produtos de qualidade para toda cadeia produtiva da constru\u00e7\u00e3o. O Futuro da constru\u00e7\u00e3o passa por aqui,"},"uagb_featured_image_src":{"full":false,"thumbnail":false,"medium":false,"medium_large":false,"large":false,"1536x1536":false,"2048x2048":false},"uagb_author_info":{"display_name":"Jornal da Constru\u00e7\u00e3o Civil","author_link":"https:\/\/construcaocivil.siriusmarketingedesign.com.br\/?author=1"},"uagb_comment_info":0,"uagb_excerpt":"Constru\u00e7\u00e3o verde continua em debate nesta quarta tratando de materiais sustent\u00e1veis, consumo consciente de \u00e1gua e energia e estrat\u00e9gias para o desenvolvimento urbano de baixo carbono S\u00e3o Paulo, 2016 &#8211; A aten\u00e7\u00e3o para com o meio ambiente e as formas de desenvolvimento sustent\u00e1vel vem sendo muito discutidas em m\u00faltiplas quest\u00f5es e cen\u00e1rios. Na abertura da&hellip;","_links":{"self":[{"href":"https:\/\/construcaocivil.siriusmarketingedesign.com.br\/index.php?rest_route=\/wp\/v2\/posts\/3050","targetHints":{"allow":["GET"]}}],"collection":[{"href":"https:\/\/construcaocivil.siriusmarketingedesign.com.br\/index.php?rest_route=\/wp\/v2\/posts"}],"about":[{"href":"https:\/\/construcaocivil.siriusmarketingedesign.com.br\/index.php?rest_route=\/wp\/v2\/types\/post"}],"author":[{"embeddable":true,"href":"https:\/\/construcaocivil.siriusmarketingedesign.com.br\/index.php?rest_route=\/wp\/v2\/users\/1"}],"replies":[{"embeddable":true,"href":"https:\/\/construcaocivil.siriusmarketingedesign.com.br\/index.php?rest_route=%2Fwp%2Fv2%2Fcomments&post=3050"}],"version-history":[{"count":0,"href":"https:\/\/construcaocivil.siriusmarketingedesign.com.br\/index.php?rest_route=\/wp\/v2\/posts\/3050\/revisions"}],"wp:attachment":[{"href":"https:\/\/construcaocivil.siriusmarketingedesign.com.br\/index.php?rest_route=%2Fwp%2Fv2%2Fmedia&parent=3050"}],"wp:term":[{"taxonomy":"category","embeddable":true,"href":"https:\/\/construcaocivil.siriusmarketingedesign.com.br\/index.php?rest_route=%2Fwp%2Fv2%2Fcategories&post=3050"},{"taxonomy":"post_tag","embeddable":true,"href":"https:\/\/construcaocivil.siriusmarketingedesign.com.br\/index.php?rest_route=%2Fwp%2Fv2%2Ftags&post=3050"}],"curies":[{"name":"wp","href":"https:\/\/api.w.org\/{rel}","templated":true}]}}