{"id":3055,"date":"2016-08-15T19:53:23","date_gmt":"2016-08-15T19:53:23","guid":{"rendered":"http:\/\/www.jornaldaconstrucaocivil.com.br\/?p=3055"},"modified":"2016-08-15T19:53:23","modified_gmt":"2016-08-15T19:53:23","slug":"wago-lanca-pedra-fundamental-em-jundiai","status":"publish","type":"post","link":"https:\/\/construcaocivil.siriusmarketingedesign.com.br\/?p=3055","title":{"rendered":"WAGO lan\u00e7a pedra fundamental em Jundia\u00ed"},"content":{"rendered":"<p><span style=\"color: #000080;\"><strong>Nova sede da empresa ter\u00e1 3,2 mil m2 de \u00e1rea constru\u00edda na primeira fase e in\u00edcio de opera\u00e7\u00e3o previsto para fevereiro de 2017<\/strong><\/span><\/p>\n<p><span style=\"color: #000000;\">No dia 11 de agosto, a WAGO, empresa alem\u00e3 especializada em conex\u00f5es el\u00e9tricas e automa\u00e7\u00e3o, consolidou sua presen\u00e7a de 10 anos no mercado nacional com o lan\u00e7amento da pedra fundamental de sua sede pr\u00f3pria, em Jundia\u00ed (SP). O empreendimento, previsto para come\u00e7ar a operar em fevereiro de 2017, triplicar\u00e1 a capacidade de estoque e de produ\u00e7\u00e3o de montagem de r\u00e9guas de bornes da empresa, al\u00e9m de comportar n\u00famero maior de funcion\u00e1rios no escrit\u00f3rio administrativo, podendo chegar a 150 colaboradores.<\/span><\/p>\n<figure id=\"attachment_3056\" aria-describedby=\"caption-attachment-3056\" style=\"width: 336px\" class=\"wp-caption alignleft\"><a href=\"http:\/\/www.jornaldaconstrucaocivil.com.br\/wp-content\/uploads\/2016\/08\/WAGO-Pedra-Fundamental-4_4470.jpg\"><img loading=\"lazy\" decoding=\"async\" class=\"wp-image-3056\" src=\"http:\/\/www.jornaldaconstrucaocivil.com.br\/wp-content\/uploads\/2016\/08\/WAGO-Pedra-Fundamental-4_4470-1024x739.jpg\" alt=\"WAGO Pedra Fundamental (4)_4470\" width=\"336\" height=\"242\" \/><\/a><figcaption id=\"caption-attachment-3056\" class=\"wp-caption-text\"><span style=\"color: #800080;\">Wago lan\u00e7a Pedra Fundamental da nova sede no Brasil em Jundia\u00ed(SP).<span style=\"color: #ff0000;\"> Foto: Divulga\u00e7\u00e3o<\/span><\/span><\/figcaption><\/figure>\n<p><span style=\"color: #000000;\">Localizada \u00e0s margens da Rodovia Dom Gabriel, no Condom\u00ednio Industrial Multivias II, a nova sede totalizar\u00e1 3,2 mil m2 de \u00e1rea constru\u00edda, na primeira etapa, em terreno de 16 mil m2. A escolha do local foi motivada, principalmente, pela proximidade com a atual planta, em Itupeva (SP), a fim de manter o quadro de funcion\u00e1rios. Outros fatores que contribu\u00edram para a defini\u00e7\u00e3o foram o fato de ser uma regi\u00e3o com m\u00e3o de obra qualificada para apoiar o crescimento futuro e a quest\u00e3o log\u00edstica, j\u00e1 que est\u00e1 pr\u00f3ximo das Rodovias Bandeirantes e Anhanguera e no meio do trajeto entre S\u00e3o Paulo e Campinas, onde est\u00e3o os principais aeroportos.<\/span><\/p>\n<p><span style=\"color: #000000;\">Em fase de funda\u00e7\u00e3o da estrutura, iniciada em julho \u00faltimo, o novo pr\u00e9dio, desenhado para ser sustent\u00e1vel, contar\u00e1 com tecnologia de automa\u00e7\u00e3o predial da WAGO. O projeto, desenvolvido em conjunto com a matriz alem\u00e3, prev\u00ea sistema de controle de ilumina\u00e7\u00e3o baseado em rede DALI \u2013 sistema de ilumina\u00e7\u00e3o com lumin\u00e1rias dimeriz\u00e1veis \u2013, controle de utilidades, al\u00e9m de ar\u2013condicionado e medi\u00e7\u00e3o de energia totalmente integrados. \u201cCom isso, teremos redu\u00e7\u00e3o no consumo de recursos e, tamb\u00e9m, proporcionaremos maior conforto aos usu\u00e1rios da planta, seguindo os preceitos de sustentabilidade, fundamentais dentro da filosofia da WAGO\u201d, pontuou Marcos Salmi, diretor geral da WAGO Brasil.<\/span><\/p>\n<p><span style=\"color: #000000;\">Estruturalmente, a nova sede est\u00e1 sendo concebida considerando quatro etapas para acomodar futuras expans\u00f5es. Nesta primeira fase, a constru\u00e7\u00e3o contar\u00e1 com centro de distribui\u00e7\u00e3o, Customer Support (atendimento t\u00e9cnico e comercial a clientes e parceiros), \u00e1rea de configura\u00e7\u00e3o e montagem de r\u00e9guas de bornes, \u00e1rea administrativa e financeira e espa\u00e7o \u00fatil para fabrica\u00e7\u00e3o local t\u00e3o logo surja a necessidade. Com todos os est\u00e1gios finalizados, ter\u00e1 capacidade para acomodar at\u00e9 1.000 funcion\u00e1rios.<\/span><\/p>\n<p><span style=\"color: #000000;\"><strong>Direto da Alemanha<\/strong><\/span><\/p>\n<p><span style=\"color: #000000;\">A cerim\u00f4nia que marcou o lan\u00e7amento da pedra fundamental contou com a presen\u00e7a de colaboradores da WAGO \u2013 cada departamento escolheu um representante para acompanhar o evento \u2013, de gestores das \u00e1reas estrat\u00e9gicas da empresa, do diretor da opera\u00e7\u00e3o brasileira, Marcos Salmi, al\u00e9m de Axel B\u00f6rner, CFO da WAGO Alemanha, que veio ao pa\u00eds especialmente para a ocasi\u00e3o.<\/span><\/p>\n<p><span style=\"color: #000000;\"><em>\u201cA WAGO aposta no Brasil como local estrat\u00e9gico para a consolida\u00e7\u00e3o de seus neg\u00f3cios. Temos aqui um grande n\u00famero de clientes globais com produ\u00e7\u00e3o local que precisamos apoiar. Nestes 10 anos de opera\u00e7\u00e3o, conquistamos resultados muito satisfat\u00f3rios e nos tornamos bastante competitivos no mercado. A evolu\u00e7\u00e3o das atividades tem sido t\u00e3o representativa que n\u00e3o tivemos d\u00favidas em investir em algo maior, vislumbrando futuro promissor. Estamos convictos que a WAGO Brasil \u00e9 um caminho sem volta. Que venha a nova sede e os pr\u00f3ximos 10 anos\u201d<\/em>, comemorou o diretor financeiro global.<\/span><\/p>\n<p><span style=\"color: #000000;\"><strong>C\u00e1psula do tempo<\/strong><\/span><\/p>\n<p><span style=\"color: #000000;\">O 11 de agosto de 2016 entrar\u00e1 para a hist\u00f3ria da WAGO Brasil. Um jornal brasileiro e um alem\u00e3o, um jornal da cidade de Jundia\u00ed, todos com a data de hoje, uma foto do pr\u00e9dio ocupado atualmente em Itupeva e dos funcion\u00e1rios, alguns dos principais cat\u00e1logos e produtos da empresa \u2013 conector autom\u00e1tico 222, borne TOPJOB\u00aeS e cart\u00e3o de I\/O (m\u00f3dulo de entrada e sa\u00edda) da linha 750 \u2013, c\u00e9dulas de Real e de Euro, al\u00e9m de duas cartas falando sobre a WAGO atual e as expectativas para o futuro, redigidas pelo CEO da WAGO, Sven Hohorst, e pelo diretor geral da WAGO Brasil, Marcos Salmi, foram colocados em uma \u201cc\u00e1psula do tempo\u201d, inserida na caixa de concreto que representa a pedra fundamental da primeira sede pr\u00f3pria no pa\u00eds.<\/span><\/p>\n<p><span style=\"color: #000000;\">Com previs\u00e3o para ser aberta daqui a 25 anos, a c\u00e1psula ficar\u00e1 exposta em um jardim de inverno no showroom do novo pr\u00e9dio, em um monumento que ser\u00e1 feito em homenagem \u00e0 mola que equipa os conectores WAGO, inven\u00e7\u00e3o da empresa alem\u00e3. A ideia, tanto da c\u00e1psula como do monumento, foi inspirada em iniciativas j\u00e1 realizadas pela matriz. <em>\u201c\u00c9 uma maneira de nos conectarmos com o futuro. Desejamos que at\u00e9 l\u00e1 o Brasil e o mundo sejam melhores para os nossos filhos e trabalharemos para que a WAGO Brasil se estabele\u00e7a como pot\u00eancia em suas \u00e1reas de atua\u00e7\u00e3o no mercado brasileiro&#8221;<\/em>, ressaltou Salmi.<\/span><\/p>\n<p><span style=\"color: #000000;\">Mais Informa\u00e7\u00f5es acesse:<\/span><span style=\"color: #0000ff;\">\u00a0<em>www.wago.com.br<\/em><\/span><\/p>\n<p>&nbsp;<\/p>\n","protected":false},"excerpt":{"rendered":"<p>Nova sede da empresa ter\u00e1 3,2 mil m2 de \u00e1rea constru\u00edda na primeira fase e in\u00edcio de opera\u00e7\u00e3o previsto para fevereiro de 2017 No dia 11 de agosto, a WAGO, empresa alem\u00e3 especializada em conex\u00f5es el\u00e9tricas e automa\u00e7\u00e3o, consolidou sua presen\u00e7a de 10 anos no mercado nacional com o lan\u00e7amento da pedra fundamental de sua [&hellip;]<\/p>\n","protected":false},"author":1,"featured_media":3056,"comment_status":"open","ping_status":"open","sticky":false,"template":"","format":"standard","meta":{"_uag_custom_page_level_css":"","footnotes":""},"categories":[33],"tags":[589,6310,6598,7275,8211,10668,11069,12488],"class_list":["post-3055","post","type-post","status-publish","format-standard","has-post-thumbnail","hentry","category-mercado","tag-alemanha","tag-investimentos","tag-jundiaisp","tag-marcos-salmi","tag-nova-sede","tag-sao-paulo","tag-showroom","tag-wago"],"blocksy_meta":[],"spectra_blocks_featured_image_url":[],"spectra_blocks_author_info":{"display_name":"Jornal da Constru\u00e7\u00e3o Civil","avatar_url":"https:\/\/secure.gravatar.com\/avatar\/973c9774fd44ddaceb026973c4962faa70fc512bc4c9da68e8ebb40fecee6540?s=96&d=mm&r=g","author_link":"https:\/\/construcaocivil.siriusmarketingedesign.com.br\/?author=1","description":"Desde de 2013, levando muitas informa\u00e7\u00f5es, lan\u00e7amentos e produtos de qualidade para toda cadeia produtiva da constru\u00e7\u00e3o. O Futuro da constru\u00e7\u00e3o passa por aqui,"},"uagb_featured_image_src":{"full":false,"thumbnail":false,"medium":false,"medium_large":false,"large":false,"1536x1536":false,"2048x2048":false},"uagb_author_info":{"display_name":"Jornal da Constru\u00e7\u00e3o Civil","author_link":"https:\/\/construcaocivil.siriusmarketingedesign.com.br\/?author=1"},"uagb_comment_info":0,"uagb_excerpt":"Nova sede da empresa ter\u00e1 3,2 mil m2 de \u00e1rea constru\u00edda na primeira fase e in\u00edcio de opera\u00e7\u00e3o previsto para fevereiro de 2017 No dia 11 de agosto, a WAGO, empresa alem\u00e3 especializada em conex\u00f5es el\u00e9tricas e automa\u00e7\u00e3o, consolidou sua presen\u00e7a de 10 anos no mercado nacional com o lan\u00e7amento da pedra fundamental de sua&hellip;","_links":{"self":[{"href":"https:\/\/construcaocivil.siriusmarketingedesign.com.br\/index.php?rest_route=\/wp\/v2\/posts\/3055","targetHints":{"allow":["GET"]}}],"collection":[{"href":"https:\/\/construcaocivil.siriusmarketingedesign.com.br\/index.php?rest_route=\/wp\/v2\/posts"}],"about":[{"href":"https:\/\/construcaocivil.siriusmarketingedesign.com.br\/index.php?rest_route=\/wp\/v2\/types\/post"}],"author":[{"embeddable":true,"href":"https:\/\/construcaocivil.siriusmarketingedesign.com.br\/index.php?rest_route=\/wp\/v2\/users\/1"}],"replies":[{"embeddable":true,"href":"https:\/\/construcaocivil.siriusmarketingedesign.com.br\/index.php?rest_route=%2Fwp%2Fv2%2Fcomments&post=3055"}],"version-history":[{"count":0,"href":"https:\/\/construcaocivil.siriusmarketingedesign.com.br\/index.php?rest_route=\/wp\/v2\/posts\/3055\/revisions"}],"wp:attachment":[{"href":"https:\/\/construcaocivil.siriusmarketingedesign.com.br\/index.php?rest_route=%2Fwp%2Fv2%2Fmedia&parent=3055"}],"wp:term":[{"taxonomy":"category","embeddable":true,"href":"https:\/\/construcaocivil.siriusmarketingedesign.com.br\/index.php?rest_route=%2Fwp%2Fv2%2Fcategories&post=3055"},{"taxonomy":"post_tag","embeddable":true,"href":"https:\/\/construcaocivil.siriusmarketingedesign.com.br\/index.php?rest_route=%2Fwp%2Fv2%2Ftags&post=3055"}],"curies":[{"name":"wp","href":"https:\/\/api.w.org\/{rel}","templated":true}]}}