{"id":3064,"date":"2016-08-15T21:16:09","date_gmt":"2016-08-15T21:16:09","guid":{"rendered":"http:\/\/www.jornaldaconstrucaocivil.com.br\/?p=3064"},"modified":"2016-08-15T21:16:09","modified_gmt":"2016-08-15T21:16:09","slug":"setor-da-construcao-comemora-dia-nacional-da-construcao-social-no-dia-27-de-agosto-de-2016","status":"publish","type":"post","link":"https:\/\/construcaocivil.siriusmarketingedesign.com.br\/?p=3064","title":{"rendered":"Setor da constru\u00e7\u00e3o comemora Dia Nacional da Constru\u00e7\u00e3o Social no dia 27 de agosto de 2016"},"content":{"rendered":"<p><span style=\"color: #000080;\"><strong>Com o tema Valores Constroem, o <span style=\"color: #993300;\">Dia Nacional da Constru\u00e7\u00e3o Social (DNCS) de 2016<\/span> ser\u00e1 realizado no pr\u00f3ximo dia 27 de agosto, em 32 localidades, e visa resgatar conceitos indispens\u00e1veis para a conviv\u00eancia em sociedade.<\/strong><\/span><\/p>\n<p><a href=\"http:\/\/www.jornaldaconstrucaocivil.com.br\/wp-content\/uploads\/2016\/08\/SECONCI.jpg\"><img loading=\"lazy\" decoding=\"async\" class=\"wp-image-3065 alignleft\" src=\"http:\/\/www.jornaldaconstrucaocivil.com.br\/wp-content\/uploads\/2016\/08\/SECONCI.jpg\" alt=\"SECONCI\" width=\"429\" height=\"152\" \/><\/a><\/p>\n<p><span style=\"color: #000000;\"> A a\u00e7\u00e3o da ind\u00fastria da constru\u00e7\u00e3o \u00e9 destinada \u00e0 promo\u00e7\u00e3o do conceito de responsabilidade social empresarial. O DNCS \u00e9 um dia de servi\u00e7o gratuito dedicado exclusivamente aos trabalhadores do setor e seus familiares nas \u00e1reas de sa\u00fade, lazer, cidadania e educa\u00e7\u00e3o, al\u00e9m de oferecer atividades recreativas, esportivas e culturais. <\/span><\/p>\n<p><span style=\"color: #000000;\">Promovido pela C\u00e2mara Brasileira da Ind\u00fastria da Constru\u00e7\u00e3o (CBIC), por meio do seu F\u00f3rum de A\u00e7\u00e3o Social e Cidadania (Fasc), e pelo SESI Nacional, com apoio especial do Seconci-Brasil, o evento deste ano visa resgatar conceitos indispens\u00e1veis para a conviv\u00eancia em sociedade, como \u00e9tica, fam\u00edlia, sa\u00fade, solidariedade, gentileza, respeito, amizade, educa\u00e7\u00e3o, vida saud\u00e1vel e cultura.<\/span><\/p>\n<p><span style=\"color: #000000;\">Durante o Dia Nacional ser\u00e3o prestados diversos servi\u00e7os, como: consulta e exames m\u00e9dicos, vacina\u00e7\u00e3o, emiss\u00e3o de documentos, seguro-desemprego, assist\u00eancia jur\u00eddica, orienta\u00e7\u00e3o na defesa do consumidor, educa\u00e7\u00e3o para o trabalho, al\u00e9m de recrea\u00e7\u00e3o infantil, teatro, sorteio de brindes, festival de talentos, sess\u00f5es de gin\u00e1stica e campeonato de futebol. Em nove anos, o DNCS j\u00e1 prestou mais de 3,4 milh\u00f5es de atendimentos, beneficiando mais de 659 mil trabalhadores e familiares do setor da constru\u00e7\u00e3o. Em 2015, foram realizados mais de 272 mil atendimentos, em 35 localidades do Pa\u00eds, atendendo mais de 81 mil pessoas.<\/span><\/p>\n<p><span style=\"color: #000000;\">&#8220;O Dia Nacional da Constru\u00e7\u00e3o Social \u00e9 uma alegria para n\u00f3s empres\u00e1rios e tamb\u00e9m para os trabalhadores do nosso setor. \u00c9 um dia para confraternizar e comemorar, em fam\u00edlia, as conquistas do trabalho realizado ao longo dos meses&#8221;, destaca o presidente da CBIC, Jos\u00e9 Carlos Martins, que neste ano far\u00e1 a abertura oficial do evento no Rio de Janeiro. &#8220;Cuidar do nosso trabalhador \u00e9 a nossa miss\u00e3o e fazemos isso com empenho, para que ele se sinta valorizado e motivado a trabalhar na constru\u00e7\u00e3o do nosso Brasil&#8221;, enfatiza Martins.<\/span><\/p>\n<p><span style=\"color: #000000;\">Em 2016, 32 localidades realizar\u00e3o o DNCS. S\u00e3o elas: Rio Branco (AC), Macei\u00f3 (AL), Manaus (AM), Macap\u00e1 (AP), Salvador (BA), Fortaleza (CE), An\u00e1polis (GO), S\u00e3o Lu\u00eds (MA), Belo Horizonte (MG), Uberaba (MG), Uberl\u00e2ndia (MG), Cuiab\u00e1 (MT), Bel\u00e9m (PA), Jo\u00e3o Pessoa (PB), Teresina (PI), Cascavel (PR), Curitiba (PR), Londrina (PR), Maring\u00e1 (PR), Rio de Janeiro (RJ), Volta Redonda (RJ), Natal (RN), Mossor\u00f3 (RN), Boa Vista (RR), Bento Gon\u00e7alves (RS), Cap\u00e3o da Canoa (RS), Santa Cruz do Sul\/Vale do Rio Pardo (RS), Santa Rosa (RS), Pelotas (RS), Blumenau (SC), Brusque (SC) e Joinville (SC). Cada localidade desenvolver\u00e1 a\u00e7\u00f5es de acordo com a demanda de seus trabalhadores.<\/span><\/p>\n<p><span style=\"color: #993300;\">Fonte: Boletim CBIC\u00a0<\/span><\/p>\n","protected":false},"excerpt":{"rendered":"<p>Com o tema Valores Constroem, o Dia Nacional da Constru\u00e7\u00e3o Social (DNCS) de 2016 ser\u00e1 realizado no pr\u00f3ximo dia 27 de agosto, em 32 localidades, e visa resgatar conceitos indispens\u00e1veis para a conviv\u00eancia em sociedade. A a\u00e7\u00e3o da ind\u00fastria da constru\u00e7\u00e3o \u00e9 destinada \u00e0 promo\u00e7\u00e3o do conceito de responsabilidade social empresarial. O DNCS \u00e9 um [&hellip;]<\/p>\n","protected":false},"author":1,"featured_media":3065,"comment_status":"open","ping_status":"open","sticky":false,"template":"","format":"standard","meta":{"_uag_custom_page_level_css":"","footnotes":""},"categories":[27],"tags":[421,1560,1708,2029,3626,6554,10727,10965],"class_list":["post-3064","post","type-post","status-publish","format-standard","has-post-thumbnail","hentry","category-acontece","tag-acoes-sociais","tag-brasil-todo","tag-camara-brasileira-da-industria-da-construcao-cbic","tag-cbic","tag-dia-nacional-da-construcao-social-dncs","tag-jose-carlos-martins","tag-seconci-brasil","tag-sesi-nacional"],"blocksy_meta":[],"spectra_blocks_featured_image_url":[],"spectra_blocks_author_info":{"display_name":"Jornal da Constru\u00e7\u00e3o Civil","avatar_url":"https:\/\/secure.gravatar.com\/avatar\/973c9774fd44ddaceb026973c4962faa70fc512bc4c9da68e8ebb40fecee6540?s=96&d=mm&r=g","author_link":"https:\/\/construcaocivil.siriusmarketingedesign.com.br\/?author=1","description":"Desde de 2013, levando muitas informa\u00e7\u00f5es, lan\u00e7amentos e produtos de qualidade para toda cadeia produtiva da constru\u00e7\u00e3o. O Futuro da constru\u00e7\u00e3o passa por aqui,"},"uagb_featured_image_src":{"full":false,"thumbnail":false,"medium":false,"medium_large":false,"large":false,"1536x1536":false,"2048x2048":false},"uagb_author_info":{"display_name":"Jornal da Constru\u00e7\u00e3o Civil","author_link":"https:\/\/construcaocivil.siriusmarketingedesign.com.br\/?author=1"},"uagb_comment_info":0,"uagb_excerpt":"Com o tema Valores Constroem, o Dia Nacional da Constru\u00e7\u00e3o Social (DNCS) de 2016 ser\u00e1 realizado no pr\u00f3ximo dia 27 de agosto, em 32 localidades, e visa resgatar conceitos indispens\u00e1veis para a conviv\u00eancia em sociedade. A a\u00e7\u00e3o da ind\u00fastria da constru\u00e7\u00e3o \u00e9 destinada \u00e0 promo\u00e7\u00e3o do conceito de responsabilidade social empresarial. O DNCS \u00e9 um&hellip;","_links":{"self":[{"href":"https:\/\/construcaocivil.siriusmarketingedesign.com.br\/index.php?rest_route=\/wp\/v2\/posts\/3064","targetHints":{"allow":["GET"]}}],"collection":[{"href":"https:\/\/construcaocivil.siriusmarketingedesign.com.br\/index.php?rest_route=\/wp\/v2\/posts"}],"about":[{"href":"https:\/\/construcaocivil.siriusmarketingedesign.com.br\/index.php?rest_route=\/wp\/v2\/types\/post"}],"author":[{"embeddable":true,"href":"https:\/\/construcaocivil.siriusmarketingedesign.com.br\/index.php?rest_route=\/wp\/v2\/users\/1"}],"replies":[{"embeddable":true,"href":"https:\/\/construcaocivil.siriusmarketingedesign.com.br\/index.php?rest_route=%2Fwp%2Fv2%2Fcomments&post=3064"}],"version-history":[{"count":0,"href":"https:\/\/construcaocivil.siriusmarketingedesign.com.br\/index.php?rest_route=\/wp\/v2\/posts\/3064\/revisions"}],"wp:attachment":[{"href":"https:\/\/construcaocivil.siriusmarketingedesign.com.br\/index.php?rest_route=%2Fwp%2Fv2%2Fmedia&parent=3064"}],"wp:term":[{"taxonomy":"category","embeddable":true,"href":"https:\/\/construcaocivil.siriusmarketingedesign.com.br\/index.php?rest_route=%2Fwp%2Fv2%2Fcategories&post=3064"},{"taxonomy":"post_tag","embeddable":true,"href":"https:\/\/construcaocivil.siriusmarketingedesign.com.br\/index.php?rest_route=%2Fwp%2Fv2%2Ftags&post=3064"}],"curies":[{"name":"wp","href":"https:\/\/api.w.org\/{rel}","templated":true}]}}