{"id":3089,"date":"2016-08-17T22:55:59","date_gmt":"2016-08-17T22:55:59","guid":{"rendered":"http:\/\/www.jornaldaconstrucaocivil.com.br\/?p=3089"},"modified":"2016-08-17T22:55:59","modified_gmt":"2016-08-17T22:55:59","slug":"mercado-livre-de-energia-e-tema-de-seminario-na-abimaq","status":"publish","type":"post","link":"https:\/\/construcaocivil.siriusmarketingedesign.com.br\/?p=3089","title":{"rendered":"Mercado livre de energia \u00e9 tema de semin\u00e1rio na ABIMAQ"},"content":{"rendered":"<p><span style=\"color: #000080;\"><strong>Evento apresentou os potenciais do mercado livre de energia aos consumidores interessados em migrar para este tipo de contrata\u00e7\u00e3o<\/strong><\/span><\/p>\n<p><span style=\"color: #993300;\">Agosto, 2016<\/span> &#8211; <span style=\"color: #000000;\">Com o objetivo de debater alternativas para reduzir os gastos com energia, os aspectos pr\u00e1ticos sobre a migra\u00e7\u00e3o do mercado cativo para o livre de energia e as perspectivas para o setor, a ABIMAQ e a ABRACEEL (Associa\u00e7\u00e3o Brasileira dos Comercializadores de Energia) realizaram o semin\u00e1rio <span style=\"color: #993300;\">\u201cMercado Livre de Energia\u201d<\/span>, no dia 05 de julho, na sede da ABIMAQ.<\/span><\/p>\n<figure id=\"attachment_3090\" aria-describedby=\"caption-attachment-3090\" style=\"width: 276px\" class=\"wp-caption alignleft\"><a href=\"http:\/\/www.jornaldaconstrucaocivil.com.br\/wp-content\/uploads\/2016\/08\/mercado-livre-de-energia-ABIMAQ-II.jpg\"><img loading=\"lazy\" decoding=\"async\" class=\"wp-image-3090\" src=\"http:\/\/www.jornaldaconstrucaocivil.com.br\/wp-content\/uploads\/2016\/08\/mercado-livre-de-energia-ABIMAQ-II.jpg\" alt=\"mercado livre de energia - ABIMAQ II\" width=\"276\" height=\"148\" \/><\/a><figcaption id=\"caption-attachment-3090\" class=\"wp-caption-text\"><span style=\"color: #800080;\">Mercado Livre de Energia foi tema de encontro na ABIMAQ. <\/span><\/figcaption><\/figure>\n<p><span style=\"color: #000000;\"><em>\u201cNesse ambiente de contrata\u00e7\u00e3o, em que o consumidor escolhe livremente seu fornecedor de energia, pode-se obter uma redu\u00e7\u00e3o significativa nas contas de luz, em compara\u00e7\u00e3o com os valores pagos no mercado cativo, cuja energia \u00e9 contratada via distribuidoras. Dessa forma, os consumidores podem aumentar sua competitividade adquirindo energia no mercado livre\u201d,<\/em> avalia Jos\u00e9 Velloso, presidente executivo da ABIMAQ.<\/span><\/p>\n<p><span style=\"color: #000000;\">De acordo com o vice-presidente da ABIMAQ, Cesar Prata, energia \u00e9 um tema que est\u00e1 constantemente presente nos debates devido \u00e0 relev\u00e2ncia mundial desse setor. \u201cA matriz energ\u00e9tica do planeta est\u00e1 mudando. Tenho certeza que as alternativas oferecidas nesse evento s\u00e3o de grande import\u00e2ncia para os consumidores de energia\u201d, comenta Prata.<\/span><\/p>\n<p><span style=\"color: #000000;\"><strong>Oportunidades<\/strong><\/span><\/p>\n<p><span style=\"color: #000000;\">Durante o semin\u00e1rio, Reginaldo Medeiros, presidente executivo da ABRACEEL, explicou as diferen\u00e7as entre os mercados cativo e livre de energia e os potenciais que este \u00faltimo oferece aos consumidores interessados.<\/span><\/p>\n<p><span style=\"color: #000000;\">\u201cComo perspectiva para o segmento industrial, o consumidor cada vez mais vai interagir com o sistema el\u00e9trico. Nesse contexto, o mercado livre de energia tem um papel central\u201d, afirmou Medeiros, dizendo que os interessados nesse mercado encontrar\u00e3o boas oportunidades no Brasil.<\/span><\/p>\n<p><span style=\"color: #000000;\">J\u00e1 o gerente executivo de Atendimento da C\u00e2mara de Comercializa\u00e7\u00e3o de Energia El\u00e9trica (CCEE), Rodolfo Aiex, explicou sobre a atua\u00e7\u00e3o da c\u00e2mara, as caracter\u00edsticas do setor el\u00e9trico brasileiro e o processo de migra\u00e7\u00e3o para o mercado livre de energia: \u201cA decis\u00e3o para realizar a migra\u00e7\u00e3o n\u00e3o \u00e9 s\u00f3 por conta de pre\u00e7o, mas de estrat\u00e9gia\u201d.<\/span><\/p>\n<p><span style=\"color: #000000;\">Na ocasi\u00e3o, a ABRACEEL lan\u00e7ou uma cartilha do mercado livre de energia, um guia b\u00e1sico para consumidores potencialmente livres e especiais, e instalou um totem no t\u00e9rreo da ABIMAQ que calcula o potencial de energia na conta de luz no mercado livre.<\/span><\/p>\n<p><span style=\"color: #000000;\">Entenda as principais diferen\u00e7as entre os mercados cativo e livre de energia<\/span><\/p>\n<p><strong><span style=\"color: #000000;\">Mercado Cativo<\/span><\/strong><\/p>\n<p><span style=\"color: #000000;\">&#8211; Mercado atendido pelas distribuidoras;<\/span><\/p>\n<p><span style=\"color: #000000;\">&#8211; Consumidor n\u00e3o tem op\u00e7\u00e3o de escolha do fornecedor de energia;<\/span><\/p>\n<p><span style=\"color: #000000;\">&#8211; Distribuidora entrega e fatura a sua energia com as tarifas fixadas pela ANEEL (Ag\u00eancia Nacional de Energia El\u00e9trica);<\/span><\/p>\n<p><span style=\"color: #000000;\">&#8211; N\u00e3o pode haver discrimina\u00e7\u00e3o de consumidores.<\/span><\/p>\n<p><strong><span style=\"color: #000000;\">Mercado Livre<\/span><\/strong><\/p>\n<p><span style=\"color: #000000;\">&#8211; Consumidor escolhe livremente seu fornecedor;<\/span><\/p>\n<p>&#8211; Negocia\u00e7\u00e3o bilateral entre consumidores e fornecedores;<\/p>\n<p>&#8211; Pre\u00e7os e outras condi\u00e7\u00f5es s\u00e3o definidos em contratos.<\/p>\n<p><span style=\"color: #000000;\">Para fazer o download da cartilha, acesse:\u00a0<\/span><span style=\"color: #0000ff;\">www.abraceel.com.br.<\/span><\/p>\n","protected":false},"excerpt":{"rendered":"<p>Evento apresentou os potenciais do mercado livre de energia aos consumidores interessados em migrar para este tipo de contrata\u00e7\u00e3o Agosto, 2016 &#8211; Com o objetivo de debater alternativas para reduzir os gastos com energia, os aspectos pr\u00e1ticos sobre a migra\u00e7\u00e3o do mercado cativo para o livre de energia e as perspectivas para o setor, a [&hellip;]<\/p>\n","protected":false},"author":1,"featured_media":3090,"comment_status":"open","ping_status":"open","sticky":false,"template":"","format":"standard","meta":{"_uag_custom_page_level_css":"","footnotes":""},"categories":[27],"tags":[309,336,725,1710,7581],"class_list":["post-3089","post","type-post","status-publish","format-standard","has-post-thumbnail","hentry","category-acontece","tag-abimaq","tag-abraceel","tag-aneel","tag-camara-de-comercializacao-de-energia-eletrica-ccee","tag-mercado-livre-de-energia"],"blocksy_meta":[],"spectra_blocks_featured_image_url":[],"spectra_blocks_author_info":{"display_name":"Jornal da Constru\u00e7\u00e3o Civil","avatar_url":"https:\/\/secure.gravatar.com\/avatar\/973c9774fd44ddaceb026973c4962faa70fc512bc4c9da68e8ebb40fecee6540?s=96&d=mm&r=g","author_link":"https:\/\/construcaocivil.siriusmarketingedesign.com.br\/?author=1","description":"Desde de 2013, levando muitas informa\u00e7\u00f5es, lan\u00e7amentos e produtos de qualidade para toda cadeia produtiva da constru\u00e7\u00e3o. O Futuro da constru\u00e7\u00e3o passa por aqui,"},"uagb_featured_image_src":{"full":false,"thumbnail":false,"medium":false,"medium_large":false,"large":false,"1536x1536":false,"2048x2048":false},"uagb_author_info":{"display_name":"Jornal da Constru\u00e7\u00e3o Civil","author_link":"https:\/\/construcaocivil.siriusmarketingedesign.com.br\/?author=1"},"uagb_comment_info":0,"uagb_excerpt":"Evento apresentou os potenciais do mercado livre de energia aos consumidores interessados em migrar para este tipo de contrata\u00e7\u00e3o Agosto, 2016 &#8211; Com o objetivo de debater alternativas para reduzir os gastos com energia, os aspectos pr\u00e1ticos sobre a migra\u00e7\u00e3o do mercado cativo para o livre de energia e as perspectivas para o setor, a&hellip;","_links":{"self":[{"href":"https:\/\/construcaocivil.siriusmarketingedesign.com.br\/index.php?rest_route=\/wp\/v2\/posts\/3089","targetHints":{"allow":["GET"]}}],"collection":[{"href":"https:\/\/construcaocivil.siriusmarketingedesign.com.br\/index.php?rest_route=\/wp\/v2\/posts"}],"about":[{"href":"https:\/\/construcaocivil.siriusmarketingedesign.com.br\/index.php?rest_route=\/wp\/v2\/types\/post"}],"author":[{"embeddable":true,"href":"https:\/\/construcaocivil.siriusmarketingedesign.com.br\/index.php?rest_route=\/wp\/v2\/users\/1"}],"replies":[{"embeddable":true,"href":"https:\/\/construcaocivil.siriusmarketingedesign.com.br\/index.php?rest_route=%2Fwp%2Fv2%2Fcomments&post=3089"}],"version-history":[{"count":0,"href":"https:\/\/construcaocivil.siriusmarketingedesign.com.br\/index.php?rest_route=\/wp\/v2\/posts\/3089\/revisions"}],"wp:attachment":[{"href":"https:\/\/construcaocivil.siriusmarketingedesign.com.br\/index.php?rest_route=%2Fwp%2Fv2%2Fmedia&parent=3089"}],"wp:term":[{"taxonomy":"category","embeddable":true,"href":"https:\/\/construcaocivil.siriusmarketingedesign.com.br\/index.php?rest_route=%2Fwp%2Fv2%2Fcategories&post=3089"},{"taxonomy":"post_tag","embeddable":true,"href":"https:\/\/construcaocivil.siriusmarketingedesign.com.br\/index.php?rest_route=%2Fwp%2Fv2%2Ftags&post=3089"}],"curies":[{"name":"wp","href":"https:\/\/api.w.org\/{rel}","templated":true}]}}