{"id":3100,"date":"2016-08-17T23:36:07","date_gmt":"2016-08-17T23:36:07","guid":{"rendered":"http:\/\/www.jornaldaconstrucaocivil.com.br\/?p=3100"},"modified":"2016-08-17T23:36:07","modified_gmt":"2016-08-17T23:36:07","slug":"leroy-merlin-lanca-o-festival-casa-de-verdade","status":"publish","type":"post","link":"https:\/\/construcaocivil.siriusmarketingedesign.com.br\/?p=3100","title":{"rendered":"Leroy Merlin lan\u00e7a o Festival Casa de Verdade"},"content":{"rendered":"<p><span style=\"color: #800000;\">Material de Constru\u00e7\u00e3o\u00a0<\/span><\/p>\n<p><span style=\"color: #000080;\"><strong>Atrav\u00e9s de novas ferramentas digitais, rede promove per\u00edodo de ofertas com comunica\u00e7\u00e3o inovadora para o setor<\/strong><\/span><\/p>\n<p><span style=\"color: #000000;\">A l\u00edder no varejo de materiais de constru\u00e7\u00e3o do pa\u00eds, Leroy Merlin, promove, at\u00e9 dia 31 de agosto, em todas as 38 lojas da rede espalhadas pelo Brasil, o Festival Casa de Verdade. Durante o per\u00edodo, a rede ter\u00e1 muita variedade de itens de decora\u00e7\u00e3o e organiza\u00e7\u00e3o e estar\u00e1 com pre\u00e7os especiais para seus Clientes. Al\u00e9m disso, as lojas ter\u00e3o op\u00e7\u00f5es diferenciadas de marcas exclusivas da Leroy Merlin.<\/span><\/p>\n<p><span style=\"color: #000000;\"><em>\u201cLigado a nossa campanha de comunica\u00e7\u00e3o, criamos o Festival Casa de Verdade com o objetivo de ajudar nossos Clientes e de mostrar a eles que a Leroy Merlin tem tudo que eles precisam\u201d<\/em>, afirma Carla Ramos, diretora de comunica\u00e7\u00e3o da Leroy Merlin Brasil.<\/span><\/p>\n<p><span style=\"color: #000000;\">Os Clientes ainda contam com vantagens na hora do pagamento: pagando com o cart\u00e3o Celebre, \u00e9 poss\u00edvel parcelar as compras em at\u00e9 10 vezes sem juros, al\u00e9m da Garantia <span style=\"color: #0000ff;\">Leroy Merlin do Menor Pre\u00e7o*<\/span>, que garante o menor valor na compra de produtos exclusivos e com melhor custo-benef\u00edcio do mercado.<\/span><\/p>\n<p><strong>Omnicanal<\/strong><\/p>\n<p><span style=\"color: #000000;\">A estrat\u00e9gia geral da rede mant\u00e9m o Conceito Omnicanal em suas campanhas, a\u00e7\u00f5es comerciais e promocionais deste ano. Por isso, a Leroy Merlin est\u00e1 presente em diversos canais online e off-line, por meio da loja virtual com atendimento nacional, mantendo assim uma comunica\u00e7\u00e3o 360\u00ba. Para divulgar o Festival, a LDC, ag\u00eancia de publicidade e m\u00eddia da rede, preparou uma campanha digital, interativa e que investe no Canvas, nova ferramenta do Facebook, utilizando a geolocaliza\u00e7\u00e3o de Clientes e seus interesses em determinados produtos.<\/span><\/p>\n<p><span style=\"color: #000000;\">Com isso, a Leroy Merlin tornou-se pioneira no segmento de Home Centers a fazer uso da\u00a0 ferramenta, que possui um novo formato de an\u00fancio em tela cheia no Facebook que permite que o Cliente, ao acessar rede social, localize onde \u00e9 a Leroy Merlin mais pr\u00f3xima e as ofertas da unidade por meio de um carrossel de imagens.<\/span><\/p>\n<p><span style=\"color: #000000;\">Al\u00e9m disso, a campanha tamb\u00e9m contar\u00e1 com a participa\u00e7\u00e3o da youtuber Maddu Magalh\u00e3es, que atrav\u00e9s de um v\u00eddeo mostrar\u00e1 como transformou, por meio da bricolagem, alguns dos ambientes da sua casa com produtos dispon\u00edveis na Leroy Merlin e como criou diversas ideias de decora\u00e7\u00e3o e utiliza\u00e7\u00e3o de produtos.<\/span><\/p>\n<p><span style=\"color: #993300;\">*Condi\u00e7\u00f5es v\u00e1lidas para produtos anunciados em tabloides e similares, bem como para aquisi\u00e7\u00f5es feitas no prazo de at\u00e9 10 dias. Consulte nossas Lojas ou no site<\/span> <span style=\"color: #0000ff;\">www.leroymerlin.com.br<\/span> <span style=\"color: #993300;\">para verificar as demais condi\u00e7\u00f5es.<\/span><\/p>\n","protected":false},"excerpt":{"rendered":"<p>Material de Constru\u00e7\u00e3o\u00a0 Atrav\u00e9s de novas ferramentas digitais, rede promove per\u00edodo de ofertas com comunica\u00e7\u00e3o inovadora para o setor A l\u00edder no varejo de materiais de constru\u00e7\u00e3o do pa\u00eds, Leroy Merlin, promove, at\u00e9 dia 31 de agosto, em todas as 38 lojas da rede espalhadas pelo Brasil, o Festival Casa de Verdade. Durante o per\u00edodo, [&hellip;]<\/p>\n","protected":false},"author":1,"featured_media":0,"comment_status":"open","ping_status":"open","sticky":false,"template":"","format":"standard","meta":{"_uag_custom_page_level_css":"","footnotes":""},"categories":[27],"tags":[2826,5008,6844,7362,8431,9787],"class_list":["post-3100","post","type-post","status-publish","format-standard","hentry","category-acontece","tag-construcao-civil","tag-festival-casa-de-verdade","tag-leroy-merlin","tag-material-de-construcao","tag-omnicanal","tag-promocao"],"blocksy_meta":[],"spectra_blocks_featured_image_url":null,"spectra_blocks_author_info":{"display_name":"Jornal da Constru\u00e7\u00e3o Civil","avatar_url":"https:\/\/secure.gravatar.com\/avatar\/973c9774fd44ddaceb026973c4962faa70fc512bc4c9da68e8ebb40fecee6540?s=96&d=mm&r=g","author_link":"https:\/\/construcaocivil.siriusmarketingedesign.com.br\/?author=1","description":"Desde de 2013, levando muitas informa\u00e7\u00f5es, lan\u00e7amentos e produtos de qualidade para toda cadeia produtiva da constru\u00e7\u00e3o. O Futuro da constru\u00e7\u00e3o passa por aqui,"},"uagb_featured_image_src":{"full":false,"thumbnail":false,"medium":false,"medium_large":false,"large":false,"1536x1536":false,"2048x2048":false},"uagb_author_info":{"display_name":"Jornal da Constru\u00e7\u00e3o Civil","author_link":"https:\/\/construcaocivil.siriusmarketingedesign.com.br\/?author=1"},"uagb_comment_info":0,"uagb_excerpt":"Material de Constru\u00e7\u00e3o\u00a0 Atrav\u00e9s de novas ferramentas digitais, rede promove per\u00edodo de ofertas com comunica\u00e7\u00e3o inovadora para o setor A l\u00edder no varejo de materiais de constru\u00e7\u00e3o do pa\u00eds, Leroy Merlin, promove, at\u00e9 dia 31 de agosto, em todas as 38 lojas da rede espalhadas pelo Brasil, o Festival Casa de Verdade. Durante o per\u00edodo,&hellip;","_links":{"self":[{"href":"https:\/\/construcaocivil.siriusmarketingedesign.com.br\/index.php?rest_route=\/wp\/v2\/posts\/3100","targetHints":{"allow":["GET"]}}],"collection":[{"href":"https:\/\/construcaocivil.siriusmarketingedesign.com.br\/index.php?rest_route=\/wp\/v2\/posts"}],"about":[{"href":"https:\/\/construcaocivil.siriusmarketingedesign.com.br\/index.php?rest_route=\/wp\/v2\/types\/post"}],"author":[{"embeddable":true,"href":"https:\/\/construcaocivil.siriusmarketingedesign.com.br\/index.php?rest_route=\/wp\/v2\/users\/1"}],"replies":[{"embeddable":true,"href":"https:\/\/construcaocivil.siriusmarketingedesign.com.br\/index.php?rest_route=%2Fwp%2Fv2%2Fcomments&post=3100"}],"version-history":[{"count":0,"href":"https:\/\/construcaocivil.siriusmarketingedesign.com.br\/index.php?rest_route=\/wp\/v2\/posts\/3100\/revisions"}],"wp:attachment":[{"href":"https:\/\/construcaocivil.siriusmarketingedesign.com.br\/index.php?rest_route=%2Fwp%2Fv2%2Fmedia&parent=3100"}],"wp:term":[{"taxonomy":"category","embeddable":true,"href":"https:\/\/construcaocivil.siriusmarketingedesign.com.br\/index.php?rest_route=%2Fwp%2Fv2%2Fcategories&post=3100"},{"taxonomy":"post_tag","embeddable":true,"href":"https:\/\/construcaocivil.siriusmarketingedesign.com.br\/index.php?rest_route=%2Fwp%2Fv2%2Ftags&post=3100"}],"curies":[{"name":"wp","href":"https:\/\/api.w.org\/{rel}","templated":true}]}}