{"id":3108,"date":"2016-08-21T21:59:24","date_gmt":"2016-08-21T21:59:24","guid":{"rendered":"http:\/\/www.jornaldaconstrucaocivil.com.br\/?p=3108"},"modified":"2016-08-21T21:59:24","modified_gmt":"2016-08-21T21:59:24","slug":"apae-altamira-ganha-nova-sede-da-norte-energia","status":"publish","type":"post","link":"https:\/\/construcaocivil.siriusmarketingedesign.com.br\/?p=3108","title":{"rendered":"APAE Altamira ganha nova sede da Norte Energia"},"content":{"rendered":"<p><span style=\"color: #800000;\">Cidade<\/span><\/p>\n<p><span style=\"color: #000000;\"><span style=\"color: #800000;\">Agosto, 2016<\/span> &#8211; Depois de 21 anos de funda\u00e7\u00e3o no munic\u00edpio de Altamira, a Associa\u00e7\u00e3o de Pais e Amigos de Excepcionais (APAE) ter\u00e1 sede pr\u00f3pria para realizar o atendimento pedag\u00f3gico e terap\u00eautico, desenvolver atividades culturais, esportivas e de lazer para cerca de 230 crian\u00e7as. A nova<strong> \u201ccasa\u201d<\/strong> ser\u00e1 na antiga sede escrit\u00f3rio da Norte Energia, no bairro Jatob\u00e1. Na quarta-feira, 17 de agosto, a empresa entregou \u00e0 entidade o pr\u00e9dio constru\u00eddo em \u00e1rea de cerca de 1,3 mil metros quadrados.<\/span><\/p>\n<p><span style=\"color: #000000;\"><em>\u201c\u00c9 um presente inesquec\u00edvel para a APAE de Altamira. H\u00e1 18 anos estamos em um galp\u00e3o de forma improvisada, numa \u00e1rea que n\u00e3o \u00e9 nossa. Agora poderemos melhorar o atendimento \u00e0s crian\u00e7as inclusive com conv\u00eanios com o governo federal para atendimento cl\u00ednico, que hoje \u00e9 feito somente por volunt\u00e1rios\u201d<\/em>, comenta o presidente da Associa\u00e7\u00e3o, Ant\u00f4nio Lessa.<\/span><\/p>\n<p>Fundada em 25 de mar\u00e7o de 1994, a APAE de Altamira \u00e9 a maior institui\u00e7\u00e3o de atendimento integral \u00e0 pessoa com defici\u00eancia intelectual e m\u00faltipla na regi\u00e3o da Transamaz\u00f4nica e Xingu. A entidade tamb\u00e9m recebe moradores dos munic\u00edpios de Anapu, Brasil Novo, Gurup\u00e1, Medicil\u00e2ndia, Porto de Moz, Senador Jos\u00e9 Porf\u00edrio, Uruar\u00e1, Vit\u00f3ria do Xingu e at\u00e9 de outros estados.<\/p>\n<p>A entidade oferece a crian\u00e7as e adolescentes com diferentes n\u00edveis de defici\u00eancia atividades pedag\u00f3gicas e culturais, al\u00e9m de Fisioterapia, Fonoaudiologia, Odontologia, Equoterapia, Hidrogin\u00e1stica e recrea\u00e7\u00e3o. Atualmente, os atendimentos s\u00e3o realizados em um pr\u00e9dio cedido pelo clube social Assembleia Altamirense. \u201cO novo pr\u00e9dio \u00e9 muito bem-vindo e exigir\u00e1 adequa\u00e7\u00f5es m\u00ednimas para instalar o atendimento e a parte administrativa da APAE Altamira\u201d, destaca Ant\u00f4nio.<\/p>\n<p><span style=\"color: #0000ff;\">Fonte: Blog Belo Monte<\/span><\/p>\n","protected":false},"excerpt":{"rendered":"<p>Cidade Agosto, 2016 &#8211; Depois de 21 anos de funda\u00e7\u00e3o no munic\u00edpio de Altamira, a Associa\u00e7\u00e3o de Pais e Amigos de Excepcionais (APAE) ter\u00e1 sede pr\u00f3pria para realizar o atendimento pedag\u00f3gico e terap\u00eautico, desenvolver atividades culturais, esportivas e de lazer para cerca de 230 crian\u00e7as. A nova \u201ccasa\u201d ser\u00e1 na antiga sede escrit\u00f3rio da Norte [&hellip;]<\/p>\n","protected":false},"author":1,"featured_media":0,"comment_status":"open","ping_status":"open","sticky":false,"template":"","format":"standard","meta":{"_uag_custom_page_level_css":"","footnotes":""},"categories":[37],"tags":[617,760,1342,1535,4288,11470],"class_list":["post-3108","post","type-post","status-publish","format-standard","hentry","category-sustentabilidade","tag-altamira","tag-apae","tag-belo-monte","tag-brasil","tag-energia","tag-sustentabilidade"],"blocksy_meta":[],"spectra_blocks_featured_image_url":null,"spectra_blocks_author_info":{"display_name":"Jornal da Constru\u00e7\u00e3o Civil","avatar_url":"https:\/\/secure.gravatar.com\/avatar\/973c9774fd44ddaceb026973c4962faa70fc512bc4c9da68e8ebb40fecee6540?s=96&d=mm&r=g","author_link":"https:\/\/construcaocivil.siriusmarketingedesign.com.br\/?author=1","description":"Desde de 2013, levando muitas informa\u00e7\u00f5es, lan\u00e7amentos e produtos de qualidade para toda cadeia produtiva da constru\u00e7\u00e3o. O Futuro da constru\u00e7\u00e3o passa por aqui,"},"uagb_featured_image_src":{"full":false,"thumbnail":false,"medium":false,"medium_large":false,"large":false,"1536x1536":false,"2048x2048":false},"uagb_author_info":{"display_name":"Jornal da Constru\u00e7\u00e3o Civil","author_link":"https:\/\/construcaocivil.siriusmarketingedesign.com.br\/?author=1"},"uagb_comment_info":0,"uagb_excerpt":"Cidade Agosto, 2016 &#8211; Depois de 21 anos de funda\u00e7\u00e3o no munic\u00edpio de Altamira, a Associa\u00e7\u00e3o de Pais e Amigos de Excepcionais (APAE) ter\u00e1 sede pr\u00f3pria para realizar o atendimento pedag\u00f3gico e terap\u00eautico, desenvolver atividades culturais, esportivas e de lazer para cerca de 230 crian\u00e7as. A nova \u201ccasa\u201d ser\u00e1 na antiga sede escrit\u00f3rio da Norte&hellip;","_links":{"self":[{"href":"https:\/\/construcaocivil.siriusmarketingedesign.com.br\/index.php?rest_route=\/wp\/v2\/posts\/3108","targetHints":{"allow":["GET"]}}],"collection":[{"href":"https:\/\/construcaocivil.siriusmarketingedesign.com.br\/index.php?rest_route=\/wp\/v2\/posts"}],"about":[{"href":"https:\/\/construcaocivil.siriusmarketingedesign.com.br\/index.php?rest_route=\/wp\/v2\/types\/post"}],"author":[{"embeddable":true,"href":"https:\/\/construcaocivil.siriusmarketingedesign.com.br\/index.php?rest_route=\/wp\/v2\/users\/1"}],"replies":[{"embeddable":true,"href":"https:\/\/construcaocivil.siriusmarketingedesign.com.br\/index.php?rest_route=%2Fwp%2Fv2%2Fcomments&post=3108"}],"version-history":[{"count":0,"href":"https:\/\/construcaocivil.siriusmarketingedesign.com.br\/index.php?rest_route=\/wp\/v2\/posts\/3108\/revisions"}],"wp:attachment":[{"href":"https:\/\/construcaocivil.siriusmarketingedesign.com.br\/index.php?rest_route=%2Fwp%2Fv2%2Fmedia&parent=3108"}],"wp:term":[{"taxonomy":"category","embeddable":true,"href":"https:\/\/construcaocivil.siriusmarketingedesign.com.br\/index.php?rest_route=%2Fwp%2Fv2%2Fcategories&post=3108"},{"taxonomy":"post_tag","embeddable":true,"href":"https:\/\/construcaocivil.siriusmarketingedesign.com.br\/index.php?rest_route=%2Fwp%2Fv2%2Ftags&post=3108"}],"curies":[{"name":"wp","href":"https:\/\/api.w.org\/{rel}","templated":true}]}}