{"id":3151,"date":"2016-08-26T22:31:13","date_gmt":"2016-08-26T22:31:13","guid":{"rendered":"http:\/\/www.jornaldaconstrucaocivil.com.br\/?p=3151"},"modified":"2016-08-26T22:31:13","modified_gmt":"2016-08-26T22:31:13","slug":"confianca-da-construcao-acelera-em-agosto","status":"publish","type":"post","link":"https:\/\/construcaocivil.siriusmarketingedesign.com.br\/?p=3151","title":{"rendered":"Confian\u00e7a da Constru\u00e7\u00e3o acelera em agosto"},"content":{"rendered":"<p><span style=\"color: #993300;\">Mercado\u00a0<\/span><\/p>\n<p><span style=\"color: #000000;\"><span style=\"color: #0000ff;\">Agosto, 2016<\/span> &#8211; O \u00cdndice de Confian\u00e7a da Constru\u00e7\u00e3o (ICST) subiu 1,8 ponto em agosto, alcan\u00e7ando 72,5 pontos \u2013 o maior n\u00edvel desde julho de 2015. Ap\u00f3s a segunda alta consecutiva, o \u00edndice acumula ganho de 5,9 pontos desde o m\u00ednimo hist\u00f3rico de fevereiro. Embora o \u00edndice continue muito mais pr\u00f3ximo do registro m\u00ednimo que da m\u00e9dia hist\u00f3rica e mostre uma evolu\u00e7\u00e3o em 2016 menos favor\u00e1vel que a de outros segmentos produtivos acompanhados pelo FGV\/IBRE, a tend\u00eancia de redu\u00e7\u00e3o do pessimismo j\u00e1 parece evidente.<\/span><\/p>\n<p><span style=\"color: #000000;\">\u201cO empres\u00e1rio da constru\u00e7\u00e3o come\u00e7ou a sinalizar que n\u00e3o est\u00e1 apenas com expectativas menos negativas. A percep\u00e7\u00e3o dominante \u00e9 de que a atividade lentamente come\u00e7a uma retomada, o que j\u00e1 est\u00e1 se refletindo no indicador de m\u00e3o de obra prevista. Nos \u00faltimos tr\u00eas meses, os empres\u00e1rios passaram a apontar maior inten\u00e7\u00e3o de contratar\u201d, observou Ana Maria Castelo, Coordenadora de Projetos da Constru\u00e7\u00e3o da FGV\/IBRE.<\/span><\/p>\n<p><span style=\"color: #000000;\">O \u00cdndice da Situa\u00e7\u00e3o Atual (ISA-CST) subiu 1,5 ponto em agosto, alcan\u00e7ando 64,2 pontos, o maior desde janeiro passado. Por outro lado, o fato de o \u00edndice permanecer entre os 10% mais baixos entre as 74 observa\u00e7\u00f5es desde julho de 2010, ilustra como o n\u00edvel de satisfa\u00e7\u00e3o com o ambiente de neg\u00f3cios presente continua muito baixo neste in\u00edcio de segundo semestre. A principal contribui\u00e7\u00e3o \u00e0 alta veio do indicador que capta a percep\u00e7\u00e3o da empresa em rela\u00e7\u00e3o \u00e0 situa\u00e7\u00e3o atual da carteira de contratos, que registrou alta de\u00a0 1,7 ponto em rela\u00e7\u00e3o ao m\u00eas anterior, atingindo 63,3 pontos.<\/span><\/p>\n<p><span style=\"color: #000000;\">O \u00cdndice de Expectativas (IE-CST) alcan\u00e7ou 81,4 pontos, ficando 2,1 pontos acima de julho. Dentre os quesitos que integram o \u00edndice-s\u00edntese, a expectativa com a demanda dos neg\u00f3cios para os pr\u00f3ximos tr\u00eas meses foi o que mais contribuiu para alta no m\u00eas, com varia\u00e7\u00e3o de 4,0 pontos, atingindo 81,2 pontos.<\/span><\/p>\n<p>O N\u00edvel de Utiliza\u00e7\u00e3o da Capacidade (NUCI) do setor ficou em 64,5% em agosto, 0,1 ponto percentual acima do resultado de julho, sinalizando certa estabiliza\u00e7\u00e3o do n\u00edvel de atividade entre os dois meses.<\/p>\n<p>&nbsp;<\/p>\n<p><strong><span style=\"color: #000000;\">SEGMENTO EM DESTAQUE: PREPARA\u00c7\u00c3O DO TERRENO<\/span><\/strong><\/p>\n<p>O segmento de Prepara\u00e7\u00e3o do Terreno pode ser\u00a0 considerado um indicador antecedente do setor da constru\u00e7\u00e3o por representar uma atividade que costuma registrar acelera\u00e7\u00e3o no in\u00edcio efetivo de obras previamente contratadas. Por isso, a evolu\u00e7\u00e3o mais favor\u00e1vel deste segmento em rela\u00e7\u00e3o \u00e0 m\u00e9dia do setor da Constru\u00e7\u00e3o nos \u00faltimos meses, pode ser considerada uma boa not\u00edcia. Em julho e agosto, o ICST das empresas de Prepara\u00e7\u00e3o do Terreno subiu 6,3 e 5,6 pontos, respectivamente.<\/p>\n<p>Na compara\u00e7\u00e3o interanual, o ICST da atividade j\u00e1 supera o resultado do ano passado em 9,5 pontos. \u201cAs expectativas dos empres\u00e1rios dessa atividade come\u00e7aram a melhorar em mar\u00e7o, mas somente nos dois \u00faltimos meses, houve tamb\u00e9m a melhora na percep\u00e7\u00e3o sobre a situa\u00e7\u00e3o corrente dos neg\u00f3cios. Sem d\u00favida, essa \u00e9 uma importante sinaliza\u00e7\u00e3o de que o pior para a constru\u00e7\u00e3o pode j\u00e1 ter ficado para tr\u00e1s.\u201d, conclui Ana Castelo.<\/p>\n<p>Fonte: Assessoria de Imprensa FGV\/ IBRE<\/p>\n","protected":false},"excerpt":{"rendered":"<p>Mercado\u00a0 Agosto, 2016 &#8211; O \u00cdndice de Confian\u00e7a da Constru\u00e7\u00e3o (ICST) subiu 1,8 ponto em agosto, alcan\u00e7ando 72,5 pontos \u2013 o maior n\u00edvel desde julho de 2015. Ap\u00f3s a segunda alta consecutiva, o \u00edndice acumula ganho de 5,9 pontos desde o m\u00ednimo hist\u00f3rico de fevereiro. Embora o \u00edndice continue muito mais pr\u00f3ximo do registro m\u00ednimo [&hellip;]<\/p>\n","protected":false},"author":1,"featured_media":0,"comment_status":"open","ping_status":"open","sticky":false,"template":"","format":"standard","meta":{"_uag_custom_page_level_css":"","footnotes":""},"categories":[33],"tags":[696,2826,5032,6001,6011,7586,11105],"class_list":["post-3151","post","type-post","status-publish","format-standard","hentry","category-mercado","tag-ana-maria-castelo","tag-construcao-civil","tag-fgvibre","tag-indicadores","tag-indice-de-confianca-da-construcao-icst","tag-mercado-positivo","tag-sinais-de-melhora"],"blocksy_meta":[],"spectra_blocks_featured_image_url":null,"spectra_blocks_author_info":{"display_name":"Jornal da Constru\u00e7\u00e3o Civil","avatar_url":"https:\/\/secure.gravatar.com\/avatar\/973c9774fd44ddaceb026973c4962faa70fc512bc4c9da68e8ebb40fecee6540?s=96&d=mm&r=g","author_link":"https:\/\/construcaocivil.siriusmarketingedesign.com.br\/?author=1","description":"Desde de 2013, levando muitas informa\u00e7\u00f5es, lan\u00e7amentos e produtos de qualidade para toda cadeia produtiva da constru\u00e7\u00e3o. O Futuro da constru\u00e7\u00e3o passa por aqui,"},"uagb_featured_image_src":{"full":false,"thumbnail":false,"medium":false,"medium_large":false,"large":false,"1536x1536":false,"2048x2048":false},"uagb_author_info":{"display_name":"Jornal da Constru\u00e7\u00e3o Civil","author_link":"https:\/\/construcaocivil.siriusmarketingedesign.com.br\/?author=1"},"uagb_comment_info":0,"uagb_excerpt":"Mercado\u00a0 Agosto, 2016 &#8211; O \u00cdndice de Confian\u00e7a da Constru\u00e7\u00e3o (ICST) subiu 1,8 ponto em agosto, alcan\u00e7ando 72,5 pontos \u2013 o maior n\u00edvel desde julho de 2015. Ap\u00f3s a segunda alta consecutiva, o \u00edndice acumula ganho de 5,9 pontos desde o m\u00ednimo hist\u00f3rico de fevereiro. Embora o \u00edndice continue muito mais pr\u00f3ximo do registro m\u00ednimo&hellip;","_links":{"self":[{"href":"https:\/\/construcaocivil.siriusmarketingedesign.com.br\/index.php?rest_route=\/wp\/v2\/posts\/3151","targetHints":{"allow":["GET"]}}],"collection":[{"href":"https:\/\/construcaocivil.siriusmarketingedesign.com.br\/index.php?rest_route=\/wp\/v2\/posts"}],"about":[{"href":"https:\/\/construcaocivil.siriusmarketingedesign.com.br\/index.php?rest_route=\/wp\/v2\/types\/post"}],"author":[{"embeddable":true,"href":"https:\/\/construcaocivil.siriusmarketingedesign.com.br\/index.php?rest_route=\/wp\/v2\/users\/1"}],"replies":[{"embeddable":true,"href":"https:\/\/construcaocivil.siriusmarketingedesign.com.br\/index.php?rest_route=%2Fwp%2Fv2%2Fcomments&post=3151"}],"version-history":[{"count":0,"href":"https:\/\/construcaocivil.siriusmarketingedesign.com.br\/index.php?rest_route=\/wp\/v2\/posts\/3151\/revisions"}],"wp:attachment":[{"href":"https:\/\/construcaocivil.siriusmarketingedesign.com.br\/index.php?rest_route=%2Fwp%2Fv2%2Fmedia&parent=3151"}],"wp:term":[{"taxonomy":"category","embeddable":true,"href":"https:\/\/construcaocivil.siriusmarketingedesign.com.br\/index.php?rest_route=%2Fwp%2Fv2%2Fcategories&post=3151"},{"taxonomy":"post_tag","embeddable":true,"href":"https:\/\/construcaocivil.siriusmarketingedesign.com.br\/index.php?rest_route=%2Fwp%2Fv2%2Ftags&post=3151"}],"curies":[{"name":"wp","href":"https:\/\/api.w.org\/{rel}","templated":true}]}}