{"id":3154,"date":"2016-08-27T17:28:12","date_gmt":"2016-08-27T17:28:12","guid":{"rendered":"http:\/\/www.jornaldaconstrucaocivil.com.br\/?p=3154"},"modified":"2016-08-27T17:28:12","modified_gmt":"2016-08-27T17:28:12","slug":"o-momento-e-aqui-e-agora-grupo-frances-inauguram-fabrica-na-regiao-sudeste","status":"publish","type":"post","link":"https:\/\/construcaocivil.siriusmarketingedesign.com.br\/?p=3154","title":{"rendered":"O Momento \u00e9 Aqui e Agora. Grupo Franc\u00eas, inaugura f\u00e1brica na regi\u00e3o Sudeste"},"content":{"rendered":"<p>Mercado<\/p>\n<figure id=\"attachment_3155\" aria-describedby=\"caption-attachment-3155\" style=\"width: 352px\" class=\"wp-caption alignleft\"><a href=\"http:\/\/www.jornaldaconstrucaocivil.com.br\/wp-content\/uploads\/2016\/08\/SEDE-MANITOU.jpg\"><img loading=\"lazy\" decoding=\"async\" class=\"wp-image-3155\" src=\"http:\/\/www.jornaldaconstrucaocivil.com.br\/wp-content\/uploads\/2016\/08\/SEDE-MANITOU.jpg\" alt=\"SEDE MANITOU\" width=\"352\" height=\"239\" \/><\/a><figcaption id=\"caption-attachment-3155\" class=\"wp-caption-text\">Foto: Sede Manitou\/Brasil-Vinhedo-SP<\/figcaption><\/figure>\n<p style=\"text-align: justify;\"><span style=\"color: #000000;\">Agosto, 2016 &#8211; Com olhar entusiasta, otimista e al\u00e9m de positivo para o mercado brasileiro, os executivos da Manitou Group, empresa francesa l\u00edder mundial de m\u00e1quinas para deslocamento de materiais na ind\u00fastria, constru\u00e7\u00e3o, agricultura e minera\u00e7\u00e3o, inauguraram sua f\u00e1brica brasileira no interior de S\u00e3o Paulo. O Parque Industrial de Vinhedo-SP ganhou mais uma f\u00e1brica. A vez agora \u00e9 da Manitou\/Brasil que chega com propostas para o mercado da Am\u00e9rica da Am\u00e9rica Latina, apesar de trabalharem com uma perspectiva em longo prazo.<\/span><\/p>\n<p style=\"text-align: justify;\"><span style=\"color: #000000;\">Atuando desde 1957 na Fran\u00e7a e presente em 140 pa\u00edses, a empresa francesa estudou e analisou por cerca de seis anos a cria\u00e7\u00e3o da sua f\u00e1brica brasileira. Este processo foi derivado de muitas visitas, necessidades de mercado, embora a Manitou, come\u00e7ou atuar no pa\u00eds desde 2008, operando com distribuidores e representante regional. \u00a0\u00a0<\/span><\/p>\n<p style=\"text-align: justify;\"><span style=\"color: #000000;\">A f\u00e1brica franco-brasileira na regi\u00e3o Industrial de Vinhedo representa coragem em tempos de indecis\u00e3o de mercado, proveniente de uma pol\u00edtica e pol\u00edticos que deixam certa instabilidade de pensamento nos neg\u00f3cios. Mas, ao que pareceram, os executivos da Manitou Group, presentes na inaugura\u00e7\u00e3o da f\u00e1brica, est\u00e3o tocando seu barco, independente de intemperes econ\u00f4micos causados pela classe pol\u00edtica brasileira.<\/span><\/p>\n<figure id=\"attachment_3157\" aria-describedby=\"caption-attachment-3157\" style=\"width: 168px\" class=\"wp-caption alignright\"><a href=\"http:\/\/www.jornaldaconstrucaocivil.com.br\/wp-content\/uploads\/2016\/08\/Michel-Denis03-PRESIDENTE-II.jpg\"><img loading=\"lazy\" decoding=\"async\" class=\"wp-image-3157\" src=\"http:\/\/www.jornaldaconstrucaocivil.com.br\/wp-content\/uploads\/2016\/08\/Michel-Denis03-PRESIDENTE-II.jpg\" alt=\"Michel Denis03 - PRESIDENTE II\" width=\"168\" height=\"252\" \/><\/a><figcaption id=\"caption-attachment-3157\" class=\"wp-caption-text\"><span style=\"color: #0000ff;\">Foto: Michel Denis- CEO da Manitou<\/span><\/figcaption><\/figure>\n<p style=\"text-align: justify;\"><span style=\"color: #000000;\">Para o Michael Denis, CEO da Manitou, a Am\u00e9rica Latina ser\u00e1 um mercado muito importante. \u201cQueremos uma participa\u00e7\u00e3o de mercado onde a Manitou n\u00e3o tem. Com uma capacidade de servi\u00e7o\/produ\u00e7\u00e3o, vamos chegar pouco a pouco no setor agr\u00edcola&#8230; Somos competitivos no setor da constru\u00e7\u00e3o, da eleva\u00e7\u00e3o de pessoas, plataformas. Temos produtos e servi\u00e7os fant\u00e1sticos. Cremos no mercado do Brasil e na Am\u00e9rica do Sul que voltar\u00e1 com um grande potencial em riqueza, educa\u00e7\u00e3o, capacidade de desenvolvimento e muitas ind\u00fastrias. Com certeza, seremos l\u00edderes de mercado com efeitos combinados: mercado crescendo, proximidade com os clientes e confian\u00e7a\u201d, diz confiante.<\/span><\/p>\n<figure id=\"attachment_3159\" aria-describedby=\"caption-attachment-3159\" style=\"width: 185px\" class=\"wp-caption alignleft\"><a href=\"http:\/\/www.jornaldaconstrucaocivil.com.br\/wp-content\/uploads\/2016\/08\/Fran\u00e7ois-Piffard300.jpg\"><img loading=\"lazy\" decoding=\"async\" class=\"wp-image-3159\" src=\"http:\/\/www.jornaldaconstrucaocivil.com.br\/wp-content\/uploads\/2016\/08\/Fran\u00e7ois-Piffard300.jpg\" alt=\"Fran\u00e7ois Piffard300\" width=\"185\" height=\"277\" \/><\/a><figcaption id=\"caption-attachment-3159\" class=\"wp-caption-text\"><span style=\"color: #0000ff;\">Foto:Fran\u00e7ois Piffar &#8211; Diretor Internacional de Vendas e Marketing do Grupo Manitou<\/span><\/figcaption><\/figure>\n<p>&nbsp;<\/p>\n<p style=\"text-align: justify;\"><span style=\"color: #000000;\">Falando sobre vendas mundiais e a F\u00e1brica Manitou Brasil em Vinhedo-SP, o senhor Fran\u00e7ois Piffard, analisa que apesar dos ciclos econ\u00f4micos brasileiros serem oscilantes, o Grupo sentiu a necessidade de investimentos maiores no pa\u00eds, pois o enxerga como um expoente no ramo. A abertura da primeira f\u00e1brica na Am\u00e9rica Latina vem como forma de estrat\u00e9gia e expans\u00e3o para as vendas e logo, serem l\u00edderes do mercado atuante por estes lados.<\/span><\/p>\n<p style=\"text-align: justify;\"><span style=\"color: #000000;\">\u201cAcreditamos que daqui uns tr\u00eas a cinco anos, j\u00e1 seremos l\u00edder de mercado. A Manitou acredita no mercado brasileiro. A tend\u00eancia com a inaugura\u00e7\u00e3o da f\u00e1brica \u00e9 que dobremos as vendas, pois teremos condi\u00e7\u00f5es de atender melhor nossos clientes com mais rapidez e efic\u00e1cia, uma vez que a gente produza m\u00e1quinas aqui mesmo no Brasil\u201d, contou confiante.\u00a0\u00a0<\/span><\/p>\n<figure id=\"attachment_3160\" aria-describedby=\"caption-attachment-3160\" style=\"width: 341px\" class=\"wp-caption alignright\"><a href=\"http:\/\/www.jornaldaconstrucaocivil.com.br\/wp-content\/uploads\/2016\/08\/Marcelo-Bracco-Manitou.jpg\"><img loading=\"lazy\" decoding=\"async\" class=\"wp-image-3160\" src=\"http:\/\/www.jornaldaconstrucaocivil.com.br\/wp-content\/uploads\/2016\/08\/Marcelo-Bracco-Manitou-1024x683.jpg\" alt=\"Marcelo Bracco Manitou\" width=\"341\" height=\"227\" \/><\/a><figcaption id=\"caption-attachment-3160\" class=\"wp-caption-text\"><span style=\"color: #0000ff;\">Foto: Macello Bracco- Diretor de Opera\u00e7\u00f5es-Grupo Manitou Brasil<\/span><\/figcaption><\/figure>\n<p style=\"text-align: justify;\"><span style=\"color: #000000;\">A frente do Grupo para Am\u00e9rica Latina, o brasileiro Marcelo Bracco, apresentou um forte posicionamento de mercado do Grupo Franc\u00eas. A f\u00e1brica est\u00e1 localizada em um local estrat\u00e9gico, \u00e9 perto dos aeroportos de Guarulhos e Campinas e pr\u00f3ximo ao Porto de Santos, importantes entradas de importa\u00e7\u00f5es e exporta\u00e7\u00f5es do Brasil.<\/span><\/p>\n<p style=\"text-align: justify;\"><span style=\"color: #000000;\">\u201cA Manitou t\u00eam solu\u00e7\u00f5es em m\u00e1quinas para todos os terrenos e m\u00e1quinas ind\u00fastrias. Temos m\u00e1quinas que nossos concorrentes n\u00e3o t\u00eam e atendemos importantes mercados como: minera\u00e7\u00e3o, constru\u00e7\u00e3o, ind\u00fastria e agricultura. Damos um suporte p\u00f3s venda em pe\u00e7as de reposi\u00e7\u00e3o, contrato de manuten\u00e7\u00e3o, solu\u00e7\u00f5es de financiamento, garantia estendida e outros servi\u00e7os para todo o Brasil\u201d, afirma Bracco.<\/span><\/p>\n<p style=\"text-align: justify;\"><span style=\"color: #000000;\">Como l\u00edderes mundiais na fabrica\u00e7\u00e3o e vendas de manipuladores telesc\u00f3picos, a empresa francesa, inaugurou sua primeira f\u00e1brica fora da Europa e do continente norte americano. Na verdade, os executivos vision\u00e1rios, vislumbram um cen\u00e1rio de dom\u00ednio de mercado que atuam para a Am\u00e9rica Latina. A participa\u00e7\u00e3o da organiza\u00e7\u00e3o aqui neste hemisf\u00e9rio \u00e9 pequena, ainda. Com a constru\u00e7\u00e3o da f\u00e1brica brasileira, as estrat\u00e9gias de a\u00e7\u00e3o se ampliam com um portf\u00f3lio extremamente competitivo e valores bastante convidativos. Entre os players de produtos, as marcas Mustang, Gehl e Manitou Handling Your World. Das linhas de produtos ofertados destacam-se: as Plataformas Mastro Vertical e Articulada\/Diesel; Plataformas Telesc\u00f3picas; Manipulador Agr\u00edcola; Minicarregadeira Radial; Empilhadeiras Industriais; Manipuladores para Constru\u00e7\u00f5es e outros.<\/span><\/p>\n<p style=\"text-align: justify;\"><span style=\"color: #000000;\">O grupo tem sua sede na Fran\u00e7a. Em 2015, faturou \u00a3 1,29 bilh\u00e3o, emprega 3.200 funcion\u00e1rios. Na f\u00e1brica brasileira emprega 300 colaboradores e toda a linha de produ\u00e7\u00e3o e vendas s\u00e3o brasileiros. \u00a0<\/span><\/p>\n<p>Enviados especiais: Jornalistas: Severian Rocha e Pablo Marlon<\/p>\n<p>&nbsp;<\/p>\n","protected":false},"excerpt":{"rendered":"<p>Mercado Agosto, 2016 &#8211; Com olhar entusiasta, otimista e al\u00e9m de positivo para o mercado brasileiro, os executivos da Manitou Group, empresa francesa l\u00edder mundial de m\u00e1quinas para deslocamento de materiais na ind\u00fastria, constru\u00e7\u00e3o, agricultura e minera\u00e7\u00e3o, inauguraram sua f\u00e1brica brasileira no interior de S\u00e3o Paulo. O Parque Industrial de Vinhedo-SP ganhou mais uma f\u00e1brica. [&hellip;]<\/p>\n","protected":false},"author":1,"featured_media":3155,"comment_status":"open","ping_status":"open","sticky":false,"template":"","format":"standard","meta":{"_uag_custom_page_level_css":"","footnotes":""},"categories":[33],"tags":[525,1535,2821,4153,4410,6016,6302,7167,7201,7470,7680,10668,12417],"class_list":["post-3154","post","type-post","status-publish","format-standard","has-post-thumbnail","hentry","category-mercado","tag-agricola","tag-brasil","tag-construcao","tag-empregos","tag-equipamentos","tag-industria","tag-invesimentos","tag-manitou","tag-maquinas","tag-mercado","tag-mineracao","tag-sao-paulo","tag-vinhedo"],"blocksy_meta":[],"spectra_blocks_featured_image_url":[],"spectra_blocks_author_info":{"display_name":"Jornal da Constru\u00e7\u00e3o Civil","avatar_url":"https:\/\/secure.gravatar.com\/avatar\/973c9774fd44ddaceb026973c4962faa70fc512bc4c9da68e8ebb40fecee6540?s=96&d=mm&r=g","author_link":"https:\/\/construcaocivil.siriusmarketingedesign.com.br\/?author=1","description":"Desde de 2013, levando muitas informa\u00e7\u00f5es, lan\u00e7amentos e produtos de qualidade para toda cadeia produtiva da constru\u00e7\u00e3o. O Futuro da constru\u00e7\u00e3o passa por aqui,"},"uagb_featured_image_src":{"full":false,"thumbnail":false,"medium":false,"medium_large":false,"large":false,"1536x1536":false,"2048x2048":false},"uagb_author_info":{"display_name":"Jornal da Constru\u00e7\u00e3o Civil","author_link":"https:\/\/construcaocivil.siriusmarketingedesign.com.br\/?author=1"},"uagb_comment_info":0,"uagb_excerpt":"Mercado Agosto, 2016 &#8211; Com olhar entusiasta, otimista e al\u00e9m de positivo para o mercado brasileiro, os executivos da Manitou Group, empresa francesa l\u00edder mundial de m\u00e1quinas para deslocamento de materiais na ind\u00fastria, constru\u00e7\u00e3o, agricultura e minera\u00e7\u00e3o, inauguraram sua f\u00e1brica brasileira no interior de S\u00e3o Paulo. O Parque Industrial de Vinhedo-SP ganhou mais uma f\u00e1brica.&hellip;","_links":{"self":[{"href":"https:\/\/construcaocivil.siriusmarketingedesign.com.br\/index.php?rest_route=\/wp\/v2\/posts\/3154","targetHints":{"allow":["GET"]}}],"collection":[{"href":"https:\/\/construcaocivil.siriusmarketingedesign.com.br\/index.php?rest_route=\/wp\/v2\/posts"}],"about":[{"href":"https:\/\/construcaocivil.siriusmarketingedesign.com.br\/index.php?rest_route=\/wp\/v2\/types\/post"}],"author":[{"embeddable":true,"href":"https:\/\/construcaocivil.siriusmarketingedesign.com.br\/index.php?rest_route=\/wp\/v2\/users\/1"}],"replies":[{"embeddable":true,"href":"https:\/\/construcaocivil.siriusmarketingedesign.com.br\/index.php?rest_route=%2Fwp%2Fv2%2Fcomments&post=3154"}],"version-history":[{"count":0,"href":"https:\/\/construcaocivil.siriusmarketingedesign.com.br\/index.php?rest_route=\/wp\/v2\/posts\/3154\/revisions"}],"wp:attachment":[{"href":"https:\/\/construcaocivil.siriusmarketingedesign.com.br\/index.php?rest_route=%2Fwp%2Fv2%2Fmedia&parent=3154"}],"wp:term":[{"taxonomy":"category","embeddable":true,"href":"https:\/\/construcaocivil.siriusmarketingedesign.com.br\/index.php?rest_route=%2Fwp%2Fv2%2Fcategories&post=3154"},{"taxonomy":"post_tag","embeddable":true,"href":"https:\/\/construcaocivil.siriusmarketingedesign.com.br\/index.php?rest_route=%2Fwp%2Fv2%2Ftags&post=3154"}],"curies":[{"name":"wp","href":"https:\/\/api.w.org\/{rel}","templated":true}]}}