{"id":3163,"date":"2016-08-27T17:42:11","date_gmt":"2016-08-27T17:42:11","guid":{"rendered":"http:\/\/www.jornaldaconstrucaocivil.com.br\/?p=3163"},"modified":"2016-08-27T17:42:11","modified_gmt":"2016-08-27T17:42:11","slug":"knauf-do-brasil-promove-evento-gratuito-para-o-mercado-da-construcao-civil","status":"publish","type":"post","link":"https:\/\/construcaocivil.siriusmarketingedesign.com.br\/?p=3163","title":{"rendered":"Knauf do Brasil promove evento gratuito para o mercado da constru\u00e7\u00e3o civil"},"content":{"rendered":"<p style=\"text-align: center;\"><strong><span style=\"color: #000000;\"><em>\u201cDia do Instalador de Drywall\u201d acontece em 13 de setembro no RJ<\/em><\/span><\/strong><\/p>\n<p>A Knauf do Brasil, multinacional alem\u00e3 refer\u00eancia mundial em sistemas de constru\u00e7\u00e3o a seco (drywall), promove, no dia 13 de setembro, ter\u00e7a-feira, no Rio de Janeiro, o <em>\u201cDia do Instalador de Drywall\u201d<\/em> \u2013 evento gratuito sobre as boas pr\u00e1ticas para instala\u00e7\u00e3o dos sistemas drywall.<\/p>\n<p><a href=\"http:\/\/www.jornaldaconstrucaocivil.com.br\/wp-content\/uploads\/2016\/08\/Foto-Dia-do-Instalador-de-Drywall-Edi\u00e7\u00e3o-RJ-2016.jpg\"><img loading=\"lazy\" decoding=\"async\" class=\"wp-image-3172 alignleft\" src=\"http:\/\/www.jornaldaconstrucaocivil.com.br\/wp-content\/uploads\/2016\/08\/Foto-Dia-do-Instalador-de-Drywall-Edi\u00e7\u00e3o-RJ-2016.jpg\" alt=\"Foto - Dia do Instalador de Drywall - Edi\u00e7\u00e3o RJ 2016\" width=\"391\" height=\"342\" \/><\/a><\/p>\n<p><span style=\"color: #000000;\">O objetivo \u00e9 apresentar, atrav\u00e9s de expositores e brincadeiras, a correta aplica\u00e7\u00e3o dos sistemas e produtos em drywall a todos os profissionais da cadeia produtiva da constru\u00e7\u00e3o civil \u2013 n\u00e3o s\u00f3 os instaladores de drywall, mas tamb\u00e9m marceneiros, pintores, instaladores el\u00e9tricos e hidr\u00e1ulicos, arquitetos, engenheiros, designers de interiores e estudantes.<\/span><\/p>\n<p><span style=\"color: #000000;\">Os participantes ter\u00e3o a chance de conhecer as principais aplica\u00e7\u00f5es dos sistemas em drywall, como tratamento de juntas, fixa\u00e7\u00e3o de carga, aplica\u00e7\u00e3o de revestimentos, instala\u00e7\u00f5es, al\u00e9m de toda linha de produtos Knauf, entre eles as chapas Resistentes \u00e0 Umidade (RU) e Resistentes ao Fogo (RF).<\/span><\/p>\n<p><span style=\"color: #000000;\">O evento contar\u00e1 ainda com minicursos, que abordar\u00e3o temas como metodologia para c\u00e1lculo de consumo de materiais para drywall; fixa\u00e7\u00e3o de carga em drywall; boas pr\u00e1ticas para correta instala\u00e7\u00e3o do material; uso de chapas e acess\u00f3rios corretos para cada aplica\u00e7\u00e3o; tratamento de juntas e pintura em drywall.<\/span><\/p>\n<p><span style=\"color: #000000;\">Al\u00e9m disso, para os participantes que ficarem at\u00e9 o final do evento, ser\u00e3o sorteados alguns brindes exclusivos, entre eles duas m\u00e1quinas de fixa\u00e7\u00e3o Finca Pino <\/span><span style=\"color: #000000;\">para Drywall, cedida pela empresa \u00c2ncora, duas caixas com ferramentas para Drywall, fornecida pela Famastil, e dois equipamentos N\u00edvel a Laser, oferecido pela Fischer. J\u00e1 a Top Team sortear\u00e1 duas vagas para o curso de Drywall Avan\u00e7ado no Rio de Janeiro.<\/span><\/p>\n<p><span style=\"color: #000000;\">O evento acontecer\u00e1 no dia 13 de setembro, ter\u00e7a-feira, das 10h \u00e0s 19h, no Lapa 40 Graus, que fica na\u00a0Rua do Riachuelo, 97, no Centro do Rio de Janeiro. A participa\u00e7\u00e3o \u00e9 gratuita, mas a Knauf estar\u00e1 aceitando a doa\u00e7\u00e3o de 1 kg de alimento n\u00e3o perec\u00edvel. Os alimentos arrecadados ser\u00e3o doados \u00e0\u00a0Casa de Apoio \u00e0 Crian\u00e7a com C\u00e2ncer de Santa Teresa (CACCST). <\/span><\/p>\n<p><span style=\"color: #000000;\">As inscri\u00e7\u00f5es devem ser feitas atrav\u00e9s do site:<\/span><span style=\"color: #0000ff;\"> <a style=\"color: #0000ff;\" href=\"http:\/\/www.knauf.com.br\/diadoinstalador\">www.knauf.com.br\/diadoinstalador<\/a>.<\/span><\/p>\n<p><span style=\"color: #000000;\"><u>Servi\u00e7o:<\/u><\/span><\/p>\n<p><span style=\"color: #000000;\">\u00a0<strong>Dia do Instalador de Drywall<\/strong><\/span><\/p>\n<p><span style=\"color: #000000;\"><strong>\u00a0Hor\u00e1rio:<\/strong>\u00a0das 10h \u00e0s 19h<\/span><\/p>\n<p><span style=\"color: #000000;\"><strong>Local:<\/strong>\u00a0Lapa 40 Graus &#8211;\u00a0Rua Riachuelo, 97, no Centro, no Rio de Janeiro<\/span><\/p>\n<p><span style=\"color: #000000;\"><strong>Inscri\u00e7\u00f5es:<span style=\"color: #0000ff;\">\u00a0<\/span><\/strong><span style=\"color: #0000ff;\"><a style=\"color: #0000ff;\" href=\"http:\/\/www.knauf.com.br\/diadoinstalador\">www.knauf.com.br\/diadoinstalador<\/a><\/span><\/span><\/p>\n<p><span style=\"color: #000000;\">Evento gratuito. A\u00a0Knauf estar\u00e1 aceitando a doa\u00e7\u00e3o de 1 kg de alimento n\u00e3o perec\u00edvel.<\/span><\/p>\n<p>&nbsp;<\/p>\n<p><u>\u00a0<\/u><\/p>\n<p><u>Servi\u00e7o:<\/u><\/p>\n<p><strong>Dia do Instalador de Drywall<\/strong><\/p>\n<p><strong>\u00a0Hor\u00e1rio:<\/strong>\u00a0das 10h \u00e0s 19h<\/p>\n<p><strong>Local:<\/strong>\u00a0Lapa 40 Graus &#8211;\u00a0Rua Riachuelo, 97, no Centro, no Rio de Janeiro<\/p>\n<p><strong>Inscri\u00e7\u00f5es:\u00a0<\/strong><a href=\"http:\/\/www.knauf.com.br\/diadoinstalador\">www.knauf.com.br\/diadoinstalador<\/a><\/p>\n<p>Evento gratuito. A\u00a0Knauf estar\u00e1 aceitando a doa\u00e7\u00e3o de 1 kg de alimento n\u00e3o perec\u00edvel.<\/p>\n<p>&nbsp;<\/p>\n","protected":false},"excerpt":{"rendered":"<p>\u201cDia do Instalador de Drywall\u201d acontece em 13 de setembro no RJ A Knauf do Brasil, multinacional alem\u00e3 refer\u00eancia mundial em sistemas de constru\u00e7\u00e3o a seco (drywall), promove, no dia 13 de setembro, ter\u00e7a-feira, no Rio de Janeiro, o \u201cDia do Instalador de Drywall\u201d \u2013 evento gratuito sobre as boas pr\u00e1ticas para instala\u00e7\u00e3o dos sistemas [&hellip;]<\/p>\n","protected":false},"author":1,"featured_media":3172,"comment_status":"open","ping_status":"open","sticky":false,"template":"","format":"standard","meta":{"_uag_custom_page_level_css":"","footnotes":""},"categories":[27],"tags":[3272,3610,4974,5438,5606,6635,10375,11384],"class_list":["post-3163","post","type-post","status-publish","format-standard","has-post-thumbnail","hentry","category-acontece","tag-curso","tag-dia-do-instalador-de-drywall","tag-ferramentas","tag-gesso","tag-gratuito","tag-knauf-do-brasil","tag-rio-de-janeiro","tag-sorteios-de-maquinas-e-equipamentos"],"blocksy_meta":[],"spectra_blocks_featured_image_url":[],"spectra_blocks_author_info":{"display_name":"Jornal da Constru\u00e7\u00e3o Civil","avatar_url":"https:\/\/secure.gravatar.com\/avatar\/973c9774fd44ddaceb026973c4962faa70fc512bc4c9da68e8ebb40fecee6540?s=96&d=mm&r=g","author_link":"https:\/\/construcaocivil.siriusmarketingedesign.com.br\/?author=1","description":"Desde de 2013, levando muitas informa\u00e7\u00f5es, lan\u00e7amentos e produtos de qualidade para toda cadeia produtiva da constru\u00e7\u00e3o. O Futuro da constru\u00e7\u00e3o passa por aqui,"},"uagb_featured_image_src":{"full":false,"thumbnail":false,"medium":false,"medium_large":false,"large":false,"1536x1536":false,"2048x2048":false},"uagb_author_info":{"display_name":"Jornal da Constru\u00e7\u00e3o Civil","author_link":"https:\/\/construcaocivil.siriusmarketingedesign.com.br\/?author=1"},"uagb_comment_info":0,"uagb_excerpt":"\u201cDia do Instalador de Drywall\u201d acontece em 13 de setembro no RJ A Knauf do Brasil, multinacional alem\u00e3 refer\u00eancia mundial em sistemas de constru\u00e7\u00e3o a seco (drywall), promove, no dia 13 de setembro, ter\u00e7a-feira, no Rio de Janeiro, o \u201cDia do Instalador de Drywall\u201d \u2013 evento gratuito sobre as boas pr\u00e1ticas para instala\u00e7\u00e3o dos sistemas&hellip;","_links":{"self":[{"href":"https:\/\/construcaocivil.siriusmarketingedesign.com.br\/index.php?rest_route=\/wp\/v2\/posts\/3163","targetHints":{"allow":["GET"]}}],"collection":[{"href":"https:\/\/construcaocivil.siriusmarketingedesign.com.br\/index.php?rest_route=\/wp\/v2\/posts"}],"about":[{"href":"https:\/\/construcaocivil.siriusmarketingedesign.com.br\/index.php?rest_route=\/wp\/v2\/types\/post"}],"author":[{"embeddable":true,"href":"https:\/\/construcaocivil.siriusmarketingedesign.com.br\/index.php?rest_route=\/wp\/v2\/users\/1"}],"replies":[{"embeddable":true,"href":"https:\/\/construcaocivil.siriusmarketingedesign.com.br\/index.php?rest_route=%2Fwp%2Fv2%2Fcomments&post=3163"}],"version-history":[{"count":0,"href":"https:\/\/construcaocivil.siriusmarketingedesign.com.br\/index.php?rest_route=\/wp\/v2\/posts\/3163\/revisions"}],"wp:attachment":[{"href":"https:\/\/construcaocivil.siriusmarketingedesign.com.br\/index.php?rest_route=%2Fwp%2Fv2%2Fmedia&parent=3163"}],"wp:term":[{"taxonomy":"category","embeddable":true,"href":"https:\/\/construcaocivil.siriusmarketingedesign.com.br\/index.php?rest_route=%2Fwp%2Fv2%2Fcategories&post=3163"},{"taxonomy":"post_tag","embeddable":true,"href":"https:\/\/construcaocivil.siriusmarketingedesign.com.br\/index.php?rest_route=%2Fwp%2Fv2%2Ftags&post=3163"}],"curies":[{"name":"wp","href":"https:\/\/api.w.org\/{rel}","templated":true}]}}