{"id":3165,"date":"2016-08-27T18:04:13","date_gmt":"2016-08-27T18:04:13","guid":{"rendered":"http:\/\/www.jornaldaconstrucaocivil.com.br\/?p=3165"},"modified":"2016-08-27T18:04:13","modified_gmt":"2016-08-27T18:04:13","slug":"dncs2016-atrai-grande-publico-e-reune-85-servicos-em-sao-luis-ma","status":"publish","type":"post","link":"https:\/\/construcaocivil.siriusmarketingedesign.com.br\/?p=3165","title":{"rendered":"#DNCS2016 atrai grande p\u00fablico e re\u00fane 85 servi\u00e7os em S\u00e3o Lu\u00eds-MA"},"content":{"rendered":"<p><span style=\"color: #ff0000;\">Cidadania<\/span><\/p>\n<p><span style=\"color: #000000;\">A 10\u00aa edi\u00e7\u00e3o do Dia Nacional da Constru\u00e7\u00e3o Social (DNCS) em S\u00e3o Lu\u00eds (MA) foi uma grande festa entre trabalhadores e seus familiares e empres\u00e1rios da constru\u00e7\u00e3o civil. O evento atraiu pela manh\u00e3 cerca de 650 trabalhadores e teve a ades\u00e3o de 350 volunt\u00e1rios, que, por meio da presta\u00e7\u00e3o de servi\u00e7os, doaram um pouco dos seus talentos profissionais nas \u00e1reas de sa\u00fade (consultas, exames e odontologia), educa\u00e7\u00e3o, cidadania, est\u00e9tica, qualifica\u00e7\u00e3o profissional, cultura, lazer e outros. At\u00e9 o meio-dia, foram realizados 4.673 atendimentos.<\/span><\/p>\n<figure id=\"attachment_3166\" aria-describedby=\"caption-attachment-3166\" style=\"width: 465px\" class=\"wp-caption alignleft\"><a href=\"http:\/\/www.jornaldaconstrucaocivil.com.br\/wp-content\/uploads\/2016\/08\/871dca36-1f8e-4dcf-a8b6-aa83561109ca.jpg\"><img loading=\"lazy\" decoding=\"async\" class=\"wp-image-3166\" src=\"http:\/\/www.jornaldaconstrucaocivil.com.br\/wp-content\/uploads\/2016\/08\/871dca36-1f8e-4dcf-a8b6-aa83561109ca.jpg\" alt=\"871dca36-1f8e-4dcf-a8b6-aa83561109ca\" width=\"465\" height=\"310\" \/><\/a><figcaption id=\"caption-attachment-3166\" class=\"wp-caption-text\"><strong><span style=\"color: #993300;\">Atendimentos Odontol\u00f3gicos, no Dia Nacional da Constru\u00e7\u00e3o Social(DNCS), em S\u00e3o Luis-MA. <span style=\"color: #000000;\">Cr\u00e9ditos:CBIC<\/span><\/span><\/strong><\/figcaption><\/figure>\n<p><span style=\"color: #000000;\">A capital maranhense foi uma das 32 cidades a realizar a a\u00e7\u00e3o social, promovida nacionalmente pela C\u00e2mara Brasileira da Ind\u00fastria da Constru\u00e7\u00e3o Civil (CBIC), por meio do F\u00f3rum de A\u00e7\u00e3o Social e Cidadania (FASC) e o Sesi Nacional, com apoio do Seconci Brasil. Em S\u00e3o Lu\u00eds, a a\u00e7\u00e3o foi promovida pelo Sindicato das Ind\u00fastrias da Constru\u00e7\u00e3o Civil (Sinduscon-MA), Sistema Fiema, por meio do Sesi-MA e Senai-MA, e v\u00e1rios parceiros. O tema deste ano foi<strong> \u201cValores Constroem\u201d<\/strong>.<\/span><\/p>\n<p><span style=\"color: #000000;\">Oitenta e cinco servi\u00e7os foram oferecidos aos trabalhadores no DNCS 2016 em S\u00e3o Lu\u00eds. Al\u00e9m do atendimento ao p\u00fablico, durante o evento, foi lan\u00e7ado oficialmente o Servi\u00e7o Social da Ind\u00fastria da Constru\u00e7\u00e3o Civil do Maranh\u00e3o (Seconci-MA), por meio do qual ser\u00e3o prestados servi\u00e7os nas \u00e1reas de Medicina Ocupacional e seguran\u00e7a do trabalho para as empresas associadas e seus colaboradores. A cerim\u00f4nia de abertura teve a participa\u00e7\u00e3o da Banda da Pol\u00edcia Militar e b\u00ean\u00e7\u00e3os do padre Heitor Morais e do pastor Edmilson Pires.<\/span><\/p>\n<p><span style=\"color: #000000;\">De acordo com o presidente do Sinduscon-MA, F\u00e1bio Nahuz, o Dia Nacional da Constru\u00e7\u00e3o Social mais uma vez cumpre seu objetivo de colaborar para a melhoria da sa\u00fade e da qualidade de vida dos trabalhadores e seus familiares. \u201cEste ano, temos como novidade para o segmento maranhense, a cria\u00e7\u00e3o do Seconci-MA, que vem contribuir ainda mais para a presta\u00e7\u00e3o de servi\u00e7os \u00e1s empresas e aos trabalhadores. \u00c9 mais uma a\u00e7\u00e3o importante que implantamos em prol do crescimento do segmento\u201d, afirmou.<\/span><\/p>\n<p><span style=\"color: #000000;\">Al\u00e9m de F\u00e1bio Nahuz, a solenidade e abertura contou com a presen\u00e7a do vice-presidente do Sinduscon-MA, Edmilson Pires; do vice-presidente da Fiema, Jos\u00e9 Orlando Soares Leite, representando o presidente da entidade, Edilson Baldez; da ju\u00edza Luzia Madeiro Neponucena, representando o Tribunal de Justi\u00e7a do Maranh\u00e3o; da secret\u00e1ria de Estado das Cidades e Desenvolvimento Urbano, Fl\u00e1via Alexandrina, representando o Governo do Estado; do secret\u00e1rio municipal de Habita\u00e7\u00e3o e Urbanismo, Diogo Lima, representando a Prefeitura de S\u00e3o Lu\u00eds; do superintendente do Instituto Evaudo Lodi e diretor regional do Senai-MA, Marco Moura; da superintendente do Sesi-MA, Roseli Ramos; do superintendente geral da Fiema, Albertino Leal; dirigentes de empresas e \u00f3rg\u00e3os parceiros, como Dorgival Pereira, diretor de Rela\u00e7\u00f5es Institucionais da Vale; do reitor da Universidade Ceuma, Saulo Martins; empres\u00e1rios e trabalhadores e seus familiares.<\/span><\/p>\n<p><span style=\"color: #000000;\">Para o empres\u00e1rio Iran Vidal o DNCS \u00e9 importante para o segmento, pois demonstra a preocupa\u00e7\u00e3o do empresariado com a sa\u00fade e qualidade de vida dos trabalhadores. \u201cNeste momento tamb\u00e9m, n\u00f3s nos unimos mais e fazemos uma grande festa de confraterniza\u00e7\u00e3o\u201d, disse.<\/span><\/p>\n<p><span style=\"color: #000000;\">Na opini\u00e3o de volunt\u00e1rios, o Dia Nacional de A\u00e7\u00e3o Social \u00e9 uma oportunidade de compartilhar conhecimento e doar o que sabem ao pr\u00f3ximo. \u201cA gente passa a maior parte do tempo na teoria e em a\u00e7\u00f5es sociais podemos praticar o que aprendemos. Al\u00e9m disso, podemos ajudar pessoas carentes, que necessitam tanto de servi\u00e7os em \u00e1reas como sa\u00fade\u201d, disse Maria Livismar Mendes Gomes, volunt\u00e1ria da \u00e1rea de est\u00e9tica.<\/span><\/p>\n<p><span style=\"color: #000000;\">A professora universit\u00e1ria Jos\u00eania Costa Ribeiro Levi sempre participa como volunt\u00e1ria no DNCS e afirmou que esse tipo de atividade funciona tanto como aprendizado profissional quanto para disseminar a import\u00e2ncia de ajudar as pessoas carentes. \u201c\u00c9 uma troca. N\u00f3s oferecemos nosso conhecimento e a comunidade nos permite aprender o quanto o trabalho volunt\u00e1rio nos fortalece e enriquece, tornando-nos mais humanos por meio da conviv\u00eancia social\u201d, avaliou.<\/span><\/p>\n<p><span style=\"color: #003300;\">Fonte: Boletim CBIC<\/span><\/p>\n","protected":false},"excerpt":{"rendered":"<p>Cidadania A 10\u00aa edi\u00e7\u00e3o do Dia Nacional da Constru\u00e7\u00e3o Social (DNCS) em S\u00e3o Lu\u00eds (MA) foi uma grande festa entre trabalhadores e seus familiares e empres\u00e1rios da constru\u00e7\u00e3o civil. O evento atraiu pela manh\u00e3 cerca de 650 trabalhadores e teve a ades\u00e3o de 350 volunt\u00e1rios, que, por meio da presta\u00e7\u00e3o de servi\u00e7os, doaram um pouco [&hellip;]<\/p>\n","protected":false},"author":1,"featured_media":3166,"comment_status":"open","ping_status":"open","sticky":false,"template":"","format":"standard","meta":{"_uag_custom_page_level_css":"","footnotes":""},"categories":[27],"tags":[364,2029,2244,3626,8144,10664,10693,10890,10965,11844],"class_list":["post-3165","post","type-post","status-publish","format-standard","has-post-thumbnail","hentry","category-acontece","tag-acao-social","tag-cbic","tag-cidadania","tag-dia-nacional-da-construcao-social-dncs","tag-nordeste","tag-sao-luis-ma","tag-saude","tag-senai-ma","tag-sesi-nacional","tag-trabalhadores"],"blocksy_meta":[],"spectra_blocks_featured_image_url":[],"spectra_blocks_author_info":{"display_name":"Jornal da Constru\u00e7\u00e3o Civil","avatar_url":"https:\/\/secure.gravatar.com\/avatar\/973c9774fd44ddaceb026973c4962faa70fc512bc4c9da68e8ebb40fecee6540?s=96&d=mm&r=g","author_link":"https:\/\/construcaocivil.siriusmarketingedesign.com.br\/?author=1","description":"Desde de 2013, levando muitas informa\u00e7\u00f5es, lan\u00e7amentos e produtos de qualidade para toda cadeia produtiva da constru\u00e7\u00e3o. O Futuro da constru\u00e7\u00e3o passa por aqui,"},"uagb_featured_image_src":{"full":false,"thumbnail":false,"medium":false,"medium_large":false,"large":false,"1536x1536":false,"2048x2048":false},"uagb_author_info":{"display_name":"Jornal da Constru\u00e7\u00e3o Civil","author_link":"https:\/\/construcaocivil.siriusmarketingedesign.com.br\/?author=1"},"uagb_comment_info":0,"uagb_excerpt":"Cidadania A 10\u00aa edi\u00e7\u00e3o do Dia Nacional da Constru\u00e7\u00e3o Social (DNCS) em S\u00e3o Lu\u00eds (MA) foi uma grande festa entre trabalhadores e seus familiares e empres\u00e1rios da constru\u00e7\u00e3o civil. O evento atraiu pela manh\u00e3 cerca de 650 trabalhadores e teve a ades\u00e3o de 350 volunt\u00e1rios, que, por meio da presta\u00e7\u00e3o de servi\u00e7os, doaram um pouco&hellip;","_links":{"self":[{"href":"https:\/\/construcaocivil.siriusmarketingedesign.com.br\/index.php?rest_route=\/wp\/v2\/posts\/3165","targetHints":{"allow":["GET"]}}],"collection":[{"href":"https:\/\/construcaocivil.siriusmarketingedesign.com.br\/index.php?rest_route=\/wp\/v2\/posts"}],"about":[{"href":"https:\/\/construcaocivil.siriusmarketingedesign.com.br\/index.php?rest_route=\/wp\/v2\/types\/post"}],"author":[{"embeddable":true,"href":"https:\/\/construcaocivil.siriusmarketingedesign.com.br\/index.php?rest_route=\/wp\/v2\/users\/1"}],"replies":[{"embeddable":true,"href":"https:\/\/construcaocivil.siriusmarketingedesign.com.br\/index.php?rest_route=%2Fwp%2Fv2%2Fcomments&post=3165"}],"version-history":[{"count":0,"href":"https:\/\/construcaocivil.siriusmarketingedesign.com.br\/index.php?rest_route=\/wp\/v2\/posts\/3165\/revisions"}],"wp:attachment":[{"href":"https:\/\/construcaocivil.siriusmarketingedesign.com.br\/index.php?rest_route=%2Fwp%2Fv2%2Fmedia&parent=3165"}],"wp:term":[{"taxonomy":"category","embeddable":true,"href":"https:\/\/construcaocivil.siriusmarketingedesign.com.br\/index.php?rest_route=%2Fwp%2Fv2%2Fcategories&post=3165"},{"taxonomy":"post_tag","embeddable":true,"href":"https:\/\/construcaocivil.siriusmarketingedesign.com.br\/index.php?rest_route=%2Fwp%2Fv2%2Ftags&post=3165"}],"curies":[{"name":"wp","href":"https:\/\/api.w.org\/{rel}","templated":true}]}}