{"id":3179,"date":"2016-08-29T22:36:49","date_gmt":"2016-08-29T22:36:49","guid":{"rendered":"http:\/\/www.jornaldaconstrucaocivil.com.br\/?p=3179"},"modified":"2016-08-29T22:36:49","modified_gmt":"2016-08-29T22:36:49","slug":"valoresconstroem-setor-da-construcao-comemora-dia-nacional-da-construcao-social-com-trabalhadores-e-familiares","status":"publish","type":"post","link":"https:\/\/construcaocivil.siriusmarketingedesign.com.br\/?p=3179","title":{"rendered":"#ValoresConstroem: Setor da constru\u00e7\u00e3o comemora Dia Nacional da Constru\u00e7\u00e3o Social com trabalhadores e familiares"},"content":{"rendered":"<p><span style=\"color: #ff0000;\">Cidadania\u00a0<\/span><\/p>\n<p><span style=\"color: #000000;\">S\u00e1bado (27\/08) foi um dia especial para a Ind\u00fastria da Constru\u00e7\u00e3o. Em 32 localidades do Pa\u00eds, o setor da constru\u00e7\u00e3o teve a oportunidade de oferecer aos seus trabalhadores e familiares um dia exclusivo de servi\u00e7os gratuitos em sa\u00fade, lazer e cidadania, dentro do Dia Nacional da Constru\u00e7\u00e3o Social (DNCS).<em> \u201cO Dia Nacional da Constru\u00e7\u00e3o Social \u00e9 uma alegria para n\u00f3s empres\u00e1rios e tamb\u00e9m para os trabalhadores do nosso setor. \u00c9 um dia para confraternizar e comemorar, em fam\u00edlia, as conquistas do trabalho realizado ao longo dos meses\u201d<\/em>, destaca o presidente da C\u00e2mara Brasileira da Ind\u00fastria da Constru\u00e7\u00e3o (CBIC), Jos\u00e9 Carlos Martins.<\/span><\/p>\n<figure id=\"attachment_3180\" aria-describedby=\"caption-attachment-3180\" style=\"width: 321px\" class=\"wp-caption alignleft\"><a href=\"http:\/\/www.jornaldaconstrucaocivil.com.br\/wp-content\/uploads\/2016\/08\/CBIC.jpg\"><img loading=\"lazy\" decoding=\"async\" class=\"wp-image-3180\" src=\"http:\/\/www.jornaldaconstrucaocivil.com.br\/wp-content\/uploads\/2016\/08\/CBIC-1024x683.jpg\" alt=\"CBIC\" width=\"321\" height=\"214\" \/><\/a><figcaption id=\"caption-attachment-3180\" class=\"wp-caption-text\"><span style=\"color: #993300;\">Cr\u00e9dito: Divulga\u00e7\u00e3o Sinduscon-Rio<\/span><\/figcaption><\/figure>\n<p>At\u00e9 o momento, os n\u00fameros indicam quem a a\u00e7\u00e3o social contou com o apoio de 943 parceiros e 6.466 volunt\u00e1rios. Os n\u00fameros finais ser\u00e3o conhecidos nos pr\u00f3ximos dias e divulgados no CBIC Mais.<\/p>\n<p>Para a presidente do F\u00f3rum de A\u00e7\u00e3o Social e Cidadania (Fasc) da CBIC, Ana Claudia Gomes, apesar da grave crise pela qual atravessa o pa\u00eds e mais particularmente a ind\u00fastria da constru\u00e7\u00e3o,\u00a0 os empres\u00e1rios de todo o Brasil n\u00e3o se deixaram abater e superaram ainda mais dificuldades para garantir a edi\u00e7\u00e3o de 2016 deste, que hoje j\u00e1 e o maior evento de Responsabilidade Social da Ind\u00fastria da Constru\u00e7\u00e3o Brasileira.<em> \u201cUm dia em que toda a Ind\u00fastria da constru\u00e7\u00e3o se mobiliza para atender a uma s\u00e9rie de demandas do ativo mais importante de qualquer empresa: seus trabalhadores\u201d, destaca.<\/em><\/p>\n<p><span style=\"color: #000000;\">Promovido pela CBIC, por meio do seu F\u00f3rum de A\u00e7\u00e3o Social e Cidadania (Fasc), e do SESI Nacional, com apoio especial do Seconci Brasil, o DNCS \u00e9 uma a\u00e7\u00e3o social do setor destinada \u00e0 promo\u00e7\u00e3o do conceito de responsabilidade social empresarial. Neste ano, o DNCS teve como tema #Valores Constroem, onde buscou resgatar conceitos indispens\u00e1veis para a conviv\u00eancia em sociedade, reafirmando valores como respeito, \u00e9tica, fam\u00edlia, sa\u00fade, solidariedade, respeito, amizade, educa\u00e7\u00e3o, vida saud\u00e1vel e cultura.<\/span><\/p>\n<p><span style=\"color: #0000ff;\">Fonte: Boletim CBIC<\/span><\/p>\n<p>&nbsp;<\/p>\n","protected":false},"excerpt":{"rendered":"<p>Cidadania\u00a0 S\u00e1bado (27\/08) foi um dia especial para a Ind\u00fastria da Constru\u00e7\u00e3o. Em 32 localidades do Pa\u00eds, o setor da constru\u00e7\u00e3o teve a oportunidade de oferecer aos seus trabalhadores e familiares um dia exclusivo de servi\u00e7os gratuitos em sa\u00fade, lazer e cidadania, dentro do Dia Nacional da Constru\u00e7\u00e3o Social (DNCS). \u201cO Dia Nacional da Constru\u00e7\u00e3o [&hellip;]<\/p>\n","protected":false},"author":1,"featured_media":3180,"comment_status":"open","ping_status":"open","sticky":false,"template":"","format":"standard","meta":{"_uag_custom_page_level_css":"","footnotes":""},"categories":[27],"tags":[364,2029,2244,3626,5202,6026,10727],"class_list":["post-3179","post","type-post","status-publish","format-standard","has-post-thumbnail","hentry","category-acontece","tag-acao-social","tag-cbic","tag-cidadania","tag-dia-nacional-da-construcao-social-dncs","tag-forum-de-acao-social-e-cidadania-fasc","tag-industria-da-construcao","tag-seconci-brasil"],"blocksy_meta":[],"spectra_blocks_featured_image_url":[],"spectra_blocks_author_info":{"display_name":"Jornal da Constru\u00e7\u00e3o Civil","avatar_url":"https:\/\/secure.gravatar.com\/avatar\/973c9774fd44ddaceb026973c4962faa70fc512bc4c9da68e8ebb40fecee6540?s=96&d=mm&r=g","author_link":"https:\/\/construcaocivil.siriusmarketingedesign.com.br\/?author=1","description":"Desde de 2013, levando muitas informa\u00e7\u00f5es, lan\u00e7amentos e produtos de qualidade para toda cadeia produtiva da constru\u00e7\u00e3o. O Futuro da constru\u00e7\u00e3o passa por aqui,"},"uagb_featured_image_src":{"full":false,"thumbnail":false,"medium":false,"medium_large":false,"large":false,"1536x1536":false,"2048x2048":false},"uagb_author_info":{"display_name":"Jornal da Constru\u00e7\u00e3o Civil","author_link":"https:\/\/construcaocivil.siriusmarketingedesign.com.br\/?author=1"},"uagb_comment_info":0,"uagb_excerpt":"Cidadania\u00a0 S\u00e1bado (27\/08) foi um dia especial para a Ind\u00fastria da Constru\u00e7\u00e3o. Em 32 localidades do Pa\u00eds, o setor da constru\u00e7\u00e3o teve a oportunidade de oferecer aos seus trabalhadores e familiares um dia exclusivo de servi\u00e7os gratuitos em sa\u00fade, lazer e cidadania, dentro do Dia Nacional da Constru\u00e7\u00e3o Social (DNCS). \u201cO Dia Nacional da Constru\u00e7\u00e3o&hellip;","_links":{"self":[{"href":"https:\/\/construcaocivil.siriusmarketingedesign.com.br\/index.php?rest_route=\/wp\/v2\/posts\/3179","targetHints":{"allow":["GET"]}}],"collection":[{"href":"https:\/\/construcaocivil.siriusmarketingedesign.com.br\/index.php?rest_route=\/wp\/v2\/posts"}],"about":[{"href":"https:\/\/construcaocivil.siriusmarketingedesign.com.br\/index.php?rest_route=\/wp\/v2\/types\/post"}],"author":[{"embeddable":true,"href":"https:\/\/construcaocivil.siriusmarketingedesign.com.br\/index.php?rest_route=\/wp\/v2\/users\/1"}],"replies":[{"embeddable":true,"href":"https:\/\/construcaocivil.siriusmarketingedesign.com.br\/index.php?rest_route=%2Fwp%2Fv2%2Fcomments&post=3179"}],"version-history":[{"count":0,"href":"https:\/\/construcaocivil.siriusmarketingedesign.com.br\/index.php?rest_route=\/wp\/v2\/posts\/3179\/revisions"}],"wp:attachment":[{"href":"https:\/\/construcaocivil.siriusmarketingedesign.com.br\/index.php?rest_route=%2Fwp%2Fv2%2Fmedia&parent=3179"}],"wp:term":[{"taxonomy":"category","embeddable":true,"href":"https:\/\/construcaocivil.siriusmarketingedesign.com.br\/index.php?rest_route=%2Fwp%2Fv2%2Fcategories&post=3179"},{"taxonomy":"post_tag","embeddable":true,"href":"https:\/\/construcaocivil.siriusmarketingedesign.com.br\/index.php?rest_route=%2Fwp%2Fv2%2Ftags&post=3179"}],"curies":[{"name":"wp","href":"https:\/\/api.w.org\/{rel}","templated":true}]}}